{"id":105439,"date":"2025-10-24T11:00:00","date_gmt":"2025-10-24T09:00:00","guid":{"rendered":"https:\/\/www.manquepierda.com\/historiarealbetis\/?p=105439"},"modified":"2025-10-22T10:15:40","modified_gmt":"2025-10-22T08:15:40","slug":"entrevista-antonio-barrios-1971-2","status":"publish","type":"post","link":"https:\/\/www.manquepierda.com\/historiarealbetis\/entrevista-antonio-barrios-1971-2\/","title":{"rendered":"Entrevista Antonio Barrios 1971."},"content":{"rendered":"<div class=\"wp-block-image\">\n<figure class=\"aligncenter size-medium\"><img data-recalc-dims=\"1\" loading=\"lazy\" decoding=\"async\" width=\"396\" height=\"600\" src=\"https:\/\/i0.wp.com\/www.manquepierda.com\/historiarealbetis\/files\/2025\/10\/Antonio-Barrios-10.jpg?resize=396%2C600&#038;ssl=1\" alt=\"\" class=\"wp-image-105440\" srcset=\"https:\/\/i0.wp.com\/www.manquepierda.com\/historiarealbetis\/files\/2025\/10\/Antonio-Barrios-10.jpg?resize=396%2C600&amp;ssl=1 396w, https:\/\/i0.wp.com\/www.manquepierda.com\/historiarealbetis\/files\/2025\/10\/Antonio-Barrios-10.jpg?resize=606%2C920&amp;ssl=1 606w, https:\/\/i0.wp.com\/www.manquepierda.com\/historiarealbetis\/files\/2025\/10\/Antonio-Barrios-10.jpg?w=675&amp;ssl=1 675w\" sizes=\"auto, (max-width: 396px) 100vw, 396px\" \/><\/figure>\n<\/div>\n\n<p>\u00a0<\/p>\n<p>Antonio Barrios ascendi\u00f3 al Betis en 3 ocasiones a la Primera Divisi\u00f3n: en 1958, 1966 y 1971. De las 3 fue en esta \u00faltima ocasi\u00f3n en la que lo hizo de forma m\u00e1s rotunda, dado que el equipo ocup\u00f3 la primera posici\u00f3n de la tabla clasificatoria desde la jornada 15 hasta la \u00faltima, la 38, de forma ininterrumpida.<\/p>\n<p>Sin embargo, el t\u00e9cnico no las ten\u00eda todas consigo de cara a la siguiente campa\u00f1a, pues era consciente de tener un equipo bastante joven y con poca experiencia en la m\u00e1xima categor\u00eda. Todo ello se pone de manifiesto en esta entrevista a cargo del periodista Ricardo R\u00edos publicada en ABC el 21 de julio de 1971, el d\u00eda en que se iniciaban los entrenamientos en el recinto verdiblanco.<\/p>\n<p><span style=\"color: #008000\"><em>Parece que fue ayer cuando los b\u00e9ticos so\u00f1aban con el ascenso. Y ya hoy\u2014r\u00e1pidos pasan los d\u00edas\u2014vuelven a abrirse las puertas del Villamar\u00edn. A las nueve de la ma\u00f1ana, primera cita en el estadio. Comienza el periodo de rodaje. Una nueva temporada en camino.<\/em><\/span><\/p>\n<p><span style=\"color: #008000\"><em>Ayer los jugadores verdiblancos pasaron por secretar\u00eda. Siete ausencias. Una, la de Frigols, conocida de antemano por el vicepresidente del club; cuatro justificadas, Ben\u00edtez, L\u00f3pez, Arana y Cobo, en el servicio militar; dos ausencias por motivos desconocidos, las de Viqueira y Aramburu.<\/em><\/span><\/p>\n<p><span style=\"color: #008000\"><em>Otros dos jugadores de la lista que ayer dimos en estas p\u00e1ginas no estar\u00e1n presentes en Heli\u00f3polis. Torrens y Mellado, que han sido cedidos por una temporada al Logro\u00f1\u00e9s.<\/em><\/span><\/p>\n<p><span style=\"color: #008000\"><em>El Betis, pues, se dispone a afrontar una dif\u00edcil temporada. Con brillantez, trabajo y unidad se logr\u00f3 el ascenso. Ahora, la cara del futuro presenta la l\u00f3gica dificultad que entra\u00f1a volver a Primera Divisi\u00f3n. Y antes de emprender la marcha, el arduo camino de la preparaci\u00f3n bajo el riguroso sol del verano, he ido a charlar, cuando agonizaba la hora de la siesta, con el entrenador de los ascensos, con ese hombre brillantemente unido a la historia del Betis, con Antonio Barrios.<\/em><\/span><\/p>\n<p><span style=\"color: #008000\"><em>Me encontr\u00e9 al preparador verdiblanco haciendo n\u00fameros con los jugadores, meditando con la lista de ellos por delante, preparando el plan de trabajo. Aire acondicionado para paliar el calor. Bebida refrescante contra la sed de la charla. No quiso hablar de la temporada pasada.<\/em><\/span><\/p>\n<p><span style=\"color: #008000\"><em>&#8211; Ya pas\u00f3, se hizo una buena labor de conjunto y se consigui\u00f3 el objetivo. \u00bfProblemas?&#8230; S\u00ed, claro que los hubo, la cortedad de la plantilla, las lesiones y otros que se ventilaron a base del trabajo diario, en el que los jugadores, con su entrega, colaboraron fundamentalmente<\/em><\/span><\/p>\n<p><span style=\"color: #008000\"><em>&#8211; Ahora Primera Divisi\u00f3n, mejores equipos, mayor responsabilidad\u2026<\/em><\/span><\/p>\n<p><span style=\"color: #008000\"><em>&#8211; La Primera requerir\u00e1 una plantilla de jugadores acorde con las circunstancias<\/em><\/span><\/p>\n<p><span style=\"color: #008000\"><em>&#8211; \u00bfLos del a\u00f1o pasado?<\/em><\/span><\/p>\n<p><span style=\"color: #008000\"><em>&#8211; Entre ellos hay algunos de Primera, no cabe duda; pero tambi\u00e9n hay puestos que no est\u00e1n suficientemente cubiertos. Soy un entrenador que trabajo con la plantilla que me dispone el club. Si los mimbres son buenos se podr\u00e1 hacer una buena cesta. Realizaremos una labor paulatina, porque de los convocados hay muchos que no conozco. Algunos vienen de Tercera Divisi\u00f3n y tendr\u00e1n que dar un paso muy fuerte. Claro, a m\u00ed me gusta trabajar con la juventud, porque ser joven ya es una virtud<\/em><\/span><\/p>\n<p><span style=\"color: #008000\"><em>&#8211; \u00bfNo pidi\u00f3 Barrios refuerzos para esta temporada?<\/em><\/span><\/p>\n<p><span style=\"color: #008000\"><em>&#8211; S\u00ed, los ped\u00ed cuando ya est\u00e1bamos clasificados para el ascenso. Mantuve diversas conversaciones con el presidente y todos est\u00e1bamos de acuerdo en lo que necesit\u00e1bamos<\/em><\/span><\/p>\n<p><span style=\"color: #008000\"><em>&#8211; \u00bfLe preocupa alguna l\u00ednea en especial?<\/em><\/span><\/p>\n<p><span style=\"color: #008000\"><em>&#8211; Me preocupan todas. Pero espero que con los jugadores que tengo logre la eficacia en cada una de ellas. Busco el bloque, el equipo compacto. No obstante, habr\u00e1 que tener paciencia, es dif\u00edcil mirar la clasificaci\u00f3n y a la vez ir haciendo el equipo <\/em><\/span><\/p>\n<p><span style=\"color: #008000\"><em>&#8211; Para comenzar, el calendario se presenta dif\u00edcil, \u00bfno?<\/em><\/span><\/p>\n<p><span style=\"color: #008000\"><em>&#8211; El calendario no nos ha favorecido, aunque yo pienso que en el f\u00fatbol donde se contrasta la potencialidad t\u00e9cnica del equipo es en el campo, en el terreno de juego, no antes\u00a0\u00a0\u00a0 <\/em><\/span><\/p>\n<p><span style=\"color: #008000\"><em>Barrios est\u00e1 sereno. Sabe lo que tiene por delante. La ilusi\u00f3n de los b\u00e9ticos\u2026 Tratamos el tema Areta.<\/em><\/span><\/p>\n<ul>\n<li><span style=\"color: #008000\"><em>La temporada pasada trabaj\u00e9 solo en casi cincuenta partidos. Me iba de viaje con el equipo y otros jugadores quedaban sin atenci\u00f3n, solos, sin entrenamientos. Adem\u00e1s, en Primera, casi todos los equipos tienen entrenador ayudante, un par de ojeadores, m\u00e9dico y masajista. Esto del f\u00fatbol no es labor de uno. Es el equipo el que tiene que trabajar. Areta ser\u00e1 mi directo colaborador<\/em><\/span><\/li>\n<li><span style=\"color: #008000\"><em>\u00bfPlan de trabajo?<\/em><\/span><\/li>\n<li><span style=\"color: #008000\"><em>Dividir\u00e9 los entrenamientos en dos grupos de jugadores, con el fin de ir vi\u00e9ndolos, con detalle, a todos. Y tendremos sesiones de ma\u00f1ana y tarde. No podemos entrenar en el Villamar\u00edn por ahora, as\u00ed que iremos a otro campo hasta que podamos volver al nuestro. Pretendo mantener en cada l\u00ednea un jugador de oficio, que conozca la Primera Divisi\u00f3n, e ir acoplando a los j\u00f3venes. Y por supuesto, lucharemos contra el calor tambi\u00e9n<\/em><\/span><\/li>\n<li><span style=\"color: #008000\"><em>El Colombino como dif\u00edcil piedra de toque<\/em><\/span><\/li>\n<li><span style=\"color: #008000\"><em>Al Colombino van este a\u00f1o equipos potent\u00edsimos, todo el mundo lo sabe; eso nos servir\u00e1 de experiencia y de estudio<\/em><\/span><\/li>\n<li><span style=\"color: #008000\"><em>\u00bfQu\u00e9 referencia tiene de los nuevos jugadores?<\/em><\/span><\/li>\n<li><span style=\"color: #008000\"><em>Todos son j\u00f3venes, jugadores para hacer<\/em><\/span><\/li>\n<li><span style=\"color: #008000\"><em>\u00bfCu\u00e1l es la meta del Betis, Barrios?<\/em><\/span><\/li>\n<li><span style=\"color: #008000\"><em> El primer a\u00f1o despu\u00e9s del ascenso es el m\u00e1s dif\u00edcil, el m\u00e1s delicado. Luego, una vez consolidados, aspiraremos a m\u00e1s. La primera vez que ascend\u00ed al Betis a la Divisi\u00f3n de Honor conseguimos aquella temporada ser el equipo revelaci\u00f3n. Ojal\u00e1 este a\u00f1o\u2026<\/em><\/span><\/li>\n<\/ul>\n<p><span style=\"color: #008000\"><em>Un prestigio ganado por trabajo y conocimiento. Tres ascensos en el Betis. Lo m\u00e1s f\u00e1cil quiz\u00e1s hubiese sido el adi\u00f3s. Pero \u201cEl tito Antonio\u201d no es de los que se asustan, adem\u00e1s:<\/em><\/span><\/p>\n<ul>\n<li><span style=\"color: #008000\"><em>Al Betis me unen unas amistades muy gratas. Al final de temporada pidieron que me quedara y acept\u00e9 por amistad y por esa gran afici\u00f3n b\u00e9tica. Siempre fui a los equipos en los que hab\u00eda que hacer labor, no a un sitio en el que la labor ya estaba hecha; esto es lo normal en mi vida deportiva, y as\u00ed lo acepto<\/em><\/span><\/li>\n<\/ul>\n<p><span style=\"color: #008000\"><em>Hizo un equipo para el ascenso. Ahora \u201cpretende\u201d hacer otro para Primera. L\u00f3gico. Los mimbres\u2026 \u201cTrabajar\u00e9 con la plantilla que me de el club\u201d. \u00c9l sabe\u2014sabe mucho de f\u00fatbol Antonio Barrios\u2014que el trabajo es el arma del triunfo. Y va a eso, a lo suyo, a su aire, al trabajo.\u00a0\u00a0 <\/em><\/span><\/p>\n<p>\u00a0<\/p>","protected":false},"excerpt":{"rendered":"<p>\u00a0 Antonio Barrios ascendi\u00f3 al Betis en 3 ocasiones a la Primera Divisi\u00f3n: en 1958, 1966 y 1971. De las 3 fue en esta \u00faltima ocasi\u00f3n en la que lo hizo de forma m\u00e1s rotunda, dado que el equipo ocup\u00f3 la primera posici\u00f3n de la tabla clasificatoria desde la jornada 15 hasta la \u00faltima, la&#8230;<\/p>\n","protected":false},"author":5,"featured_media":105440,"comment_status":"open","ping_status":"open","sticky":false,"template":"","format":"standard","meta":{"_kad_post_transparent":"","_kad_post_title":"","_kad_post_layout":"","_kad_post_sidebar_id":"","_kad_post_content_style":"","_kad_post_vertical_padding":"","_kad_post_feature":"","_kad_post_feature_position":"","_kad_post_header":false,"_kad_post_footer":false,"_kad_post_classname":"","_jetpack_memberships_contains_paid_content":false,"footnotes":"","jetpack_publicize_message":"","jetpack_publicize_feature_enabled":true,"jetpack_social_post_already_shared":true,"jetpack_social_options":{"image_generator_settings":{"template":"highway","default_image_id":0,"font":"","enabled":false},"version":2}},"categories":[903,892,1],"tags":[2239,2317,1249,10430],"class_list":["post-105439","post","type-post","status-publish","format-standard","has-post-thumbnail","hentry","category-1970-1979","category-entrenadores-temas","category-portada","tag-2239","tag-1971-72","tag-antonio-barrios","tag-ricardo-rios"],"jetpack_publicize_connections":[],"jetpack_featured_media_url":"https:\/\/i0.wp.com\/www.manquepierda.com\/historiarealbetis\/files\/2025\/10\/Antonio-Barrios-10.jpg?fit=675%2C1024&ssl=1","jetpack_sharing_enabled":true,"jetpack_shortlink":"https:\/\/wp.me\/p1ij08-rqD","jetpack-related-posts":[],"_links":{"self":[{"href":"https:\/\/www.manquepierda.com\/historiarealbetis\/wp-json\/wp\/v2\/posts\/105439","targetHints":{"allow":["GET"]}}],"collection":[{"href":"https:\/\/www.manquepierda.com\/historiarealbetis\/wp-json\/wp\/v2\/posts"}],"about":[{"href":"https:\/\/www.manquepierda.com\/historiarealbetis\/wp-json\/wp\/v2\/types\/post"}],"author":[{"embeddable":true,"href":"https:\/\/www.manquepierda.com\/historiarealbetis\/wp-json\/wp\/v2\/users\/5"}],"replies":[{"embeddable":true,"href":"https:\/\/www.manquepierda.com\/historiarealbetis\/wp-json\/wp\/v2\/comments?post=105439"}],"version-history":[{"count":3,"href":"https:\/\/www.manquepierda.com\/historiarealbetis\/wp-json\/wp\/v2\/posts\/105439\/revisions"}],"predecessor-version":[{"id":105443,"href":"https:\/\/www.manquepierda.com\/historiarealbetis\/wp-json\/wp\/v2\/posts\/105439\/revisions\/105443"}],"wp:featuredmedia":[{"embeddable":true,"href":"https:\/\/www.manquepierda.com\/historiarealbetis\/wp-json\/wp\/v2\/media\/105440"}],"wp:attachment":[{"href":"https:\/\/www.manquepierda.com\/historiarealbetis\/wp-json\/wp\/v2\/media?parent=105439"}],"wp:term":[{"taxonomy":"category","embeddable":true,"href":"https:\/\/www.manquepierda.com\/historiarealbetis\/wp-json\/wp\/v2\/categories?post=105439"},{"taxonomy":"post_tag","embeddable":true,"href":"https:\/\/www.manquepierda.com\/historiarealbetis\/wp-json\/wp\/v2\/tags?post=105439"}],"curies":[{"name":"wp","href":"https:\/\/api.w.org\/{rel}","templated":true}]}}