{"id":105592,"date":"2025-12-02T13:00:00","date_gmt":"2025-12-02T12:00:00","guid":{"rendered":"https:\/\/www.manquepierda.com\/historiarealbetis\/?p=105592"},"modified":"2025-11-03T18:28:04","modified_gmt":"2025-11-03T17:28:04","slug":"hoy-hace-10-anos-betis-2-sporting-0-en-copa","status":"publish","type":"post","link":"https:\/\/www.manquepierda.com\/historiarealbetis\/hoy-hace-10-anos-betis-2-sporting-0-en-copa\/","title":{"rendered":"Hoy hace 10 a\u00f1os. Betis 2 Sporting 0 en Copa."},"content":{"rendered":"<div class=\"wp-block-image\">\n<figure class=\"aligncenter size-large\"><img data-recalc-dims=\"1\" loading=\"lazy\" decoding=\"async\" width=\"920\" height=\"517\" src=\"https:\/\/i0.wp.com\/www.manquepierda.com\/historiarealbetis\/files\/2025\/11\/2-2015-Betis-2-Sporting-0.jpg?resize=920%2C517&#038;ssl=1\" alt=\"\" class=\"wp-image-105593\" srcset=\"https:\/\/i0.wp.com\/www.manquepierda.com\/historiarealbetis\/files\/2025\/11\/2-2015-Betis-2-Sporting-0.jpg?resize=920%2C517&amp;ssl=1 920w, https:\/\/i0.wp.com\/www.manquepierda.com\/historiarealbetis\/files\/2025\/11\/2-2015-Betis-2-Sporting-0.jpg?resize=600%2C337&amp;ssl=1 600w, https:\/\/i0.wp.com\/www.manquepierda.com\/historiarealbetis\/files\/2025\/11\/2-2015-Betis-2-Sporting-0.jpg?resize=768%2C432&amp;ssl=1 768w, https:\/\/i0.wp.com\/www.manquepierda.com\/historiarealbetis\/files\/2025\/11\/2-2015-Betis-2-Sporting-0.jpg?w=1050&amp;ssl=1 1050w\" sizes=\"auto, (max-width: 920px) 100vw, 920px\" \/><\/figure>\n<\/div>\n\n<p>\u00a0<\/p>\n<p><span style=\"color: #008000\">El 2 de diciembre de 2015 en el Villamar\u00edn el Betis derrota 2-0 al Sporting de Gij\u00f3n en el partido de ida de los dieciseisavos de final de la Copa.<\/span><\/p>\n<p><span style=\"color: #008000\">En el minuto 47 Vadillo hizo el 1-0, rematando con una volea en el segundo palo un centro pasado de Molinero. En el 92 Vargas marc\u00f3 el 2-0, con un disparo raso ajustado al poste tras una jugada de Kadir.<\/span><\/p>\n<p><span style=\"color: #008000\">El Betis, dirigido por Pepe Mel, jug\u00f3 con Gim\u00e9nez; Molinero, Pezzella, Figueras, Vargas; Xavi Torres, Petros; Portillo, Van der Vaart (62, Molina), Vadillo (57, Kadir\u2019) y Van Wolfswinkel (77, Ceballos).<\/span><\/p>\n<p><span style=\"color: #008000\">El Sporting, entrenado por Abelardo Fern\u00e1ndez, form\u00f3 con Alberto; Lora, Mer\u00e9, Guiti\u00e1n, Men\u00e9ndez; Mascarell, Rachid; Carmona, Pablo P\u00e9rez (60. Guerrero), Juan Mu\u00f1iz (74, Hugo Fraile) y Castro (74, Sanabria).<\/span><\/p>","protected":false},"excerpt":{"rendered":"<p>\u00a0 El 2 de diciembre de 2015 en el Villamar\u00edn el Betis derrota 2-0 al Sporting de Gij\u00f3n en el partido de ida de los dieciseisavos de final de la Copa. En el minuto 47 Vadillo hizo el 1-0, rematando con una volea en el segundo palo un centro pasado de Molinero. En el 92&#8230;<\/p>\n","protected":false},"author":5,"featured_media":105593,"comment_status":"open","ping_status":"open","sticky":false,"template":"","format":"standard","meta":{"_kad_post_transparent":"","_kad_post_title":"","_kad_post_layout":"","_kad_post_sidebar_id":"","_kad_post_content_style":"","_kad_post_vertical_padding":"","_kad_post_feature":"","_kad_post_feature_position":"","_kad_post_header":false,"_kad_post_footer":false,"_kad_post_classname":"","_jetpack_memberships_contains_paid_content":false,"footnotes":"","jetpack_publicize_message":"","jetpack_publicize_feature_enabled":true,"jetpack_social_post_already_shared":true,"jetpack_social_options":{"image_generator_settings":{"template":"highway","default_image_id":0,"font":"","enabled":false},"version":2}},"categories":[15447,14583,1],"tags":[15446,18774,15721],"class_list":["post-105592","post","type-post","status-publish","format-standard","has-post-thumbnail","hentry","category-2010-2019","category-efemerides","category-portada","tag-15446","tag-copa-2015-16","tag-real-sporting-gijon"],"jetpack_publicize_connections":[],"jetpack_featured_media_url":"https:\/\/i0.wp.com\/www.manquepierda.com\/historiarealbetis\/files\/2025\/11\/2-2015-Betis-2-Sporting-0.jpg?fit=1050%2C590&ssl=1","jetpack_sharing_enabled":true,"jetpack_shortlink":"https:\/\/wp.me\/p1ij08-rt6","jetpack-related-posts":[],"_links":{"self":[{"href":"https:\/\/www.manquepierda.com\/historiarealbetis\/wp-json\/wp\/v2\/posts\/105592","targetHints":{"allow":["GET"]}}],"collection":[{"href":"https:\/\/www.manquepierda.com\/historiarealbetis\/wp-json\/wp\/v2\/posts"}],"about":[{"href":"https:\/\/www.manquepierda.com\/historiarealbetis\/wp-json\/wp\/v2\/types\/post"}],"author":[{"embeddable":true,"href":"https:\/\/www.manquepierda.com\/historiarealbetis\/wp-json\/wp\/v2\/users\/5"}],"replies":[{"embeddable":true,"href":"https:\/\/www.manquepierda.com\/historiarealbetis\/wp-json\/wp\/v2\/comments?post=105592"}],"version-history":[{"count":2,"href":"https:\/\/www.manquepierda.com\/historiarealbetis\/wp-json\/wp\/v2\/posts\/105592\/revisions"}],"predecessor-version":[{"id":105595,"href":"https:\/\/www.manquepierda.com\/historiarealbetis\/wp-json\/wp\/v2\/posts\/105592\/revisions\/105595"}],"wp:featuredmedia":[{"embeddable":true,"href":"https:\/\/www.manquepierda.com\/historiarealbetis\/wp-json\/wp\/v2\/media\/105593"}],"wp:attachment":[{"href":"https:\/\/www.manquepierda.com\/historiarealbetis\/wp-json\/wp\/v2\/media?parent=105592"}],"wp:term":[{"taxonomy":"category","embeddable":true,"href":"https:\/\/www.manquepierda.com\/historiarealbetis\/wp-json\/wp\/v2\/categories?post=105592"},{"taxonomy":"post_tag","embeddable":true,"href":"https:\/\/www.manquepierda.com\/historiarealbetis\/wp-json\/wp\/v2\/tags?post=105592"}],"curies":[{"name":"wp","href":"https:\/\/api.w.org\/{rel}","templated":true}]}}