{"id":105648,"date":"2025-12-12T13:00:00","date_gmt":"2025-12-12T12:00:00","guid":{"rendered":"https:\/\/www.manquepierda.com\/historiarealbetis\/?p=105648"},"modified":"2025-11-05T18:20:50","modified_gmt":"2025-11-05T17:20:50","slug":"hoy-hace-10-anos-las-palmas-1-betis-0","status":"publish","type":"post","link":"https:\/\/www.manquepierda.com\/historiarealbetis\/hoy-hace-10-anos-las-palmas-1-betis-0\/","title":{"rendered":"Hoy hace 10 a\u00f1os. Las Palmas 1 Betis 0."},"content":{"rendered":"<div class=\"wp-block-image\">\n<figure class=\"aligncenter size-full\"><img data-recalc-dims=\"1\" loading=\"lazy\" decoding=\"async\" width=\"841\" height=\"590\" src=\"https:\/\/i0.wp.com\/www.manquepierda.com\/historiarealbetis\/files\/2025\/11\/12-2015-Las-Palmas-1-Betis-0.jpg?resize=841%2C590&#038;ssl=1\" alt=\"\" class=\"wp-image-105649\" srcset=\"https:\/\/i0.wp.com\/www.manquepierda.com\/historiarealbetis\/files\/2025\/11\/12-2015-Las-Palmas-1-Betis-0.jpg?w=841&amp;ssl=1 841w, https:\/\/i0.wp.com\/www.manquepierda.com\/historiarealbetis\/files\/2025\/11\/12-2015-Las-Palmas-1-Betis-0.jpg?resize=600%2C421&amp;ssl=1 600w, https:\/\/i0.wp.com\/www.manquepierda.com\/historiarealbetis\/files\/2025\/11\/12-2015-Las-Palmas-1-Betis-0.jpg?resize=768%2C539&amp;ssl=1 768w\" sizes=\"auto, (max-width: 841px) 100vw, 841px\" \/><\/figure>\n<\/div>\n\n<p>\u00a0<\/p>\n<p><span style=\"color: #008000\">El 12 de diciembre de 2015 en el estadio de Gran Canaria la UD las Palmas derrota 1-0 al Betis en partido de la jornada 15 del Campeonato de Liga de Primera Divisi\u00f3n.<\/span><\/p>\n<p><span style=\"color: #008000\">William Jos\u00e9 en el minuto 92 marc\u00f3 el \u00fanico tanto del partido tras controlar un bal\u00f3n en el \u00e1rea y revolverse para batir a Ad\u00e1n.<\/span><\/p>\n<p><span style=\"color: #008000\">La UD Las Palmas, entrenada por Quique Seti\u00e9n, aline\u00f3 a Javi Varas; Sim\u00f3n, Hern\u00e1n, Garrido, Castellano; Vicente G\u00f3mez, Roque Mesa (86, Valer\u00f3n); Momo (70, Nauzet\u2019), Tana (82, William Jos\u00e9), Jonathan Viera y Araujo.<\/span><\/p>\n<p><span style=\"color: #008000\">El Betis, dirigido por Pepe Mel, jug\u00f3 con Ad\u00e1n; Piccini, Westermann, Figueras, Vargas; Joaqu\u00edn (78, Vadillo), Petros, Xavi Torres, Cejudo (91, Van Wolfswinkel); Rub\u00e9n Castro y Jorge Molina (83, Van der Vaart).<\/span><\/p>\n<p>\u00a0<\/p>","protected":false},"excerpt":{"rendered":"<p>\u00a0 El 12 de diciembre de 2015 en el estadio de Gran Canaria la UD las Palmas derrota 1-0 al Betis en partido de la jornada 15 del Campeonato de Liga de Primera Divisi\u00f3n. William Jos\u00e9 en el minuto 92 marc\u00f3 el \u00fanico tanto del partido tras controlar un bal\u00f3n en el \u00e1rea y revolverse&#8230;<\/p>\n","protected":false},"author":5,"featured_media":105649,"comment_status":"open","ping_status":"open","sticky":false,"template":"","format":"standard","meta":{"_kad_post_transparent":"","_kad_post_title":"","_kad_post_layout":"","_kad_post_sidebar_id":"","_kad_post_content_style":"","_kad_post_vertical_padding":"","_kad_post_feature":"","_kad_post_feature_position":"","_kad_post_header":false,"_kad_post_footer":false,"_kad_post_classname":"","_jetpack_memberships_contains_paid_content":false,"footnotes":"","jetpack_publicize_message":"","jetpack_publicize_feature_enabled":true,"jetpack_social_post_already_shared":true,"jetpack_social_options":{"image_generator_settings":{"template":"highway","default_image_id":0,"font":"","enabled":false},"version":2}},"categories":[15447,14583,1],"tags":[15446,17994,1327],"class_list":["post-105648","post","type-post","status-publish","format-standard","has-post-thumbnail","hentry","category-2010-2019","category-efemerides","category-portada","tag-15446","tag-liga-primera-2015-16","tag-ud-las-palmas"],"jetpack_publicize_connections":[],"jetpack_featured_media_url":"https:\/\/i0.wp.com\/www.manquepierda.com\/historiarealbetis\/files\/2025\/11\/12-2015-Las-Palmas-1-Betis-0.jpg?fit=841%2C590&ssl=1","jetpack_sharing_enabled":true,"jetpack_shortlink":"https:\/\/wp.me\/p1ij08-ru0","jetpack-related-posts":[],"_links":{"self":[{"href":"https:\/\/www.manquepierda.com\/historiarealbetis\/wp-json\/wp\/v2\/posts\/105648","targetHints":{"allow":["GET"]}}],"collection":[{"href":"https:\/\/www.manquepierda.com\/historiarealbetis\/wp-json\/wp\/v2\/posts"}],"about":[{"href":"https:\/\/www.manquepierda.com\/historiarealbetis\/wp-json\/wp\/v2\/types\/post"}],"author":[{"embeddable":true,"href":"https:\/\/www.manquepierda.com\/historiarealbetis\/wp-json\/wp\/v2\/users\/5"}],"replies":[{"embeddable":true,"href":"https:\/\/www.manquepierda.com\/historiarealbetis\/wp-json\/wp\/v2\/comments?post=105648"}],"version-history":[{"count":1,"href":"https:\/\/www.manquepierda.com\/historiarealbetis\/wp-json\/wp\/v2\/posts\/105648\/revisions"}],"predecessor-version":[{"id":105650,"href":"https:\/\/www.manquepierda.com\/historiarealbetis\/wp-json\/wp\/v2\/posts\/105648\/revisions\/105650"}],"wp:featuredmedia":[{"embeddable":true,"href":"https:\/\/www.manquepierda.com\/historiarealbetis\/wp-json\/wp\/v2\/media\/105649"}],"wp:attachment":[{"href":"https:\/\/www.manquepierda.com\/historiarealbetis\/wp-json\/wp\/v2\/media?parent=105648"}],"wp:term":[{"taxonomy":"category","embeddable":true,"href":"https:\/\/www.manquepierda.com\/historiarealbetis\/wp-json\/wp\/v2\/categories?post=105648"},{"taxonomy":"post_tag","embeddable":true,"href":"https:\/\/www.manquepierda.com\/historiarealbetis\/wp-json\/wp\/v2\/tags?post=105648"}],"curies":[{"name":"wp","href":"https:\/\/api.w.org\/{rel}","templated":true}]}}