{"id":105690,"date":"2025-11-21T11:00:00","date_gmt":"2025-11-21T10:00:00","guid":{"rendered":"https:\/\/www.manquepierda.com\/historiarealbetis\/?p=105690"},"modified":"2025-11-12T23:10:26","modified_gmt":"2025-11-12T22:10:26","slug":"betis-girona-liga-2019","status":"publish","type":"post","link":"https:\/\/www.manquepierda.com\/historiarealbetis\/betis-girona-liga-2019\/","title":{"rendered":"Betis-Girona Liga 2019."},"content":{"rendered":"<div class=\"wp-block-image\">\n<figure class=\"aligncenter size-full\"><img data-recalc-dims=\"1\" loading=\"lazy\" decoding=\"async\" width=\"723\" height=\"407\" src=\"https:\/\/i0.wp.com\/www.manquepierda.com\/historiarealbetis\/files\/2025\/11\/Betis-Girona-2029-celebracion.jpg?resize=723%2C407&#038;ssl=1\" alt=\"\" class=\"wp-image-105691\" srcset=\"https:\/\/i0.wp.com\/www.manquepierda.com\/historiarealbetis\/files\/2025\/11\/Betis-Girona-2029-celebracion.jpg?w=723&amp;ssl=1 723w, https:\/\/i0.wp.com\/www.manquepierda.com\/historiarealbetis\/files\/2025\/11\/Betis-Girona-2029-celebracion.jpg?resize=680%2C383&amp;ssl=1 680w, https:\/\/i0.wp.com\/www.manquepierda.com\/historiarealbetis\/files\/2025\/11\/Betis-Girona-2029-celebracion.jpg?resize=220%2C124&amp;ssl=1 220w\" sizes=\"auto, (max-width: 723px) 100vw, 723px\" \/><\/figure>\n<\/div>\n\n<p>\u00a0<\/p>\n<p>20 de enero de 2019 en el Villamar\u00edn Betis 3 Girona 2; jornada 20 del Campeonato de Liga de Primera Divisi\u00f3n.<\/p>\n<p>En la imagen los jugadores b\u00e9ticos Sergio Le\u00f3n, Feddal, Lainez, Mandi y Lo Celso felicitan a Canales tras obtener \u00e9ste el tanto definitivo de la victoria b\u00e9tica en el minuto 93, al convertir un penalti cometido sobre Lo Celso.<\/p>\n<p>Tello con un lanzamiento directo de falta en el minuto 12 hizo el 1-0; empat\u00f3 el Girona en el 36 con una buena jugada entre Doumbia y Portu, y remate final de Aleix Garc\u00eda desde el borde del \u00e1rea. En el 44 un error en la salida del bal\u00f3n por parte del Betis la aprovech\u00f3 Doumbia de cabeza para hacer el 1-2. Empat\u00f3 el Betis en el 53 con una gran jugada de Lo Celso y Canales con centro al \u00e1rea y remate de Loren en el interior del \u00e1rea. Y en el 93 un derribo de Douglas sobre Lo Celso en el \u00e1rea, fue el penalti con el que el Betis gan\u00f3 el partido.<\/p>\n<p>Quique Seti\u00e9n entrenaba al Betis y Eusebio Sacrist\u00e1n al Girona.\u00a0 \u00a0\u00a0<\/p>","protected":false},"excerpt":{"rendered":"<p>\u00a0 20 de enero de 2019 en el Villamar\u00edn Betis 3 Girona 2; jornada 20 del Campeonato de Liga de Primera Divisi\u00f3n. En la imagen los jugadores b\u00e9ticos Sergio Le\u00f3n, Feddal, Lainez, Mandi y Lo Celso felicitan a Canales tras obtener \u00e9ste el tanto definitivo de la victoria b\u00e9tica en el minuto 93, al convertir&#8230;<\/p>\n","protected":false},"author":5,"featured_media":105691,"comment_status":"open","ping_status":"open","sticky":false,"template":"","format":"standard","meta":{"_kad_post_transparent":"","_kad_post_title":"","_kad_post_layout":"","_kad_post_sidebar_id":"","_kad_post_content_style":"","_kad_post_vertical_padding":"","_kad_post_feature":"","_kad_post_feature_position":"","_kad_post_header":false,"_kad_post_footer":false,"_kad_post_classname":"","_jetpack_memberships_contains_paid_content":false,"footnotes":"","jetpack_publicize_message":"","jetpack_publicize_feature_enabled":true,"jetpack_social_post_already_shared":true,"jetpack_social_options":{"image_generator_settings":{"template":"highway","default_image_id":0,"font":"","enabled":false},"version":2}},"categories":[15447,1],"tags":[17669,17456,16952,18409,16551,17921,16817,11681,16415],"class_list":["post-105690","post","type-post","status-publish","format-standard","has-post-thumbnail","hentry","category-2010-2019","category-portada","tag-17669","tag-aisa-mandi","tag-diego-lainez","tag-giovani-lo-celso","tag-girona-fc","tag-liga-primera-2018-19","tag-sergio-canales","tag-sergio-leon","tag-zouahir-feddal"],"jetpack_publicize_connections":[],"jetpack_featured_media_url":"https:\/\/i0.wp.com\/www.manquepierda.com\/historiarealbetis\/files\/2025\/11\/Betis-Girona-2029-celebracion.jpg?fit=723%2C407&ssl=1","jetpack_sharing_enabled":true,"jetpack_shortlink":"https:\/\/wp.me\/p1ij08-ruG","jetpack-related-posts":[],"_links":{"self":[{"href":"https:\/\/www.manquepierda.com\/historiarealbetis\/wp-json\/wp\/v2\/posts\/105690","targetHints":{"allow":["GET"]}}],"collection":[{"href":"https:\/\/www.manquepierda.com\/historiarealbetis\/wp-json\/wp\/v2\/posts"}],"about":[{"href":"https:\/\/www.manquepierda.com\/historiarealbetis\/wp-json\/wp\/v2\/types\/post"}],"author":[{"embeddable":true,"href":"https:\/\/www.manquepierda.com\/historiarealbetis\/wp-json\/wp\/v2\/users\/5"}],"replies":[{"embeddable":true,"href":"https:\/\/www.manquepierda.com\/historiarealbetis\/wp-json\/wp\/v2\/comments?post=105690"}],"version-history":[{"count":2,"href":"https:\/\/www.manquepierda.com\/historiarealbetis\/wp-json\/wp\/v2\/posts\/105690\/revisions"}],"predecessor-version":[{"id":105693,"href":"https:\/\/www.manquepierda.com\/historiarealbetis\/wp-json\/wp\/v2\/posts\/105690\/revisions\/105693"}],"wp:featuredmedia":[{"embeddable":true,"href":"https:\/\/www.manquepierda.com\/historiarealbetis\/wp-json\/wp\/v2\/media\/105691"}],"wp:attachment":[{"href":"https:\/\/www.manquepierda.com\/historiarealbetis\/wp-json\/wp\/v2\/media?parent=105690"}],"wp:term":[{"taxonomy":"category","embeddable":true,"href":"https:\/\/www.manquepierda.com\/historiarealbetis\/wp-json\/wp\/v2\/categories?post=105690"},{"taxonomy":"post_tag","embeddable":true,"href":"https:\/\/www.manquepierda.com\/historiarealbetis\/wp-json\/wp\/v2\/tags?post=105690"}],"curies":[{"name":"wp","href":"https:\/\/api.w.org\/{rel}","templated":true}]}}