{"id":105719,"date":"2025-12-15T13:00:00","date_gmt":"2025-12-15T12:00:00","guid":{"rendered":"https:\/\/www.manquepierda.com\/historiarealbetis\/?p=105719"},"modified":"2025-11-13T23:24:13","modified_gmt":"2025-11-13T22:24:13","slug":"hoy-hace-10-anos-sporting-3-betis-3-en-copa","status":"publish","type":"post","link":"https:\/\/www.manquepierda.com\/historiarealbetis\/hoy-hace-10-anos-sporting-3-betis-3-en-copa\/","title":{"rendered":"Hoy hace 10 a\u00f1os. Sporting 3 Betis 3 en Copa."},"content":{"rendered":"<div class=\"wp-block-image\">\n<figure class=\"aligncenter size-full\"><img data-recalc-dims=\"1\" loading=\"lazy\" decoding=\"async\" width=\"852\" height=\"590\" src=\"https:\/\/i0.wp.com\/www.manquepierda.com\/historiarealbetis\/files\/2025\/11\/15-2015-Sporting-3-Betis-3.jpg?resize=852%2C590&#038;ssl=1\" alt=\"\" class=\"wp-image-105720\" srcset=\"https:\/\/i0.wp.com\/www.manquepierda.com\/historiarealbetis\/files\/2025\/11\/15-2015-Sporting-3-Betis-3.jpg?w=852&amp;ssl=1 852w, https:\/\/i0.wp.com\/www.manquepierda.com\/historiarealbetis\/files\/2025\/11\/15-2015-Sporting-3-Betis-3.jpg?resize=680%2C471&amp;ssl=1 680w, https:\/\/i0.wp.com\/www.manquepierda.com\/historiarealbetis\/files\/2025\/11\/15-2015-Sporting-3-Betis-3.jpg?resize=220%2C152&amp;ssl=1 220w, https:\/\/i0.wp.com\/www.manquepierda.com\/historiarealbetis\/files\/2025\/11\/15-2015-Sporting-3-Betis-3.jpg?resize=768%2C532&amp;ssl=1 768w\" sizes=\"auto, (max-width: 852px) 100vw, 852px\" \/><\/figure>\n<\/div>\n\n<p>\u00a0<\/p>\n<p><span style=\"color: #008000;\">El 15 de diciembre de 2015 en El Molin\u00f3n Sporting y Betis empatan a 3 en el partido de vuelta de los dieciseisavos de final de la Copa.<\/span><\/p>\n<p><span style=\"color: #008000;\">En el minuto 14 con un cabezazo de Bernardo el Sporting se adelant\u00f3 en el marcador; en el 18 empat\u00f3 Van Wolfswinkel con un remato dentro del \u00e1rea. En el 48 Halilovic hizo el 2-1 con un disparo desde fuera del \u00e1rea, y en el 71 Halilovic de penalti marc\u00f3 el 3-1. La reacci\u00f3n b\u00e9tica lleg\u00f3 con un gol en el 83 de cabeza de Van Wolfswinkel, y con el empate a 3 en el 86 con un gol de Cejudo.<\/span><\/p>\n<p><span style=\"color: #008000;\">Dado que el Betis hab\u00eda ganado 2-0 en la ida el conjunto verdiblanco pasaba a los octavos de final.<\/span><\/p>\n<p><span style=\"color: #008000;\">El Sporting, entrenado por Abelardo Fern\u00e1ndez, form\u00f3 con Alberto; Luis Hern\u00e1ndez, Guiti\u00e1n (67, Mascarell), Bernardo, Isma; Rachid, Nacho Cases (46, Halilovic); Pablo P\u00e9rez, \u00c1lex Barrera (59, Castro), Men\u00e9ndez y Guerrero.<\/span><\/p>\n<p><span style=\"color: #008000;\">El Betis, dirigido por Pepe Mel, aline\u00f3 a Gim\u00e9nez; Molinero, Pezzella, Figueras, Varela; Xavi Torres (85, Ceballos), N\u2019Diaye; Portillo, Van der Vaart (59, Fabi\u00e1n) Vadillo (65, Cejudo,) y Van Wolfswinkel.<\/span><\/p>","protected":false},"excerpt":{"rendered":"<p>\u00a0 El 15 de diciembre de 2015 en El Molin\u00f3n Sporting y Betis empatan a 3 en el partido de vuelta de los dieciseisavos de final de la Copa. En el minuto 14 con un cabezazo de Bernardo el Sporting se adelant\u00f3 en el marcador; en el 18 empat\u00f3 Van Wolfswinkel con un remato dentro&#8230;<\/p>\n","protected":false},"author":5,"featured_media":105720,"comment_status":"open","ping_status":"open","sticky":false,"template":"","format":"standard","meta":{"_kad_post_transparent":"","_kad_post_title":"","_kad_post_layout":"","_kad_post_sidebar_id":"","_kad_post_content_style":"","_kad_post_vertical_padding":"","_kad_post_feature":"","_kad_post_feature_position":"","_kad_post_header":false,"_kad_post_footer":false,"_kad_post_classname":"","_jetpack_memberships_contains_paid_content":false,"footnotes":"","jetpack_publicize_message":"","jetpack_publicize_feature_enabled":true,"jetpack_social_post_already_shared":true,"jetpack_social_options":{"image_generator_settings":{"template":"highway","default_image_id":0,"font":"","enabled":false},"version":2}},"categories":[15447,14583,1],"tags":[15446,18774,15721],"class_list":["post-105719","post","type-post","status-publish","format-standard","has-post-thumbnail","hentry","category-2010-2019","category-efemerides","category-portada","tag-15446","tag-copa-2015-16","tag-real-sporting-gijon"],"jetpack_publicize_connections":[],"jetpack_featured_media_url":"https:\/\/i0.wp.com\/www.manquepierda.com\/historiarealbetis\/files\/2025\/11\/15-2015-Sporting-3-Betis-3.jpg?fit=852%2C590&ssl=1","jetpack_sharing_enabled":true,"jetpack_shortlink":"https:\/\/wp.me\/p1ij08-rv9","jetpack-related-posts":[],"_links":{"self":[{"href":"https:\/\/www.manquepierda.com\/historiarealbetis\/wp-json\/wp\/v2\/posts\/105719","targetHints":{"allow":["GET"]}}],"collection":[{"href":"https:\/\/www.manquepierda.com\/historiarealbetis\/wp-json\/wp\/v2\/posts"}],"about":[{"href":"https:\/\/www.manquepierda.com\/historiarealbetis\/wp-json\/wp\/v2\/types\/post"}],"author":[{"embeddable":true,"href":"https:\/\/www.manquepierda.com\/historiarealbetis\/wp-json\/wp\/v2\/users\/5"}],"replies":[{"embeddable":true,"href":"https:\/\/www.manquepierda.com\/historiarealbetis\/wp-json\/wp\/v2\/comments?post=105719"}],"version-history":[{"count":1,"href":"https:\/\/www.manquepierda.com\/historiarealbetis\/wp-json\/wp\/v2\/posts\/105719\/revisions"}],"predecessor-version":[{"id":105721,"href":"https:\/\/www.manquepierda.com\/historiarealbetis\/wp-json\/wp\/v2\/posts\/105719\/revisions\/105721"}],"wp:featuredmedia":[{"embeddable":true,"href":"https:\/\/www.manquepierda.com\/historiarealbetis\/wp-json\/wp\/v2\/media\/105720"}],"wp:attachment":[{"href":"https:\/\/www.manquepierda.com\/historiarealbetis\/wp-json\/wp\/v2\/media?parent=105719"}],"wp:term":[{"taxonomy":"category","embeddable":true,"href":"https:\/\/www.manquepierda.com\/historiarealbetis\/wp-json\/wp\/v2\/categories?post=105719"},{"taxonomy":"post_tag","embeddable":true,"href":"https:\/\/www.manquepierda.com\/historiarealbetis\/wp-json\/wp\/v2\/tags?post=105719"}],"curies":[{"name":"wp","href":"https:\/\/api.w.org\/{rel}","templated":true}]}}