{"id":105919,"date":"2025-12-13T11:00:00","date_gmt":"2025-12-13T10:00:00","guid":{"rendered":"https:\/\/www.manquepierda.com\/historiarealbetis\/?p=105919"},"modified":"2025-11-28T07:38:33","modified_gmt":"2025-11-28T06:38:33","slug":"alineacion-rayo-vallecano-betis-copa-1997","status":"publish","type":"post","link":"https:\/\/www.manquepierda.com\/historiarealbetis\/alineacion-rayo-vallecano-betis-copa-1997\/","title":{"rendered":"Alineaci\u00f3n Rayo Vallecano-Betis Copa 1997."},"content":{"rendered":"<div class=\"wp-block-image\">\n<figure class=\"aligncenter size-full\"><img data-recalc-dims=\"1\" loading=\"lazy\" decoding=\"async\" width=\"512\" height=\"345\" src=\"https:\/\/i0.wp.com\/www.manquepierda.com\/historiarealbetis\/files\/2025\/11\/Alineacion-Rayo-Vallecano-Betis-Copa-1997-EFE.jpg?resize=512%2C345&#038;ssl=1\" alt=\"\" class=\"wp-image-105920\" srcset=\"https:\/\/i0.wp.com\/www.manquepierda.com\/historiarealbetis\/files\/2025\/11\/Alineacion-Rayo-Vallecano-Betis-Copa-1997-EFE.jpg?w=512&amp;ssl=1 512w, https:\/\/i0.wp.com\/www.manquepierda.com\/historiarealbetis\/files\/2025\/11\/Alineacion-Rayo-Vallecano-Betis-Copa-1997-EFE.jpg?resize=220%2C148&amp;ssl=1 220w\" sizes=\"auto, (max-width: 512px) 100vw, 512px\" \/><\/figure>\n<\/div>\n\n<p>\u00a0<\/p>\n<p>13 de marzo de 1997 en Vallecas Rayo Vallecano 1 Betis 2; partido de vuelta de los cuartos de final de la Copa.<\/p>\n<p>En la imagen arriba Jaro, Finidi, Jarni, Alexis, Ol\u00edas y Vidakovic; abajo Sabas, Ure\u00f1a, Alfonso, Merino y Jaime.<\/p>\n<p>Con tantos de Ol\u00edas y Ca\u00f1as el Betis se impuso en feudo rayista, resolviendo la eliminatoria tras el 2-0 favorable de la ida y accediendo a las semifinales.<\/p>\n<p>Fernando Zambrano entrenaba al Rayo y Lorenzo Serra al Betis.\u00a0<\/p>","protected":false},"excerpt":{"rendered":"<p>\u00a0 13 de marzo de 1997 en Vallecas Rayo Vallecano 1 Betis 2; partido de vuelta de los cuartos de final de la Copa. En la imagen arriba Jaro, Finidi, Jarni, Alexis, Ol\u00edas y Vidakovic; abajo Sabas, Ure\u00f1a, Alfonso, Merino y Jaime. Con tantos de Ol\u00edas y Ca\u00f1as el Betis se impuso en feudo rayista,&#8230;<\/p>\n","protected":false},"author":5,"featured_media":105920,"comment_status":"open","ping_status":"open","sticky":false,"template":"","format":"standard","meta":{"_kad_post_transparent":"","_kad_post_title":"","_kad_post_layout":"","_kad_post_sidebar_id":"","_kad_post_content_style":"","_kad_post_vertical_padding":"","_kad_post_feature":"","_kad_post_feature_position":"","_kad_post_header":false,"_kad_post_footer":false,"_kad_post_classname":"","_jetpack_memberships_contains_paid_content":false,"footnotes":"","jetpack_publicize_message":"","jetpack_publicize_feature_enabled":true,"jetpack_social_post_already_shared":true,"jetpack_social_options":{"image_generator_settings":{"template":"highway","default_image_id":0,"font":"","enabled":false},"version":2}},"categories":[905,1],"tags":[1068,16911,1328,1441,17869,381,1332,15494,1420,3822,2461,16845,1333,1335],"class_list":["post-105919","post","type-post","status-publish","format-standard","has-post-thumbnail","hentry","category-1990-1999","category-portada","tag-1068","tag-ad-rayo-vallecano","tag-alexis-trujillo","tag-alfonso-perez","tag-copa-1996-97","tag-finidi-george","tag-jaime-quesada","tag-juan-antonio-urena","tag-juan-merino","tag-juan-sabas","tag-pedro-jaro","tag-risto-vidakovic","tag-robert-jarni","tag-tomas-olias"],"jetpack_publicize_connections":[],"jetpack_featured_media_url":"https:\/\/i0.wp.com\/www.manquepierda.com\/historiarealbetis\/files\/2025\/11\/Alineacion-Rayo-Vallecano-Betis-Copa-1997-EFE.jpg?fit=512%2C345&ssl=1","jetpack_sharing_enabled":true,"jetpack_shortlink":"https:\/\/wp.me\/p1ij08-ryn","jetpack-related-posts":[],"_links":{"self":[{"href":"https:\/\/www.manquepierda.com\/historiarealbetis\/wp-json\/wp\/v2\/posts\/105919","targetHints":{"allow":["GET"]}}],"collection":[{"href":"https:\/\/www.manquepierda.com\/historiarealbetis\/wp-json\/wp\/v2\/posts"}],"about":[{"href":"https:\/\/www.manquepierda.com\/historiarealbetis\/wp-json\/wp\/v2\/types\/post"}],"author":[{"embeddable":true,"href":"https:\/\/www.manquepierda.com\/historiarealbetis\/wp-json\/wp\/v2\/users\/5"}],"replies":[{"embeddable":true,"href":"https:\/\/www.manquepierda.com\/historiarealbetis\/wp-json\/wp\/v2\/comments?post=105919"}],"version-history":[{"count":2,"href":"https:\/\/www.manquepierda.com\/historiarealbetis\/wp-json\/wp\/v2\/posts\/105919\/revisions"}],"predecessor-version":[{"id":105922,"href":"https:\/\/www.manquepierda.com\/historiarealbetis\/wp-json\/wp\/v2\/posts\/105919\/revisions\/105922"}],"wp:featuredmedia":[{"embeddable":true,"href":"https:\/\/www.manquepierda.com\/historiarealbetis\/wp-json\/wp\/v2\/media\/105920"}],"wp:attachment":[{"href":"https:\/\/www.manquepierda.com\/historiarealbetis\/wp-json\/wp\/v2\/media?parent=105919"}],"wp:term":[{"taxonomy":"category","embeddable":true,"href":"https:\/\/www.manquepierda.com\/historiarealbetis\/wp-json\/wp\/v2\/categories?post=105919"},{"taxonomy":"post_tag","embeddable":true,"href":"https:\/\/www.manquepierda.com\/historiarealbetis\/wp-json\/wp\/v2\/tags?post=105919"}],"curies":[{"name":"wp","href":"https:\/\/api.w.org\/{rel}","templated":true}]}}