{"id":106034,"date":"2025-12-12T11:00:00","date_gmt":"2025-12-12T10:00:00","guid":{"rendered":"https:\/\/www.manquepierda.com\/historiarealbetis\/?p=106034"},"modified":"2025-12-10T07:56:11","modified_gmt":"2025-12-10T06:56:11","slug":"anuncio-betis-deportivo-motril-liga-1978","status":"publish","type":"post","link":"https:\/\/www.manquepierda.com\/historiarealbetis\/anuncio-betis-deportivo-motril-liga-1978\/","title":{"rendered":"Anuncio Betis Deportivo-Motril Liga 1978."},"content":{"rendered":"<div class=\"wp-block-image\">\n<figure class=\"aligncenter size-full\"><img data-recalc-dims=\"1\" loading=\"lazy\" decoding=\"async\" width=\"411\" height=\"560\" src=\"https:\/\/i0.wp.com\/www.manquepierda.com\/historiarealbetis\/files\/2025\/12\/Anuncio-Betis-Deportivo-Motril-Liga-1978-NMP-Suroeste-9-9-1978.jpg?resize=411%2C560&#038;ssl=1\" alt=\"\" class=\"wp-image-106035\" srcset=\"https:\/\/i0.wp.com\/www.manquepierda.com\/historiarealbetis\/files\/2025\/12\/Anuncio-Betis-Deportivo-Motril-Liga-1978-NMP-Suroeste-9-9-1978.jpg?w=411&amp;ssl=1 411w, https:\/\/i0.wp.com\/www.manquepierda.com\/historiarealbetis\/files\/2025\/12\/Anuncio-Betis-Deportivo-Motril-Liga-1978-NMP-Suroeste-9-9-1978.jpg?resize=161%2C220&amp;ssl=1 161w\" sizes=\"auto, (max-width: 411px) 100vw, 411px\" \/><\/figure>\n<\/div>\n\n<p>Anuncio en prensa del Betis Deportivo 2 Motril 1, correspondiente a la jornada 2 del Campeonato de Liga de Tercera Divisi\u00f3n grupo sexto, jugado en las instalaciones de Marqu\u00e9s del Contadero el 10 de septiembre de 1978.<\/p>\n<p>Con goles de Adolfo y Corrales el filial verdiblanco estren\u00f3 la temporada en casa derrotando al l\u00edder, en unos a\u00f1os en que disputaba sus partidos en las instalaciones federativas del campo del Marqu\u00e9s del Contadero. Como curiosidad el hecho de existir una entrada especial para los socios b\u00e9ticos, que ten\u00edan que acreditar su condici\u00f3n en las taquillas del propio campo con la presentaci\u00f3n del carnet anual o el abono del pago fraccionado mensual correspondiente al mes de septiembre.<\/p>","protected":false},"excerpt":{"rendered":"<p>Anuncio en prensa del Betis Deportivo 2 Motril 1, correspondiente a la jornada 2 del Campeonato de Liga de Tercera Divisi\u00f3n grupo sexto, jugado en las instalaciones de Marqu\u00e9s del Contadero el 10 de septiembre de 1978. Con goles de Adolfo y Corrales el filial verdiblanco estren\u00f3 la temporada en casa derrotando al l\u00edder, en&#8230;<\/p>\n","protected":false},"author":5,"featured_media":106035,"comment_status":"open","ping_status":"open","sticky":false,"template":"","format":"standard","meta":{"_kad_post_transparent":"","_kad_post_title":"","_kad_post_layout":"","_kad_post_sidebar_id":"","_kad_post_content_style":"","_kad_post_vertical_padding":"","_kad_post_feature":"","_kad_post_feature_position":"","_kad_post_header":false,"_kad_post_footer":false,"_kad_post_classname":"","_jetpack_memberships_contains_paid_content":false,"footnotes":"","jetpack_publicize_message":"","jetpack_publicize_feature_enabled":true,"jetpack_social_post_already_shared":true,"jetpack_social_options":{"image_generator_settings":{"template":"highway","default_image_id":0,"font":"","enabled":false},"version":2}},"categories":[903,17191,1],"tags":[59,3355,18785,17802,959],"class_list":["post-106034","post","type-post","status-publish","format-standard","has-post-thumbnail","hentry","category-1970-1979","category-cantera","category-portada","tag-59","tag-betis-deportivo-balompie","tag-cd-motril","tag-liga-tercera-1978-79","tag-marques-del-contadero"],"jetpack_publicize_connections":[],"jetpack_featured_media_url":"https:\/\/i0.wp.com\/www.manquepierda.com\/historiarealbetis\/files\/2025\/12\/Anuncio-Betis-Deportivo-Motril-Liga-1978-NMP-Suroeste-9-9-1978.jpg?fit=411%2C560&ssl=1","jetpack_sharing_enabled":true,"jetpack_shortlink":"https:\/\/wp.me\/p1ij08-rAe","jetpack-related-posts":[],"_links":{"self":[{"href":"https:\/\/www.manquepierda.com\/historiarealbetis\/wp-json\/wp\/v2\/posts\/106034","targetHints":{"allow":["GET"]}}],"collection":[{"href":"https:\/\/www.manquepierda.com\/historiarealbetis\/wp-json\/wp\/v2\/posts"}],"about":[{"href":"https:\/\/www.manquepierda.com\/historiarealbetis\/wp-json\/wp\/v2\/types\/post"}],"author":[{"embeddable":true,"href":"https:\/\/www.manquepierda.com\/historiarealbetis\/wp-json\/wp\/v2\/users\/5"}],"replies":[{"embeddable":true,"href":"https:\/\/www.manquepierda.com\/historiarealbetis\/wp-json\/wp\/v2\/comments?post=106034"}],"version-history":[{"count":2,"href":"https:\/\/www.manquepierda.com\/historiarealbetis\/wp-json\/wp\/v2\/posts\/106034\/revisions"}],"predecessor-version":[{"id":106038,"href":"https:\/\/www.manquepierda.com\/historiarealbetis\/wp-json\/wp\/v2\/posts\/106034\/revisions\/106038"}],"wp:featuredmedia":[{"embeddable":true,"href":"https:\/\/www.manquepierda.com\/historiarealbetis\/wp-json\/wp\/v2\/media\/106035"}],"wp:attachment":[{"href":"https:\/\/www.manquepierda.com\/historiarealbetis\/wp-json\/wp\/v2\/media?parent=106034"}],"wp:term":[{"taxonomy":"category","embeddable":true,"href":"https:\/\/www.manquepierda.com\/historiarealbetis\/wp-json\/wp\/v2\/categories?post=106034"},{"taxonomy":"post_tag","embeddable":true,"href":"https:\/\/www.manquepierda.com\/historiarealbetis\/wp-json\/wp\/v2\/tags?post=106034"}],"curies":[{"name":"wp","href":"https:\/\/api.w.org\/{rel}","templated":true}]}}