{"id":106039,"date":"2025-12-15T11:00:00","date_gmt":"2025-12-15T10:00:00","guid":{"rendered":"https:\/\/www.manquepierda.com\/historiarealbetis\/?p=106039"},"modified":"2025-12-10T08:25:21","modified_gmt":"2025-12-10T07:25:21","slug":"visitamos-al-rayo-vallecano-12","status":"publish","type":"post","link":"https:\/\/www.manquepierda.com\/historiarealbetis\/visitamos-al-rayo-vallecano-12\/","title":{"rendered":"Visitamos al Rayo Vallecano."},"content":{"rendered":"<div class=\"wp-block-image\">\n<figure class=\"aligncenter size-full\"><img data-recalc-dims=\"1\" loading=\"lazy\" decoding=\"async\" width=\"676\" height=\"400\" src=\"https:\/\/i0.wp.com\/www.manquepierda.com\/historiarealbetis\/files\/2025\/12\/Vallecas.jpg?resize=676%2C400&#038;ssl=1\" alt=\"\" class=\"wp-image-106040\" srcset=\"https:\/\/i0.wp.com\/www.manquepierda.com\/historiarealbetis\/files\/2025\/12\/Vallecas.jpg?w=676&amp;ssl=1 676w, https:\/\/i0.wp.com\/www.manquepierda.com\/historiarealbetis\/files\/2025\/12\/Vallecas.jpg?resize=220%2C130&amp;ssl=1 220w\" sizes=\"auto, (max-width: 676px) 100vw, 676px\" \/><\/figure>\n<\/div>\n\n<p>\u00a0<\/p>\n<p>Hoy a las 21 horas visitaremos al Rayo Vallecano de Madrid, club fundado en 1924 y que ha jugado 23 temporadas en Primera, 38 en Segunda, 5 en Segunda B y 11 en Tercera.<\/p>\n<p>La primera visita del Betis a terreno rayista fue el 16 de febrero de 1969 en partido de la jornada 23 del Campeonato de Liga de Segunda Divisi\u00f3n y que concluy\u00f3 con empate a 0.<\/p>\n<p>Han sido hasta ahora 27 los enfrentamientos entre Rayo Vallecano y Betis as\u00ed repartidos: 16 partidos de Liga de Primera Divisi\u00f3n (5 victorias rayistas, 5 empates y 6 victorias b\u00e9ticas), 7 partidos de Liga de Segunda (3 victorias del Rayo, 2 empates y 2 victorias del Betis) y 4 partidos de Copa (2 empates y 2 victorias b\u00e9ticas).<\/p>\n<p>De estos 27 encuentros 24 se han jugado en Vallecas, 1 en Vallehermoso y 2 en el Teresa Rivero.<\/p>\n<p>Son 199 los futbolistas b\u00e9ticos que han jugado en terreno rayista, con Merino y Carvalho a la cabeza participando en 6 partidos, y Alfonso, Bartra, Fekir, Guido, Joaqu\u00edn, Jorge Molina, Rub\u00e9n Castro y Ruibal en 5.<\/p>\n<p>Los goleadores b\u00e9ticos en Vallecas han sido 28, con Alfonso destacado con 5 tantos y Mameli despu\u00e9s con 2. Y son 18 los entrenadores b\u00e9ticos que han intervenido en estos partidos, con Manuel Pellegrini en primera fila en 5 ocasiones, Pepe Mel con 4 y Lorenzo Serra a continuaci\u00f3n con 3.<\/p>\n<p>El t\u00e9cnico rayista I\u00f1igo P\u00e9rez ha enfrentado 3 veces al Betis, en todas con el Rayo, con dos empates y una victoria del equipo franjirrojo.<\/p>\n<p>Entre los jugadores que han militado en Rayo y Betis podemos mencionar a Sebasti\u00e1n Alabanda, Alex Alegr\u00eda, Alex Moreno, Jordi Amat, Antonio Amaya, Daniel Toribio Aquino, Leonardo Baptistao, Jos\u00e9 Garc\u00eda \u201cBotella\u201d, Jos\u00e9 Carvajal, Juan Ram\u00f3n Comas, Pedro Contreras, Santiago Chicharro, Jos\u00e9 Antonio Dorado, Ram\u00f3n P\u00e9rez \u201cEspej\u00edn\u201d, Eduardo Garc\u00eda Fern\u00e1ndez, Manuel Garc\u00eda Plata, Daniel Gim\u00e9nez, Iriney Santos, Rafael Jaques, Jordi Figueras, Jos\u00e9 Tom\u00e1s \u201cJosete\u201d, Diego Llorente, Luiz Felipe Ramos, Marcial Gonz\u00e1lez, Nobel Mendy, Carles Domingo \u201cMingo\u201d, Manuel Momparlet, Daniel Pacheco, Francisco G\u00f3mez \u201cPaqui\u201d, Jonathan Pereira, Alejandro Pozuelo, Joel Robles, Eduardo Rodr\u00edguez, Francisco Rosell\u00f3, Rub\u00e9n Castro, Juan Sabas, Yanko Daucik y Javier Yubero.<\/p>\n<p>Entre los entrenadores a Rafael Iriondo, Eusebio R\u00edos, Juande Ramos, Fernando V\u00e1zquez, Jorge D\u00b4Alessandro y Pepe Mel.<\/p>","protected":false},"excerpt":{"rendered":"<p>\u00a0 Hoy a las 21 horas visitaremos al Rayo Vallecano de Madrid, club fundado en 1924 y que ha jugado 23 temporadas en Primera, 38 en Segunda, 5 en Segunda B y 11 en Tercera. La primera visita del Betis a terreno rayista fue el 16 de febrero de 1969 en partido de la jornada&#8230;<\/p>\n","protected":false},"author":5,"featured_media":106040,"comment_status":"open","ping_status":"open","sticky":false,"template":"","format":"standard","meta":{"_kad_post_transparent":"","_kad_post_title":"","_kad_post_layout":"","_kad_post_sidebar_id":"","_kad_post_content_style":"","_kad_post_vertical_padding":"","_kad_post_feature":"","_kad_post_feature_position":"","_kad_post_header":false,"_kad_post_footer":false,"_kad_post_classname":"","_jetpack_memberships_contains_paid_content":false,"footnotes":"","jetpack_publicize_message":"","jetpack_publicize_feature_enabled":true,"jetpack_social_post_already_shared":true,"jetpack_social_options":{"image_generator_settings":{"template":"highway","default_image_id":0,"font":"","enabled":false},"version":2}},"categories":[895,1],"tags":[13595,16413,17736,3824,18333,11888,12421,1052,18564,1567,1429,1212,1088,1056,3821,1053,4001,16828,471,16476,9325,1214,2245,3012,3183,1054,3820,3822,1213,10037,18376,6238,12756,3964,18786,3748,655,1215,14594,3582,709,748,3276,1164,1008],"class_list":["post-106039","post","type-post","status-publish","format-standard","has-post-thumbnail","hentry","category-los-rivales","category-portada","tag-alejandro-pozuelo","tag-alex-alegria","tag-alex-moreno","tag-antonio-amaya","tag-carles-domingo-mingo-2","tag-daniel-gimenez","tag-daniel-pacheco","tag-daniel-toribio-aquino","tag-diego-llorente","tag-eduardo-garcia-fernandez","tag-eduardo-rodriguez","tag-eusebio-rios","tag-fernando-vazquez","tag-francisco-gomez-paqui","tag-francisco-rosello","tag-iriney-santos","tag-javier-yubero","tag-joel-robles","tag-jonathan-pereira","tag-jordi-amat","tag-jordi-figueras","tag-jorge-dalessandro","tag-jose-antonio-dorado","tag-jose-carvajal","tag-jose-garcia-botella","tag-jose-tomas-josete","tag-juan-ramon-comas","tag-juan-sabas","tag-juande-ramos","tag-leo-baptistao","tag-luiz-felipe-ramos","tag-manuel-garcia-plata","tag-manuel-momparlet","tag-marcial-gonzalez","tag-nobel-mendy","tag-pedro-contreras","tag-pepe-mel","tag-rafael-iriondo","tag-rafael-jaques","tag-ramon-perez-espejin","tag-rayo-vallecano","tag-ruben-castro","tag-santiago-chicharro","tag-sebastian-alabanda","tag-yanko-daucick"],"jetpack_publicize_connections":[],"jetpack_featured_media_url":"https:\/\/i0.wp.com\/www.manquepierda.com\/historiarealbetis\/files\/2025\/12\/Vallecas.jpg?fit=676%2C400&ssl=1","jetpack_sharing_enabled":true,"jetpack_shortlink":"https:\/\/wp.me\/p1ij08-rAj","jetpack-related-posts":[],"_links":{"self":[{"href":"https:\/\/www.manquepierda.com\/historiarealbetis\/wp-json\/wp\/v2\/posts\/106039","targetHints":{"allow":["GET"]}}],"collection":[{"href":"https:\/\/www.manquepierda.com\/historiarealbetis\/wp-json\/wp\/v2\/posts"}],"about":[{"href":"https:\/\/www.manquepierda.com\/historiarealbetis\/wp-json\/wp\/v2\/types\/post"}],"author":[{"embeddable":true,"href":"https:\/\/www.manquepierda.com\/historiarealbetis\/wp-json\/wp\/v2\/users\/5"}],"replies":[{"embeddable":true,"href":"https:\/\/www.manquepierda.com\/historiarealbetis\/wp-json\/wp\/v2\/comments?post=106039"}],"version-history":[{"count":2,"href":"https:\/\/www.manquepierda.com\/historiarealbetis\/wp-json\/wp\/v2\/posts\/106039\/revisions"}],"predecessor-version":[{"id":106042,"href":"https:\/\/www.manquepierda.com\/historiarealbetis\/wp-json\/wp\/v2\/posts\/106039\/revisions\/106042"}],"wp:featuredmedia":[{"embeddable":true,"href":"https:\/\/www.manquepierda.com\/historiarealbetis\/wp-json\/wp\/v2\/media\/106040"}],"wp:attachment":[{"href":"https:\/\/www.manquepierda.com\/historiarealbetis\/wp-json\/wp\/v2\/media?parent=106039"}],"wp:term":[{"taxonomy":"category","embeddable":true,"href":"https:\/\/www.manquepierda.com\/historiarealbetis\/wp-json\/wp\/v2\/categories?post=106039"},{"taxonomy":"post_tag","embeddable":true,"href":"https:\/\/www.manquepierda.com\/historiarealbetis\/wp-json\/wp\/v2\/tags?post=106039"}],"curies":[{"name":"wp","href":"https:\/\/api.w.org\/{rel}","templated":true}]}}