{"id":106159,"date":"2026-01-25T13:00:00","date_gmt":"2026-01-25T12:00:00","guid":{"rendered":"https:\/\/www.manquepierda.com\/historiarealbetis\/?p=106159"},"modified":"2025-12-13T17:38:40","modified_gmt":"2025-12-13T16:38:40","slug":"hoy-hace-50-anos-espanyol-2-betis-1","status":"publish","type":"post","link":"https:\/\/www.manquepierda.com\/historiarealbetis\/hoy-hace-50-anos-espanyol-2-betis-1\/","title":{"rendered":"Hoy hace 50 a\u00f1os. Espanyol 2 Betis 1."},"content":{"rendered":"<div class=\"wp-block-image\">\n<figure class=\"aligncenter size-full\"><img data-recalc-dims=\"1\" loading=\"lazy\" decoding=\"async\" width=\"575\" height=\"424\" src=\"https:\/\/i0.wp.com\/www.manquepierda.com\/historiarealbetis\/files\/2025\/12\/25-1976-Espanyol-2-Betis-1-.jpg?resize=575%2C424&#038;ssl=1\" alt=\"\" class=\"wp-image-106160\" srcset=\"https:\/\/i0.wp.com\/www.manquepierda.com\/historiarealbetis\/files\/2025\/12\/25-1976-Espanyol-2-Betis-1-.jpg?w=575&amp;ssl=1 575w, https:\/\/i0.wp.com\/www.manquepierda.com\/historiarealbetis\/files\/2025\/12\/25-1976-Espanyol-2-Betis-1-.jpg?resize=220%2C162&amp;ssl=1 220w\" sizes=\"auto, (max-width: 575px) 100vw, 575px\" \/><\/figure>\n<\/div>\n\n<p>\u00a0<\/p>\n<p><span style=\"color: #008000;\">El 25 de enero de 1976 en Sarri\u00e1 el Espanyol vence 2-1 al Betis en partido de la jornada 19 del Campeonato de Liga de Primera Divisi\u00f3n.<\/span><\/p>\n<p><span style=\"color: #008000;\">En el minuto 27 Caszely adelant\u00f3 al conjunto local, de cabeza tras un c\u00f3rner. En el 28 empat\u00f3 Ladinszky a la media vuelta tras centro de L\u00f3pez. En el 44 Fern\u00e1ndez Amado hizo el 2-1 tras un bal\u00f3n bombeado sobre el \u00e1rea b\u00e9tica.<\/span><\/p>\n<p><span style=\"color: #008000;\">El Espanyol, entrenado por Jos\u00e9 Emilio Santamar\u00eda, juega con Echevarr\u00eda; Ramos, Ferrer, Verdugo, Ortiz Aquino; Fern\u00e1ndez Amado, Molinos, Solsona; Cuesta, Amiano y Caszely.<\/span><\/p>\n<p><span style=\"color: #008000;\">El Betis, dirigido por Ferenc Szusza, forma con Esnaola; Lobato, Biosca, Sabat\u00e9 (46, Iglesias), Cobo; L\u00f3pez, Alabanda, Carde\u00f1osa; Ben\u00edtez, Mendieta y Ladinszky.<\/span><\/p>\n<p>\u00a0<\/p>\n<p>\u00a0<\/p>","protected":false},"excerpt":{"rendered":"<p>\u00a0 El 25 de enero de 1976 en Sarri\u00e1 el Espanyol vence 2-1 al Betis en partido de la jornada 19 del Campeonato de Liga de Primera Divisi\u00f3n. En el minuto 27 Caszely adelant\u00f3 al conjunto local, de cabeza tras un c\u00f3rner. En el 28 empat\u00f3 Ladinszky a la media vuelta tras centro de L\u00f3pez&#8230;.<\/p>\n","protected":false},"author":5,"featured_media":106160,"comment_status":"open","ping_status":"open","sticky":false,"template":"","format":"standard","meta":{"_kad_post_transparent":"","_kad_post_title":"","_kad_post_layout":"","_kad_post_sidebar_id":"","_kad_post_content_style":"","_kad_post_vertical_padding":"","_kad_post_feature":"","_kad_post_feature_position":"","_kad_post_header":false,"_kad_post_footer":false,"_kad_post_classname":"","_jetpack_memberships_contains_paid_content":false,"footnotes":"","jetpack_publicize_message":"","jetpack_publicize_feature_enabled":true,"jetpack_social_post_already_shared":true,"jetpack_social_options":{"image_generator_settings":{"template":"highway","default_image_id":0,"font":"","enabled":false},"version":2}},"categories":[903,14583,1],"tags":[1556,17866,711],"class_list":["post-106159","post","type-post","status-publish","format-standard","has-post-thumbnail","hentry","category-1970-1979","category-efemerides","category-portada","tag-1556","tag-liga-primera-1975-76","tag-rcd-espanyol"],"jetpack_publicize_connections":[],"jetpack_featured_media_url":"https:\/\/i0.wp.com\/www.manquepierda.com\/historiarealbetis\/files\/2025\/12\/25-1976-Espanyol-2-Betis-1-.jpg?fit=575%2C424&ssl=1","jetpack_sharing_enabled":true,"jetpack_shortlink":"https:\/\/wp.me\/p1ij08-rCf","jetpack-related-posts":[],"_links":{"self":[{"href":"https:\/\/www.manquepierda.com\/historiarealbetis\/wp-json\/wp\/v2\/posts\/106159","targetHints":{"allow":["GET"]}}],"collection":[{"href":"https:\/\/www.manquepierda.com\/historiarealbetis\/wp-json\/wp\/v2\/posts"}],"about":[{"href":"https:\/\/www.manquepierda.com\/historiarealbetis\/wp-json\/wp\/v2\/types\/post"}],"author":[{"embeddable":true,"href":"https:\/\/www.manquepierda.com\/historiarealbetis\/wp-json\/wp\/v2\/users\/5"}],"replies":[{"embeddable":true,"href":"https:\/\/www.manquepierda.com\/historiarealbetis\/wp-json\/wp\/v2\/comments?post=106159"}],"version-history":[{"count":1,"href":"https:\/\/www.manquepierda.com\/historiarealbetis\/wp-json\/wp\/v2\/posts\/106159\/revisions"}],"predecessor-version":[{"id":106161,"href":"https:\/\/www.manquepierda.com\/historiarealbetis\/wp-json\/wp\/v2\/posts\/106159\/revisions\/106161"}],"wp:featuredmedia":[{"embeddable":true,"href":"https:\/\/www.manquepierda.com\/historiarealbetis\/wp-json\/wp\/v2\/media\/106160"}],"wp:attachment":[{"href":"https:\/\/www.manquepierda.com\/historiarealbetis\/wp-json\/wp\/v2\/media?parent=106159"}],"wp:term":[{"taxonomy":"category","embeddable":true,"href":"https:\/\/www.manquepierda.com\/historiarealbetis\/wp-json\/wp\/v2\/categories?post=106159"},{"taxonomy":"post_tag","embeddable":true,"href":"https:\/\/www.manquepierda.com\/historiarealbetis\/wp-json\/wp\/v2\/tags?post=106159"}],"curies":[{"name":"wp","href":"https:\/\/api.w.org\/{rel}","templated":true}]}}