{"id":106175,"date":"2026-01-30T13:00:00","date_gmt":"2026-01-30T12:00:00","guid":{"rendered":"https:\/\/www.manquepierda.com\/historiarealbetis\/?p=106175"},"modified":"2025-12-13T18:36:57","modified_gmt":"2025-12-13T17:36:57","slug":"hoy-hace-30-anos-eusebio-rios-vuelve-a-la-secretaria-tecnica","status":"publish","type":"post","link":"https:\/\/www.manquepierda.com\/historiarealbetis\/hoy-hace-30-anos-eusebio-rios-vuelve-a-la-secretaria-tecnica\/","title":{"rendered":"Hoy hace 30 a\u00f1os. Eusebio R\u00edos vuelve a la secretar\u00eda t\u00e9cnica."},"content":{"rendered":"<div class=\"wp-block-image\">\n<figure class=\"aligncenter size-large\"><img data-recalc-dims=\"1\" loading=\"lazy\" decoding=\"async\" width=\"317\" height=\"700\" src=\"https:\/\/i0.wp.com\/www.manquepierda.com\/historiarealbetis\/files\/2025\/12\/30-1996-Eusebio-Rios-vuelve-a-la-secretaria-tecnica.jpg?resize=317%2C700&#038;ssl=1\" alt=\"\" class=\"wp-image-106176\" srcset=\"https:\/\/i0.wp.com\/www.manquepierda.com\/historiarealbetis\/files\/2025\/12\/30-1996-Eusebio-Rios-vuelve-a-la-secretaria-tecnica.jpg?resize=317%2C700&amp;ssl=1 317w, https:\/\/i0.wp.com\/www.manquepierda.com\/historiarealbetis\/files\/2025\/12\/30-1996-Eusebio-Rios-vuelve-a-la-secretaria-tecnica.jpg?resize=272%2C600&amp;ssl=1 272w, https:\/\/i0.wp.com\/www.manquepierda.com\/historiarealbetis\/files\/2025\/12\/30-1996-Eusebio-Rios-vuelve-a-la-secretaria-tecnica.jpg?resize=100%2C220&amp;ssl=1 100w, https:\/\/i0.wp.com\/www.manquepierda.com\/historiarealbetis\/files\/2025\/12\/30-1996-Eusebio-Rios-vuelve-a-la-secretaria-tecnica.jpg?resize=768%2C1694&amp;ssl=1 768w, https:\/\/i0.wp.com\/www.manquepierda.com\/historiarealbetis\/files\/2025\/12\/30-1996-Eusebio-Rios-vuelve-a-la-secretaria-tecnica.jpg?resize=696%2C1536&amp;ssl=1 696w, https:\/\/i0.wp.com\/www.manquepierda.com\/historiarealbetis\/files\/2025\/12\/30-1996-Eusebio-Rios-vuelve-a-la-secretaria-tecnica.jpg?w=875&amp;ssl=1 875w\" sizes=\"auto, (max-width: 317px) 100vw, 317px\" \/><\/figure>\n<\/div>\n\n<p>\u00a0<\/p>\n<p><span style=\"color: #008000;\">El 30 de enero de 1996 se anuncia la vuelta de Eusebio R\u00edos al frente de la secretar\u00eda t\u00e9cnica del Real Betis Balompi\u00e9, tras el acuerdo alcanzado el d\u00eda anterior con Ruiz de Lopera.<\/span><\/p>\n<p><span style=\"color: #008000;\">Eusebio R\u00edos hab\u00eda desempe\u00f1ado el mismo cargo las 2 temporadas anteriores, aunque renunci\u00f3 a seguir en el cargo al inicio de la temporada 1995-96 \u201cpor motivos estrictamente personales\u201d.<\/span><\/p>\n<p><span style=\"color: #008000;\">La presi\u00f3n de Lorenzo Serra sobre el m\u00e1ximo mandatario b\u00e9tico logr\u00f3 que la decisi\u00f3n de Eusebio R\u00edos fuese revocable, haci\u00e9ndose cargo de la secretar\u00eda t\u00e9cnica b\u00e9tica desde el 1 de febrero.<\/span><\/p>","protected":false},"excerpt":{"rendered":"<p>\u00a0 El 30 de enero de 1996 se anuncia la vuelta de Eusebio R\u00edos al frente de la secretar\u00eda t\u00e9cnica del Real Betis Balompi\u00e9, tras el acuerdo alcanzado el d\u00eda anterior con Ruiz de Lopera. Eusebio R\u00edos hab\u00eda desempe\u00f1ado el mismo cargo las 2 temporadas anteriores, aunque renunci\u00f3 a seguir en el cargo al inicio&#8230;<\/p>\n","protected":false},"author":5,"featured_media":106176,"comment_status":"open","ping_status":"open","sticky":false,"template":"","format":"standard","meta":{"_kad_post_transparent":"","_kad_post_title":"","_kad_post_layout":"","_kad_post_sidebar_id":"","_kad_post_content_style":"","_kad_post_vertical_padding":"","_kad_post_feature":"","_kad_post_feature_position":"","_kad_post_header":false,"_kad_post_footer":false,"_kad_post_classname":"","_jetpack_memberships_contains_paid_content":false,"footnotes":"","jetpack_publicize_message":"","jetpack_publicize_feature_enabled":true,"jetpack_social_post_already_shared":true,"jetpack_social_options":{"image_generator_settings":{"template":"highway","default_image_id":0,"font":"","enabled":false},"version":2}},"categories":[905,14583,1],"tags":[3291,1212],"class_list":["post-106175","post","type-post","status-publish","format-standard","has-post-thumbnail","hentry","category-1990-1999","category-efemerides","category-portada","tag-3291","tag-eusebio-rios"],"jetpack_publicize_connections":[],"jetpack_featured_media_url":"https:\/\/i0.wp.com\/www.manquepierda.com\/historiarealbetis\/files\/2025\/12\/30-1996-Eusebio-Rios-vuelve-a-la-secretaria-tecnica.jpg?fit=875%2C1930&ssl=1","jetpack_sharing_enabled":true,"jetpack_shortlink":"https:\/\/wp.me\/p1ij08-rCv","jetpack-related-posts":[],"_links":{"self":[{"href":"https:\/\/www.manquepierda.com\/historiarealbetis\/wp-json\/wp\/v2\/posts\/106175","targetHints":{"allow":["GET"]}}],"collection":[{"href":"https:\/\/www.manquepierda.com\/historiarealbetis\/wp-json\/wp\/v2\/posts"}],"about":[{"href":"https:\/\/www.manquepierda.com\/historiarealbetis\/wp-json\/wp\/v2\/types\/post"}],"author":[{"embeddable":true,"href":"https:\/\/www.manquepierda.com\/historiarealbetis\/wp-json\/wp\/v2\/users\/5"}],"replies":[{"embeddable":true,"href":"https:\/\/www.manquepierda.com\/historiarealbetis\/wp-json\/wp\/v2\/comments?post=106175"}],"version-history":[{"count":1,"href":"https:\/\/www.manquepierda.com\/historiarealbetis\/wp-json\/wp\/v2\/posts\/106175\/revisions"}],"predecessor-version":[{"id":106177,"href":"https:\/\/www.manquepierda.com\/historiarealbetis\/wp-json\/wp\/v2\/posts\/106175\/revisions\/106177"}],"wp:featuredmedia":[{"embeddable":true,"href":"https:\/\/www.manquepierda.com\/historiarealbetis\/wp-json\/wp\/v2\/media\/106176"}],"wp:attachment":[{"href":"https:\/\/www.manquepierda.com\/historiarealbetis\/wp-json\/wp\/v2\/media?parent=106175"}],"wp:term":[{"taxonomy":"category","embeddable":true,"href":"https:\/\/www.manquepierda.com\/historiarealbetis\/wp-json\/wp\/v2\/categories?post=106175"},{"taxonomy":"post_tag","embeddable":true,"href":"https:\/\/www.manquepierda.com\/historiarealbetis\/wp-json\/wp\/v2\/tags?post=106175"}],"curies":[{"name":"wp","href":"https:\/\/api.w.org\/{rel}","templated":true}]}}