{"id":106509,"date":"2026-01-21T11:00:00","date_gmt":"2026-01-21T10:00:00","guid":{"rendered":"https:\/\/www.manquepierda.com\/historiarealbetis\/?p=106509"},"modified":"2026-01-18T11:59:51","modified_gmt":"2026-01-18T10:59:51","slug":"la-temporada-1981-82","status":"publish","type":"post","link":"https:\/\/www.manquepierda.com\/historiarealbetis\/la-temporada-1981-82\/","title":{"rendered":"La temporada 1981-82."},"content":{"rendered":"<div class=\"wp-block-image\">\n<figure class=\"aligncenter size-large\"><img data-recalc-dims=\"1\" loading=\"lazy\" decoding=\"async\" width=\"960\" height=\"574\" src=\"https:\/\/i0.wp.com\/www.manquepierda.com\/historiarealbetis\/files\/2026\/01\/Temporada-1981-82-.jpg?resize=960%2C574&#038;ssl=1\" alt=\"\" class=\"wp-image-106510\" srcset=\"https:\/\/i0.wp.com\/www.manquepierda.com\/historiarealbetis\/files\/2026\/01\/Temporada-1981-82-.jpg?resize=960%2C574&amp;ssl=1 960w, https:\/\/i0.wp.com\/www.manquepierda.com\/historiarealbetis\/files\/2026\/01\/Temporada-1981-82-.jpg?resize=680%2C407&amp;ssl=1 680w, https:\/\/i0.wp.com\/www.manquepierda.com\/historiarealbetis\/files\/2026\/01\/Temporada-1981-82-.jpg?resize=220%2C132&amp;ssl=1 220w, https:\/\/i0.wp.com\/www.manquepierda.com\/historiarealbetis\/files\/2026\/01\/Temporada-1981-82-.jpg?resize=768%2C459&amp;ssl=1 768w, https:\/\/i0.wp.com\/www.manquepierda.com\/historiarealbetis\/files\/2026\/01\/Temporada-1981-82-.jpg?w=970&amp;ssl=1 970w\" sizes=\"auto, (max-width: 960px) 100vw, 960px\" \/><\/figure>\n<\/div>\n\n<p><span style=\"color: #008000;\">El 14 de julio de 1981 en el Villamar\u00edn ten\u00eda lugar la presentaci\u00f3n de la primera plantilla del Real Betis Balompi\u00e9. Al frente de ella Luis Aragon\u00e9s, quien a sus 43 a\u00f1os volv\u00eda al equipo que dej\u00f3 como futbolista en 1964 para marchar al Atl\u00e9tico de Madrid.<\/span><\/p>\n<p><span style=\"color: #008000;\">La plantilla presentaba pocas novedades: 4 altas y 4 bajas. Entre las primeras las de Horacio Moyano (H\u00e9rcules), Hip\u00f3lito Rinc\u00f3n (Real Madrid), Carmelo Navarro (Salamanca) y Melchor L\u00f3pez (Linares); como bajas las de Enrique Mor\u00e1n (Barcelona), Segundo Ramos (H\u00e9rcules), Juan Pozo (Almer\u00eda) y Gerardo Castillo (Granada).\u00a0 A lo largo de la temporada se incorporaron dos jugadores canteranos: Jos\u00e9 Ram\u00f3n Gonz\u00e1lez \u00abRomo\u00bb y Jos\u00e9 Antonio Prieto, posteriormente cedido al Ceuta.<\/span><\/p>\n<p><span style=\"color: #008000;\">El 15 de julio se iniciaba la concentraci\u00f3n de pretemporada en la localidad catalana de Vilob\u00ed. A finales de mes el Betis se hizo con el Trofeo de la localidad tras derrotar al Lloret (1-2) y Vilob\u00ed (0-2).<\/span><\/p>\n<p><span style=\"color: #008000;\">Ya de vuelta en Sevilla el 5 de agosto se jug\u00f3 el partido de presentaci\u00f3n ante el Puebla mexicano, que tambi\u00e9n sirvi\u00f3 de partido homenaje a Julio Carde\u00f1osa, con victoria 3-1. Posteriormente se disput\u00f3 el Trofeo del Olivo, con victorias ante el Linares (1-4) y Ja\u00e9n (0-1). En el X Trofeo Ciudad de Sevilla jugado en el Villamar\u00edn se cay\u00f3 ante el West Bronwich (1-4), venciendo en la consolaci\u00f3n al Southampton (2-1).<\/span><\/p>\n<p><span style=\"color: #008000;\">La pretemporada se cerr\u00f3 en Granada en el Trofeo Ciudad de la Alhambra, un triangular ganado tras empatar con el Almer\u00eda (2-2) y ganar al Granada (3-4).<\/span><\/p>\n<p><span style=\"color: #008000;\">El Betis particip\u00f3 esta temporada en 2 competiciones oficiales: el Campeonato de Liga de Primera Divisi\u00f3n y el torneo de Copa.<\/span><\/p>\n<p><span style=\"color: #008000;\">La Liga se inici\u00f3 el 20 de septiembre de 1981 en El Sardinero frente al Racing y finaliz\u00f3 el 25 de abril de 1982 en el Nou Camp contra el Barcelona. El Betis finaliz\u00f3 en 6\u00aa posici\u00f3n con 36 puntos, tras15 victorias, 6 empates y 13 derrotas, con 53 goles a favor y 44 en contra.<\/span><\/p>\n<p><span style=\"color: #008000;\">Tras la primera jornada de <span style=\"font-size: revert;\">Liga Luis Aragon\u00e9s dej\u00f3 el banquillo b\u00e9tico afectado de unos fuertes dolores de espalda, siendo sustituido por Rafael Iriondo, 63 a\u00f1os, quien volv\u00eda al banquillo verdiblanco 3 a\u00f1os despu\u00e9s. Y a falta de 6 jornadas para el final del campeonato, Iriondo fue relevado por Pedro Buenaventura, 50 a\u00f1os, quien consigui\u00f3 clasificar al equipo en sexta posici\u00f3n y obtener plaza para jugar la Copa de la Uefa en la siguiente campa\u00f1a.<\/span><\/span><\/p>\n<p><span style=\"color: #008000;\">En la Copa el Betis lleg\u00f3 hasta la cuarta ronda donde cay\u00f3 ante el Athletic, tras haber eliminado con anterioridad al Coria, Algeciras y Linares.\u00a0<\/span><\/p>\n<p><span style=\"color: #008000;\">En los 42 encuentros de competici\u00f3n oficial (34 de Liga y 8 de Copa) el Betis utiliz\u00f3 23 jugadores: Julio Carde\u00f1osa (42), Jos\u00e9 Ram\u00f3n Esnaola (41), Rafael Gordillo (39), Antol\u00edn Ortega (38), Javier L\u00f3pez (35), Carlos Diarte (35), Carlos Peruena (32), Joaqu\u00edn Parra (31), Hip\u00f3lito Rinc\u00f3n (29), Antonio Casado (27), Francisco Bizcocho (23), Horacio Moyano (21), Al-lal Mohand \u00abAlex\u00bb (20), Antonio Ben\u00edtez (19), Antonio Biosca (18), Jos\u00e9 Carlos Tello (17), Francisco Garc\u00eda \u00abFrancis\u00bb (16), Ram\u00f3n Rodr\u00edguez (15), Melchor L\u00f3pez (15), Jos\u00e9 Ram\u00f3n Romo (9), Carmelo Navarro (9), Jacinto Barroso (1) y Jos\u00e9 Antonio Prieto (1).\u00a0\u00a0<\/span><\/p>\n<p><span style=\"color: #008000;\">Los goles b\u00e9ticos los marcaron Carlos Diarte (18), Julio Carde\u00f1osa (15), Rafael Gordillo (7), Javier L\u00f3pez (6), Hip\u00f3lito Rinc\u00f3n (6), Melchor L\u00f3pez (5), Horacio Moyano (5), Joaqu\u00edn Parra (5), Carlos Peruena (2), Jos\u00e9 Carlos Tello (2), Francisco Garc\u00eda \u00abFrancis\u00bb (1), Antol\u00edn Ortega (1) y Jos\u00e9 Ram\u00f3n Romo (1).\u00a0<\/span><\/p>\n<p><span style=\"color: #008000;\">Varios futbolistas b\u00e9ticos jugaron en diversas selecciones espa\u00f1olas: Gordillo con la A, Parra con la sub-21 y Romo con la juvenil.\u00a0<\/span><\/p>\n<p><span style=\"color: #008000;\">El Betis Deportivo, entrenado por Francisco Ortiz \u00abFrasco\u00bb, particip\u00f3 en el grupo X de la Tercera Divisi\u00f3n, clasific\u00e1ndose en 8\u00aa posici\u00f3n con 39 puntos, tras 13 victorias, 13 empates y 12 derrotas, con 38 goles a favor y 33 en contra.\u00a0\u00a0<\/span><\/p>\n<p><span style=\"color: #008000;\">En el terreno institucional el club estaba presidido por Juan Manuel Mauduit Caller, 55 a\u00f1os, quien cumpl\u00eda su tercera temporada al frente de la entidad. La asamblea de socios se celebr\u00f3 el 30 de julio de 1981, aprob\u00e1ndose en ella un presupuesto de 340 millones de pesetas, as\u00ed como un super\u00e1vit de 14 millones en la campa\u00f1a anterior. El traspaso de Enrique Mor\u00e1n al FC Barcelona fue la gran pol\u00e9mica de la asamblea, inform\u00e1ndose tambi\u00e9n de la pr\u00f3xima construcci\u00f3n de una ciudad deportiva junto al Gol Sur del Villamar\u00edn.\u00a0 \u00a0<\/span><\/p>\n<p><span style=\"color: #008000;\">El 4 de febrero de 1982 se celebr\u00f3 una asamblea extraordinaria con el objetivo de aprobar unos nuevos estatutos para la entidad y para dar el visto bueno a la incorporaci\u00f3n de publicidad en la camiseta del primer equipo.\u00a0<\/span><\/p>\n<p><span style=\"color: #008000;\">Esta fue la primera temporada en la historia del club en la que la secretar\u00eda b\u00e9tica se ubic\u00f3 en las dependencias del estadio, ya que hasta mayo de 1981 la secretar\u00eda verdiblanca estuvo siempre en el centro de la ciudad.<\/span><\/p>\n<p><span style=\"color: #008000;\">Otros hechos destacados de la temporada fueron el fallecimiento de tres hist\u00f3ricos jugadores b\u00e9ticos: Enrique A\u00f1ino, Manuel Nogueras \u00abManol\u00edn\u00bb y Antonio Tenorio, as\u00ed como el ex presidente Jos\u00e9 Ignacio Mantec\u00f3n. En el mes de junio el Villamar\u00edn fue escenario de 2 encuentros del Campeonato Mundial de F\u00fatbol, que enfrentaron a la selecci\u00f3n de Brasil con Escocia y Nueva Zelanda.<\/span><\/p>\n<p><span style=\"color: #008000;\">Numerosas pe\u00f1as b\u00e9ticas de fundaron a lo lo largo de la campa\u00f1a: la de Jos\u00e9 Ram\u00f3n Esnaola en Sevilla, y las Julio Carde\u00f1osa en Paterna del Campo, San Sebasti\u00e1n en Olivares y Moguer.\u00a0\u00a0<\/span><\/p>","protected":false},"excerpt":{"rendered":"<p>El 14 de julio de 1981 en el Villamar\u00edn ten\u00eda lugar la presentaci\u00f3n de la primera plantilla del Real Betis Balompi\u00e9. Al frente de ella Luis Aragon\u00e9s, quien a sus 43 a\u00f1os volv\u00eda al equipo que dej\u00f3 como futbolista en 1964 para marchar al Atl\u00e9tico de Madrid. La plantilla presentaba pocas novedades: 4 altas y&#8230;<\/p>\n","protected":false},"author":5,"featured_media":106510,"comment_status":"open","ping_status":"open","sticky":false,"template":"","format":"standard","meta":{"_kad_post_transparent":"","_kad_post_title":"","_kad_post_layout":"","_kad_post_sidebar_id":"","_kad_post_content_style":"","_kad_post_vertical_padding":"","_kad_post_feature":"","_kad_post_feature_position":"","_kad_post_header":false,"_kad_post_footer":false,"_kad_post_classname":"","_jetpack_memberships_contains_paid_content":false,"footnotes":"","jetpack_publicize_message":"","jetpack_publicize_feature_enabled":true,"jetpack_social_post_already_shared":true,"jetpack_social_options":{"image_generator_settings":{"template":"highway","default_image_id":0,"font":"","enabled":false},"version":2}},"categories":[904,906,1],"tags":[2286,18090,17884],"class_list":["post-106509","post","type-post","status-publish","format-standard","has-post-thumbnail","hentry","category-1980-1989","category-investigacion-temas","category-portada","tag-1981-82","tag-copa-1981-82","tag-liga-primera-1981-82"],"jetpack_publicize_connections":[],"jetpack_featured_media_url":"https:\/\/i0.wp.com\/www.manquepierda.com\/historiarealbetis\/files\/2026\/01\/Temporada-1981-82-.jpg?fit=970%2C580&ssl=1","jetpack_sharing_enabled":true,"jetpack_shortlink":"https:\/\/wp.me\/p1ij08-rHT","jetpack-related-posts":[],"_links":{"self":[{"href":"https:\/\/www.manquepierda.com\/historiarealbetis\/wp-json\/wp\/v2\/posts\/106509","targetHints":{"allow":["GET"]}}],"collection":[{"href":"https:\/\/www.manquepierda.com\/historiarealbetis\/wp-json\/wp\/v2\/posts"}],"about":[{"href":"https:\/\/www.manquepierda.com\/historiarealbetis\/wp-json\/wp\/v2\/types\/post"}],"author":[{"embeddable":true,"href":"https:\/\/www.manquepierda.com\/historiarealbetis\/wp-json\/wp\/v2\/users\/5"}],"replies":[{"embeddable":true,"href":"https:\/\/www.manquepierda.com\/historiarealbetis\/wp-json\/wp\/v2\/comments?post=106509"}],"version-history":[{"count":6,"href":"https:\/\/www.manquepierda.com\/historiarealbetis\/wp-json\/wp\/v2\/posts\/106509\/revisions"}],"predecessor-version":[{"id":106517,"href":"https:\/\/www.manquepierda.com\/historiarealbetis\/wp-json\/wp\/v2\/posts\/106509\/revisions\/106517"}],"wp:featuredmedia":[{"embeddable":true,"href":"https:\/\/www.manquepierda.com\/historiarealbetis\/wp-json\/wp\/v2\/media\/106510"}],"wp:attachment":[{"href":"https:\/\/www.manquepierda.com\/historiarealbetis\/wp-json\/wp\/v2\/media?parent=106509"}],"wp:term":[{"taxonomy":"category","embeddable":true,"href":"https:\/\/www.manquepierda.com\/historiarealbetis\/wp-json\/wp\/v2\/categories?post=106509"},{"taxonomy":"post_tag","embeddable":true,"href":"https:\/\/www.manquepierda.com\/historiarealbetis\/wp-json\/wp\/v2\/tags?post=106509"}],"curies":[{"name":"wp","href":"https:\/\/api.w.org\/{rel}","templated":true}]}}