{"id":106610,"date":"2026-01-25T11:00:00","date_gmt":"2026-01-25T10:00:00","guid":{"rendered":"https:\/\/www.manquepierda.com\/historiarealbetis\/?p=106610"},"modified":"2026-01-24T09:44:32","modified_gmt":"2026-01-24T08:44:32","slug":"impresiones-viajeras-vitoria-1979","status":"publish","type":"post","link":"https:\/\/www.manquepierda.com\/historiarealbetis\/impresiones-viajeras-vitoria-1979\/","title":{"rendered":"Impresiones viajeras. Vitoria. 1979"},"content":{"rendered":"<div class=\"wp-block-image\">\n<figure class=\"aligncenter size-full\"><img data-recalc-dims=\"1\" loading=\"lazy\" decoding=\"async\" width=\"700\" height=\"420\" src=\"https:\/\/i0.wp.com\/www.manquepierda.com\/historiarealbetis\/files\/2026\/01\/Mendizorroza-1.jpg?resize=700%2C420&#038;ssl=1\" alt=\"\" class=\"wp-image-106611\" srcset=\"https:\/\/i0.wp.com\/www.manquepierda.com\/historiarealbetis\/files\/2026\/01\/Mendizorroza-1.jpg?w=700&amp;ssl=1 700w, https:\/\/i0.wp.com\/www.manquepierda.com\/historiarealbetis\/files\/2026\/01\/Mendizorroza-1.jpg?resize=680%2C408&amp;ssl=1 680w, https:\/\/i0.wp.com\/www.manquepierda.com\/historiarealbetis\/files\/2026\/01\/Mendizorroza-1.jpg?resize=220%2C132&amp;ssl=1 220w\" sizes=\"auto, (max-width: 700px) 100vw, 700px\" \/><\/figure>\n<\/div>\n\n<p>En febrero de 1979 el Betis jug\u00f3 en Mendizorroza contra el Deportivo Alav\u00e9s, un partido de la jornada 22 del Campeonato de Liga de Segunda Divisi\u00f3n, y en el que el equipo verdiblanco encaj\u00f3 una fuerte derrota por 5-2. Con esta derrota el Betis perdi\u00f3 la primera posici\u00f3n de la tabla clasificatoria, y se acentu\u00f3 la crisis deportiva que conducir\u00eda en abril a la destituci\u00f3n del t\u00e9cnico Jos\u00e9 Luis Garc\u00eda Traid.<\/p>\n<p>En las p\u00e1gina de ABC el periodista Fernando Gel\u00e1n d\u00edas despu\u00e9s dej\u00f3 estas Impresiones Viajeras, centradas en las dificultades del desplazamiento y la mala planificaci\u00f3n de \u00e9ste, las an\u00e9cdotas narradas por Jaume Sabat\u00e9 y Jos\u00e9 Ram\u00f3n Esnaola, o el rumor pasado sobre el fichaje de Julio Carde\u00f1osa por el Real Madrid.<\/p>\n<p><span style=\"color: #008000;\"><em>A perro flaco todo se le vuelven pulgas. El Betis, otra vez, problemas en el desplazamiento, esperas largas en el aeropuerto, nervios e intranquilidad. Y, despu\u00e9s, un concluyente 5-2, porque en Mendizorroza solo hubo un equipo que jug\u00f3 bien: el Alav\u00e9s.<\/em><\/span><\/p>\n<p><span style=\"color: #008000;\"><strong><em>Los viajes verdiblancos.<\/em><\/strong><em> El Betis, al parecer, es diferente, completamente diferente, y si el poeta cant\u00f3 aquello de \u201cCaminante no hay camino, se hace camino al andar\u201d, el equipo verdiblanco, para cubrir su itinerario por esos campos de la geograf\u00eda espa\u00f1ola, va a tener que coger el zurr\u00f3n con sus ropajes y hacer el camino al andar. El Betis, cada vez que inicia un viaje, cada vez que intenta volar y coger en tren o en autob\u00fas, se queda parado muchas horas, atenazado y envuelto en nervios e inquietudes. Algo tiene que hacer el club, porque aparte de controladores que atrasan los vuelos o de conductores que no pisan bien el acelerador, mucha culpa de que los viajes verdiblancos no salga medianamente bien la tienen los que se encargan de programarlos.<\/em><\/span><\/p>\n<p><span style=\"color: #008000;\"><em>Jos\u00e9 Luis Garc\u00eda Traid, en la ma\u00f1ana del domingo, ten\u00eda mal aspecto. Pocas horas de sue\u00f1o, la expedici\u00f3n b\u00e9tica lleg\u00f3 a las 2 de la ma\u00f1ana a Vitoria, y un agotamiento general por las deficiencias de un pesado viaje de Sevilla hasta la tierra alavesa: \u201cYa he dicho al club, en repetidas ocasiones, que tenemos que salir el viernes cuando nos desplazamos al norte\u2026 El club se podr\u00e1 ahorrar unas pocas pesetas, pero los jugadores terminan agotados f\u00edsica y ps\u00edquicamente\u201d.<\/em><\/span><\/p>\n<p><span style=\"color: #008000;\"><strong><em>La risa del portero.<\/em><\/strong><em> Dentro de los males sufridos, los jugadores no perdieron el humor. Y en el \u201cavant match\u201d, con todas las ilusiones puestas en superar todos los problemas las an\u00e9cdotas y curiosidades se amontonan. Jaime Sabat\u00e9 nos contaba una historia que sol\u00eda repetir el entrenador Kalmar, el h\u00fangaro que estuvo en el Sevilla y, cuando el defensa b\u00e9tico jugaba en el Espa\u00f1ol, en el club periquito, cada vez que formaba parte de una tertulia: \u201cContaba el t\u00e9cnico h\u00fangaro, nos dijo Sabat\u00e9, que jugando con el Honved un partido en Par\u00eds, y estando en posesi\u00f3n del bal\u00f3n en la mitad del terreno, no pod\u00eda ver al portero del equipo contrario porque era negro y estaba vestido con ropa de color negra. Lleg\u00f3 un momento en que no sab\u00eda qu\u00e9 hacer con el cuero, hasta que se produjo en la grada Un comentario jocoso hola y el portero negro sonri\u00f3. Al ver Kalmar la blanca dentadura, \u00e9sta le sirvi\u00f3 de referencia para conocer d\u00f3nde estaba colocado el portero. Entonces se coloc\u00f3 bien el bal\u00f3n, chut\u00f3 a puerta, y marc\u00f3\u201d.<\/em><\/span><\/p>\n<p><span style=\"color: #008000;\"><strong><em>Desde los juveniles.<\/em><\/strong><em> Esnaola jug\u00f3 por primera vez en Mendizorroza con el equipo juvenil de su pueblo, el Euskalduna de Andoain, en un partido perteneciente al campeonato de esta categor\u00eda de Guip\u00fazcoa. El portero b\u00e9tico nos se\u00f1al\u00f3 que de este equipo salieron futbolistas como L\u00e1ngara, Mendiluce, Iguar\u00e1n, Arrieta, que jug\u00f3 en Logro\u00f1\u00e9s y en el Betis, Lasa, Goicoechea, que perteneci\u00f3 al equipo verdiblanco, \u00a0el portero Artola&#8230; Y al hablar de juveniles, ciertos directivos creen que ha llegado la hora de renovar seriamente ciertos puestos del equipo. Por una parte, consideran prioritaria la terminaci\u00f3n de campos de f\u00fatbol en las instalaciones de Bellavista para admitir m\u00e1s jugadores de la cantera y formarlos; desde Gordillo no hay productividad. Por otra parte, hay que acelerar la b\u00fasqueda de nuevos hombres para rejuvenecer la plantilla.<\/em><\/span><\/p>\n<p><span style=\"color: #008000;\"><em>El Betis estaba dispuesto a negociar con el Real Madrid el traspaso de Julio Carde\u00f1osa, pero la oferta en firme no existi\u00f3 m\u00e1s que en la informaci\u00f3n de un diario madrile\u00f1o. Hab\u00eda miembros de la Junta b\u00e9tica que m\u00e1s que el dinero que pudiera dar el Madrid por el mundialista, estaban interesados en 3 jugadores del Castilla. Y entre esos hombres que entraran en la oferta y en la demanda, nombres como Blanco y Pozo, reci\u00e9n fichados por el Rayo Vallecano.<\/em><\/span><\/p>\n<p><span style=\"color: #008000;\"><em>Tambi\u00e9n la vuelta de Vitoria fue conflictiva y la expedici\u00f3n verdiblanca tuvo que permanecer en Barajas m\u00e1s de 6 horas\u2026 \u201cCaminante no hay camino, se hace camino al andar&#8230;\u00bb.<\/em><\/span><\/p>","protected":false},"excerpt":{"rendered":"<p>En febrero de 1979 el Betis jug\u00f3 en Mendizorroza contra el Deportivo Alav\u00e9s, un partido de la jornada 22 del Campeonato de Liga de Segunda Divisi\u00f3n, y en el que el equipo verdiblanco encaj\u00f3 una fuerte derrota por 5-2. Con esta derrota el Betis perdi\u00f3 la primera posici\u00f3n de la tabla clasificatoria, y se acentu\u00f3&#8230;<\/p>\n","protected":false},"author":5,"featured_media":106611,"comment_status":"open","ping_status":"open","sticky":false,"template":"","format":"standard","meta":{"_kad_post_transparent":"","_kad_post_title":"","_kad_post_layout":"","_kad_post_sidebar_id":"","_kad_post_content_style":"","_kad_post_vertical_padding":"","_kad_post_feature":"","_kad_post_feature_position":"","_kad_post_header":false,"_kad_post_footer":false,"_kad_post_classname":"","_jetpack_memberships_contains_paid_content":false,"footnotes":"","jetpack_publicize_message":"","jetpack_publicize_feature_enabled":true,"jetpack_social_post_already_shared":true,"jetpack_social_options":{"image_generator_settings":{"template":"highway","default_image_id":0,"font":"","enabled":false},"version":2}},"categories":[1,1176],"tags":[1033,984,17798,18804],"class_list":["post-106610","post","type-post","status-publish","format-standard","has-post-thumbnail","hentry","category-portada","category-relatos-de-futbol","tag-1033","tag-deportivo-alaves","tag-liga-segunda-1978-79","tag-vitoria"],"jetpack_publicize_connections":[],"jetpack_featured_media_url":"https:\/\/i0.wp.com\/www.manquepierda.com\/historiarealbetis\/files\/2026\/01\/Mendizorroza-1.jpg?fit=700%2C420&ssl=1","jetpack_sharing_enabled":true,"jetpack_shortlink":"https:\/\/wp.me\/p1ij08-rJw","jetpack-related-posts":[],"_links":{"self":[{"href":"https:\/\/www.manquepierda.com\/historiarealbetis\/wp-json\/wp\/v2\/posts\/106610","targetHints":{"allow":["GET"]}}],"collection":[{"href":"https:\/\/www.manquepierda.com\/historiarealbetis\/wp-json\/wp\/v2\/posts"}],"about":[{"href":"https:\/\/www.manquepierda.com\/historiarealbetis\/wp-json\/wp\/v2\/types\/post"}],"author":[{"embeddable":true,"href":"https:\/\/www.manquepierda.com\/historiarealbetis\/wp-json\/wp\/v2\/users\/5"}],"replies":[{"embeddable":true,"href":"https:\/\/www.manquepierda.com\/historiarealbetis\/wp-json\/wp\/v2\/comments?post=106610"}],"version-history":[{"count":2,"href":"https:\/\/www.manquepierda.com\/historiarealbetis\/wp-json\/wp\/v2\/posts\/106610\/revisions"}],"predecessor-version":[{"id":106614,"href":"https:\/\/www.manquepierda.com\/historiarealbetis\/wp-json\/wp\/v2\/posts\/106610\/revisions\/106614"}],"wp:featuredmedia":[{"embeddable":true,"href":"https:\/\/www.manquepierda.com\/historiarealbetis\/wp-json\/wp\/v2\/media\/106611"}],"wp:attachment":[{"href":"https:\/\/www.manquepierda.com\/historiarealbetis\/wp-json\/wp\/v2\/media?parent=106610"}],"wp:term":[{"taxonomy":"category","embeddable":true,"href":"https:\/\/www.manquepierda.com\/historiarealbetis\/wp-json\/wp\/v2\/categories?post=106610"},{"taxonomy":"post_tag","embeddable":true,"href":"https:\/\/www.manquepierda.com\/historiarealbetis\/wp-json\/wp\/v2\/tags?post=106610"}],"curies":[{"name":"wp","href":"https:\/\/api.w.org\/{rel}","templated":true}]}}