{"id":106619,"date":"2026-01-28T11:00:00","date_gmt":"2026-01-28T10:00:00","guid":{"rendered":"https:\/\/www.manquepierda.com\/historiarealbetis\/?p=106619"},"modified":"2026-01-26T06:45:52","modified_gmt":"2026-01-26T05:45:52","slug":"la-temporada-2002-03","status":"publish","type":"post","link":"https:\/\/www.manquepierda.com\/historiarealbetis\/la-temporada-2002-03\/","title":{"rendered":"La temporada 2002-03."},"content":{"rendered":"<div class=\"wp-block-image\">\n<figure class=\"aligncenter size-full\"><img data-recalc-dims=\"1\" loading=\"lazy\" decoding=\"async\" width=\"600\" height=\"425\" src=\"https:\/\/i0.wp.com\/www.manquepierda.com\/historiarealbetis\/files\/2026\/01\/Temporada-2002-03.jpg?resize=600%2C425&#038;ssl=1\" alt=\"\" class=\"wp-image-106620\" srcset=\"https:\/\/i0.wp.com\/www.manquepierda.com\/historiarealbetis\/files\/2026\/01\/Temporada-2002-03.jpg?w=600&amp;ssl=1 600w, https:\/\/i0.wp.com\/www.manquepierda.com\/historiarealbetis\/files\/2026\/01\/Temporada-2002-03.jpg?resize=220%2C156&amp;ssl=1 220w\" sizes=\"auto, (max-width: 600px) 100vw, 600px\" \/><\/figure>\n<\/div>\n\n<p><span style=\"color: #008000;\">El 16 de julio de 2002 se iniciaba la pretemporada b\u00e9tica con la ronda de reconocimientos m\u00e9dicos, y al d\u00eda siguiente la concentraci\u00f3n en Montecastillo.<\/span><\/p>\n<p><span style=\"color: #008000;\">Al frente de la plantilla se produc\u00eda la importante novedad de la llegada de V\u00edctor Fern\u00e1ndez, el t\u00e9cnico aragon\u00e9s de 41 a\u00f1os con un destacado pasado por Zaragoza y Celta.<\/span><\/p>\n<p><span style=\"color: #008000;\">La plantilla presentaba las novedades de Alfonso P\u00e9rez (Olympique de Marsella cedido por el Barcelona), Marcos Assun\u00e7ao (Roma), Fernando Fern\u00e1ndez (Valladolid cedido por el Real Madrid) y Arturo Garc\u00eda \u00abArzu\u00bb (vuelta tras cesi\u00f3n en el C\u00f3rdoba). A lo largo de la temporada se incorporaron 3 canteranos: Juan Alberto Andreu \u00abMelli\u00bb, Francisco Jos\u00e9 Maldonado y\u00a0 Francisco Javier Flores.<\/span><\/p>\n<p><span style=\"color: #008000;\">Las bajas iniciales fueron las de Gabriel Amato (Levante), Juan Merino (Recreativo), Francisco Javier Casta\u00f1o (Levante), Victor Ikpeba (Al Ittihad), Fabio Alves \u00abFabao\u00bb (Goias), Joaqu\u00edn Valerio (cedido al Tenerife) y Antonio Est\u00e9vez (cedido al Getafe); con la temporada comenzada se produjo la cesi\u00f3n de Johannes Gudjonsson al Aston Villa.\u00a0\u00a0<\/span><\/p>\n<p><span style=\"color: #008000;\">Durante la estancia en Montecastillo se jugaron varios amistosos en la zona: Chipiona (0-7), Portuense (0-7) y Chiclana (0-4); ya en agosto amistosos en Portugal con derrota 3-2 ante el Sporting, y Grecia con derrota 4-1 frente al Olympiakos. Una tercera plaza en el Carranza, despu\u00e9s de perder 2-1 con el Valencia en la semifinal y vencer 2-1 al C\u00e1diz en la consolaci\u00f3n. Empate a 1 en el Ruiz de Lopera en el partido de presentaci\u00f3n ante el Mallorca, victoria 2-0 contra el Real Madrid en el Trofeo Bah\u00eda de Cartagena, y dos partidos finales de preparaci\u00f3n en casa, con empate a 2 contra el Catania y victoria 6-0 frente al Dinamo de Bucarest.<\/span><\/p>\n<p><span style=\"color: #008000;\">Esta temporada el Betis disput\u00f3 3 competiciones oficiales, el Campeonato de Liga de Primera Divisi\u00f3n, la Copa y la Copa de la UEFA.\u00a0<\/span><\/p>\n<p><span style=\"color: #008000;\">El torneo de Liga empez\u00f3 el 1 de septiembre de 2002 en Riazor contra el Deportivo, y finaliz\u00f3 el 22 de junio de 2003 en El Madrigal contra el Villarreal. El Betis acab\u00f3 en 8\u00aa posici\u00f3n, con 54 puntos, tras 14 victorias, 12 empates y 12 derrotas, 56 goles a favor y 53 en contra.<\/span><\/p>\n<p><span style=\"color: #008000;\">En la Copa el Betis lleg\u00f3 hasta los octavos de final, donde qued\u00f3 eliminado por el Recreativo de Huelva, tras haber dejado en la cuneta con anterioridad al Jerez CF y Palam\u00f3s.<\/span><\/p>\n<p><span style=\"color: #008000;\">En la Copa de la UEFA el Betis cay\u00f3 eliminado en dieciseisavos de final por el Auxerre, despu\u00e9s de deshacerse de Zimbru y Viktoria Zizkov.<\/span><\/p>\n<p><span style=\"color: #008000;\">En suma, una temporada bastante anodina, con unos resultados alejados del objetivo marcado.\u00a0<\/span><\/p>\n<p><span style=\"color: #008000;\">En los 48 encuentros oficiales jugados (38 de Liga, 4 de Copa y 6 de Copa de la Uefa) el Betis utiliz\u00f3 29 jugadores: Toni Prats (46), Fernando Fern\u00e1ndez (45), Joaqu\u00edn S\u00e1nchez (45), Fernando Varela (44), Arturo Garc\u00eda \u00abArzu\u00bb (43), Jes\u00fas Capit\u00e1n \u00abCapi\u00bb (40), Luis Fern\u00e1ndez (39), Marcos Assun\u00e7ao (37), Juan Guti\u00e9rrez \u00abJuanito\u00bb (33), Denilson de Oliveira (31), Antonio \u00c1lvarez \u00abIto\u00bb (31), Gast\u00f3n Casas (29), David Rivas (28), Iulian Filipescu (23), Alfonso P\u00e9rez (19), Benjam\u00edn Zarandona (19), Joao Tom\u00e1s Pataco (15), Carles Domingo \u00abMingo\u00bb (14), Juan Jos\u00e9 Ca\u00f1as (13), Washington Tais (12), Juan Alberto Andreu \u00abMelli\u00bb (10), Jose Antonio Calado (10), Daniel Mart\u00edn \u00abDani\u00bb (10), C\u00e9sar De Loma (8), David Belenguer (3), Francisco Jos\u00e9 Maldonado (3), Ronald Gaspercic (2), Francisco Javier Flores (1) y Johannes Gudjonsson (1).<\/span><\/p>\n<p><span style=\"color: #008000;\">Los goles b\u00e9ticos fueron marcados por Fernando Fern\u00e1ndez (16), Joaqu\u00edn S\u00e1nchez (12), Alfonso P\u00e9rez (8), Gast\u00f3n Casas (6), Marcos Assun\u00e7ao (6), Jes\u00fas Capit\u00e1n \u00abCapi\u00bb (5), Daniel Mart\u00edn \u00abDani\u00bb (4), Arturo Garc\u00eda \u00abArzu\u00bb (4), Denilson de Oliveira (3), Fernando Varela (2), Iulian Filipescu (2), Juan Guti\u00e9rrez \u00abJuanito\u00bb (2), David Rivas (1), Washington Tais (1) y Joao Tom\u00e1s Pataco (1).<\/span><\/p>\n<p><span style=\"color: #008000;\">Con la selecci\u00f3n absoluta participaron 3 futbolista b\u00e9ticos: Joaqu\u00edn, que jug\u00f3 9 partidos, Capi, que lo hizo en 3, y Juanito, que particip\u00f3 en 2. Con la sub 19 jug\u00f3 Melli y con la sub 21 Arzu y Melli.<\/span><\/p>\n<p><span style=\"color: #008000;\">El filial b\u00e9tico, el Betis B, dirigido por Miguel Valenzuela, milit\u00f3 en el grupo IV de Segunda B, donde finaliz\u00f3 en la posici\u00f3n 15\u00aa con 45 puntos, tras 11 victorias, 12 empates y 15 derrotas, con 44 goles a favor y 45 en contra.\u00a0<\/span><\/p>\n<p><span style=\"color: #008000;\">En la presidencia del club continuaba Manuel Ruiz de Lopera, 58 a\u00f1os, en su octava temporada en el puesto dirigente. La junta de accionistas se celebr\u00f3 el 25 de noviembre.<\/span><\/p>\n<p><span style=\"color: #008000;\">Otras noticias destacadas de la temporada fueron el fallecimiento de relevantes personas ligadas a la historia b\u00e9tica, como el entrenador Antonio Barrios, el presidente Julio De la Puerta o los futbolistas Pedro Areso y Le\u00f3n Lasa.\u00a0<\/span><\/p>\n<p><span style=\"color: #008000;\">Tambi\u00e9n la fundaci\u00f3n de pe\u00f1as como la Minera de Minas de Riotinto, la de Marbella o la de Peligros.\u00a0\u00a0<\/span><\/p>","protected":false},"excerpt":{"rendered":"<p>El 16 de julio de 2002 se iniciaba la pretemporada b\u00e9tica con la ronda de reconocimientos m\u00e9dicos, y al d\u00eda siguiente la concentraci\u00f3n en Montecastillo. Al frente de la plantilla se produc\u00eda la importante novedad de la llegada de V\u00edctor Fern\u00e1ndez, el t\u00e9cnico aragon\u00e9s de 41 a\u00f1os con un destacado pasado por Zaragoza y Celta&#8230;.<\/p>\n","protected":false},"author":5,"featured_media":106620,"comment_status":"open","ping_status":"open","sticky":false,"template":"","format":"standard","meta":{"_kad_post_transparent":"","_kad_post_title":"","_kad_post_layout":"","_kad_post_sidebar_id":"","_kad_post_content_style":"","_kad_post_vertical_padding":"","_kad_post_feature":"","_kad_post_feature_position":"","_kad_post_header":false,"_kad_post_footer":false,"_kad_post_classname":"","_jetpack_memberships_contains_paid_content":false,"footnotes":"","jetpack_publicize_message":"","jetpack_publicize_feature_enabled":true,"jetpack_social_post_already_shared":true,"jetpack_social_options":{"image_generator_settings":{"template":"highway","default_image_id":0,"font":"","enabled":false},"version":2}},"categories":[4823,906,1],"tags":[4825,18396,17980,17930],"class_list":["post-106619","post","type-post","status-publish","format-standard","has-post-thumbnail","hentry","category-2000-2009","category-investigacion-temas","category-portada","tag-2002-03","tag-copa-2002-03","tag-copa-uefa-2002-03","tag-liga-primera-2002-03"],"jetpack_publicize_connections":[],"jetpack_featured_media_url":"https:\/\/i0.wp.com\/www.manquepierda.com\/historiarealbetis\/files\/2026\/01\/Temporada-2002-03.jpg?fit=600%2C425&ssl=1","jetpack_sharing_enabled":true,"jetpack_shortlink":"https:\/\/wp.me\/p1ij08-rJF","jetpack-related-posts":[],"_links":{"self":[{"href":"https:\/\/www.manquepierda.com\/historiarealbetis\/wp-json\/wp\/v2\/posts\/106619","targetHints":{"allow":["GET"]}}],"collection":[{"href":"https:\/\/www.manquepierda.com\/historiarealbetis\/wp-json\/wp\/v2\/posts"}],"about":[{"href":"https:\/\/www.manquepierda.com\/historiarealbetis\/wp-json\/wp\/v2\/types\/post"}],"author":[{"embeddable":true,"href":"https:\/\/www.manquepierda.com\/historiarealbetis\/wp-json\/wp\/v2\/users\/5"}],"replies":[{"embeddable":true,"href":"https:\/\/www.manquepierda.com\/historiarealbetis\/wp-json\/wp\/v2\/comments?post=106619"}],"version-history":[{"count":11,"href":"https:\/\/www.manquepierda.com\/historiarealbetis\/wp-json\/wp\/v2\/posts\/106619\/revisions"}],"predecessor-version":[{"id":106650,"href":"https:\/\/www.manquepierda.com\/historiarealbetis\/wp-json\/wp\/v2\/posts\/106619\/revisions\/106650"}],"wp:featuredmedia":[{"embeddable":true,"href":"https:\/\/www.manquepierda.com\/historiarealbetis\/wp-json\/wp\/v2\/media\/106620"}],"wp:attachment":[{"href":"https:\/\/www.manquepierda.com\/historiarealbetis\/wp-json\/wp\/v2\/media?parent=106619"}],"wp:term":[{"taxonomy":"category","embeddable":true,"href":"https:\/\/www.manquepierda.com\/historiarealbetis\/wp-json\/wp\/v2\/categories?post=106619"},{"taxonomy":"post_tag","embeddable":true,"href":"https:\/\/www.manquepierda.com\/historiarealbetis\/wp-json\/wp\/v2\/tags?post=106619"}],"curies":[{"name":"wp","href":"https:\/\/api.w.org\/{rel}","templated":true}]}}