{"id":106629,"date":"2026-01-26T11:00:00","date_gmt":"2026-01-26T10:00:00","guid":{"rendered":"https:\/\/www.manquepierda.com\/historiarealbetis\/?p=106629"},"modified":"2026-01-24T16:18:09","modified_gmt":"2026-01-24T15:18:09","slug":"entrevista-tomas-olias-1996","status":"publish","type":"post","link":"https:\/\/www.manquepierda.com\/historiarealbetis\/entrevista-tomas-olias-1996\/","title":{"rendered":"Entrevista Tom\u00e1s Ol\u00edas 1996."},"content":{"rendered":"<div class=\"wp-block-image\">\n<figure class=\"aligncenter size-full is-resized\"><img data-recalc-dims=\"1\" loading=\"lazy\" decoding=\"async\" width=\"132\" height=\"162\" src=\"https:\/\/i0.wp.com\/www.manquepierda.com\/historiarealbetis\/files\/2026\/01\/Olias.png?resize=132%2C162&#038;ssl=1\" alt=\"\" class=\"wp-image-106631\" style=\"width:222px;height:auto\"\/><\/figure>\n<\/div>\n\n<p>\u00a0En la temporada 1995-96 el defensor b\u00e9tico Tom\u00e1s Ol\u00edas no cont\u00f3 con la titularidad tan clara como hab\u00eda tenido en campa\u00f1as anteriores. La competencia en la alineaci\u00f3n verdiblanca era m\u00e1s acentuada que en campa\u00f1as anteriores, lo que se pone de manifiesto en esta entrevista publicada en febrero de 1996, en v\u00edspera de jugar el Betis en San Mam\u00e9s, en donde se impuso 0-1 con gol de Jarni, y con Ol\u00edas en el centro de la defensa formando pareja con Juan Merino.<\/p>\n<p><span style=\"color: #008000;\"><em>Ha conseguido que no se eche de menos a los inquilinos naturales del eje central defensivo de su equipo. La temporada de Ol\u00edas est\u00e1 estrechamente vinculada a las adversidades de sus compa\u00f1eros en la zaga. Su concurso casi siempre estuvo propiciado por la baja de Vidakovic o Ure\u00f1a. Unas circunstancias que vuelven a repetirse una semana m\u00e1s, y que le hacen acreedor de una camiseta de titular el pr\u00f3ximo domingo en San Mam\u00e9s.<\/em><\/span><\/p>\n<ul>\n<li><span style=\"color: #008000;\"><em>La baja por sanci\u00f3n de Risto Vidakovic le augura un puesto de titular el domingo en San Mam\u00e9s punto una situaci\u00f3n a la que parece estar vinculado en esta temporada\u2026<\/em><\/span><\/li>\n<li><span style=\"color: #008000;\"><em>Tengo bastante fe y mucha ilusi\u00f3n en poder jugar este partido. Aparte de la baja de Vidakovic, ten\u00eda esperanzas porque en los partidos de fuera el entrenador suele apostar por adelantar a Merino al centro del campo<\/em><\/span><\/li>\n<li><span style=\"color: #008000;\"><em>\u00bfLe da rabia solo contar para el entrenador para cubrir el puesto que alg\u00fan compa\u00f1ero deja vacante por lesi\u00f3n o sanci\u00f3n?<\/em><\/span><\/li>\n<li><span style=\"color: #008000;\"><em>S\u00ed que da mucha rabia no poder gozar de la continuidad que creo que he merecido esta temporada en diferentes momentos. Pero tambi\u00e9n entiendo al entrenador. \u00c9l conf\u00eda en unos jugadores y es normal que mantenga ese bloque. En cualquier caso, yo estoy muy satisfecho de mi trabajo y de mi aportaci\u00f3n al equipo, Y esta situaci\u00f3n solo me ayuda a encorajinar me m\u00e1s de lo habitual<\/em><\/span><\/li>\n<li><span style=\"color: #008000;\"><em>\u00bfHa llegado en alg\u00fan momento a desesperarse por su eterna suplencia?<\/em><\/span><\/li>\n<li><span style=\"color: #008000;\"><em>Desesperarme, no; pero llega un momento en que no lo llegas a entender del todo<\/em><\/span><\/li>\n<li><span style=\"color: #008000;\"><em>Como parte afectada, el Betis parece esta temporada m\u00e1s fr\u00e1gil en defensa que la pasada \u00bfExiste una explicaci\u00f3n l\u00f3gica a esta cuesti\u00f3n?<\/em><\/span><\/li>\n<li><span style=\"color: #008000;\"><em>No conozco la explicaci\u00f3n. Creo que deben ser los t\u00e9cnicos quienes opinen al respecto<\/em><\/span><\/li>\n<li><span style=\"color: #008000;\"><em>\u00bfTal vez se deba a un baj\u00f3n de jugadores claves en esos puestos, como puede ser el caso paradigm\u00e1tico de Vidakovic?<\/em><\/span><\/li>\n<li><span style=\"color: #008000;\"><em>No creo que esa sea la raz\u00f3n. Pienso que el Betis este a\u00f1o sale m\u00e1s a atacar y a crear ocasiones, mientras que los rivales se meten m\u00e1s atr\u00e1s y tratan de sorprendernos al contragolpe. Pero, a pesar de todo, creo que el equipo defensivamente est\u00e1 funcionando bien<\/em><\/span><\/li>\n<li><span style=\"color: #008000;\"><em>Convendr\u00e1 que en el Benito Villamar\u00edn al Betis le est\u00e1 costando este a\u00f1o much\u00edsimo trabajo salir airoso, y el aficionado empieza a reprobar la actuaci\u00f3n de su equipo\u2026<\/em><\/span><\/li>\n<li><span style=\"color: #008000;\"><em>Desgraciadamente, este a\u00f1o nuestra espina clavada la tenemos en casa. No estamos jugando bien, creamos pocas ocasiones de gol, y llevamos ya varios partidos que no estamos haciendo un juego fluido. Es cierto que debemos mejorar nuestro juego en casa, que es nuestra asignatura pendiente, pero eso tiene que venir con trabajo y con tiempo<\/em><\/span><\/li>\n<li><span style=\"color: #008000;\"><em>Su compromiso con el Betis acaba el pr\u00f3ximo 30 de junio. \u00bfCree su futuro est\u00e1 en Sevilla?<\/em><\/span><\/li>\n<li><span style=\"color: #008000;\"><em>A m\u00ed me gustar\u00eda seguir en el Betis, porque es un equipo puntero, con mucha solera y, adem\u00e1s, estoy muy a gusto en Sevilla. Pero hasta que no firme el nuevo contrato no me quedar\u00e9 tranquilo. Desde luego, si me sale cualquier otra oferta est\u00e1 claro que al menos la estudiar\u00e9<\/em><\/span><\/li>\n<li><span style=\"color: #008000;\"><em>El Betis comparece el domingo en San Mam\u00e9s, un campo que en los \u00faltimos a\u00f1os no ha sido propicio para los intereses verdiblancos<\/em><\/span><\/li>\n<li><span style=\"color: #008000;\"><em>Es verdad que no se nos ha dado bien el Bilbao las dos veces que hemos jugado all\u00ed \u00faltimamente. Pero est\u00e1 claro que cada partido es diferente y nosotros debemos ir sin ning\u00fan tipo de miedo y mentalizados de que podemos sacar all\u00ed un resultado positivo. Tampoco el Athletic es nada del otro mundo<\/em><\/span><\/li>\n<\/ul>\n\n\n<p><\/p>\n","protected":false},"excerpt":{"rendered":"<p>\u00a0En la temporada 1995-96 el defensor b\u00e9tico Tom\u00e1s Ol\u00edas no cont\u00f3 con la titularidad tan clara como hab\u00eda tenido en campa\u00f1as anteriores. La competencia en la alineaci\u00f3n verdiblanca era m\u00e1s acentuada que en campa\u00f1as anteriores, lo que se pone de manifiesto en esta entrevista publicada en febrero de 1996, en v\u00edspera de jugar el Betis&#8230;<\/p>\n","protected":false},"author":5,"featured_media":106631,"comment_status":"open","ping_status":"open","sticky":false,"template":"","format":"standard","meta":{"_kad_post_transparent":"","_kad_post_title":"","_kad_post_layout":"","_kad_post_sidebar_id":"","_kad_post_content_style":"","_kad_post_vertical_padding":"","_kad_post_feature":"","_kad_post_feature_position":"","_kad_post_header":false,"_kad_post_footer":false,"_kad_post_classname":"","_jetpack_memberships_contains_paid_content":false,"footnotes":"","jetpack_publicize_message":"","jetpack_publicize_feature_enabled":true,"jetpack_social_post_already_shared":true,"jetpack_social_options":{"image_generator_settings":{"template":"highway","default_image_id":0,"font":"","enabled":false},"version":2}},"categories":[905,893,1],"tags":[3291,1335],"class_list":["post-106629","post","type-post","status-publish","format-standard","has-post-thumbnail","hentry","category-1990-1999","category-jugadores-temas","category-portada","tag-3291","tag-tomas-olias"],"jetpack_publicize_connections":[],"jetpack_featured_media_url":"https:\/\/i0.wp.com\/www.manquepierda.com\/historiarealbetis\/files\/2026\/01\/Olias.png?fit=132%2C162&ssl=1","jetpack_sharing_enabled":true,"jetpack_shortlink":"https:\/\/wp.me\/p1ij08-rJP","jetpack-related-posts":[],"_links":{"self":[{"href":"https:\/\/www.manquepierda.com\/historiarealbetis\/wp-json\/wp\/v2\/posts\/106629","targetHints":{"allow":["GET"]}}],"collection":[{"href":"https:\/\/www.manquepierda.com\/historiarealbetis\/wp-json\/wp\/v2\/posts"}],"about":[{"href":"https:\/\/www.manquepierda.com\/historiarealbetis\/wp-json\/wp\/v2\/types\/post"}],"author":[{"embeddable":true,"href":"https:\/\/www.manquepierda.com\/historiarealbetis\/wp-json\/wp\/v2\/users\/5"}],"replies":[{"embeddable":true,"href":"https:\/\/www.manquepierda.com\/historiarealbetis\/wp-json\/wp\/v2\/comments?post=106629"}],"version-history":[{"count":3,"href":"https:\/\/www.manquepierda.com\/historiarealbetis\/wp-json\/wp\/v2\/posts\/106629\/revisions"}],"predecessor-version":[{"id":106635,"href":"https:\/\/www.manquepierda.com\/historiarealbetis\/wp-json\/wp\/v2\/posts\/106629\/revisions\/106635"}],"wp:featuredmedia":[{"embeddable":true,"href":"https:\/\/www.manquepierda.com\/historiarealbetis\/wp-json\/wp\/v2\/media\/106631"}],"wp:attachment":[{"href":"https:\/\/www.manquepierda.com\/historiarealbetis\/wp-json\/wp\/v2\/media?parent=106629"}],"wp:term":[{"taxonomy":"category","embeddable":true,"href":"https:\/\/www.manquepierda.com\/historiarealbetis\/wp-json\/wp\/v2\/categories?post=106629"},{"taxonomy":"post_tag","embeddable":true,"href":"https:\/\/www.manquepierda.com\/historiarealbetis\/wp-json\/wp\/v2\/tags?post=106629"}],"curies":[{"name":"wp","href":"https:\/\/api.w.org\/{rel}","templated":true}]}}