{"id":106670,"date":"2026-01-31T11:00:00","date_gmt":"2026-01-31T10:00:00","guid":{"rendered":"https:\/\/www.manquepierda.com\/historiarealbetis\/?p=106670"},"modified":"2026-01-28T08:01:37","modified_gmt":"2026-01-28T07:01:37","slug":"nos-visita-el-valencia-cf-12","status":"publish","type":"post","link":"https:\/\/www.manquepierda.com\/historiarealbetis\/nos-visita-el-valencia-cf-12\/","title":{"rendered":"Nos visita el Valencia CF."},"content":{"rendered":"<div class=\"wp-block-image\">\n<figure class=\"aligncenter size-full\"><img data-recalc-dims=\"1\" loading=\"lazy\" decoding=\"async\" width=\"537\" height=\"326\" src=\"https:\/\/i0.wp.com\/www.manquepierda.com\/historiarealbetis\/files\/2026\/01\/Bandera-Valencia.jpg?resize=537%2C326&#038;ssl=1\" alt=\"\" class=\"wp-image-106671\" srcset=\"https:\/\/i0.wp.com\/www.manquepierda.com\/historiarealbetis\/files\/2026\/01\/Bandera-Valencia.jpg?w=537&amp;ssl=1 537w, https:\/\/i0.wp.com\/www.manquepierda.com\/historiarealbetis\/files\/2026\/01\/Bandera-Valencia.jpg?resize=220%2C134&amp;ssl=1 220w\" sizes=\"auto, (max-width: 537px) 100vw, 537px\" \/><\/figure>\n<\/div>\n\n<p>\u00a0<\/p>\n<p>Ma\u00f1ana a las 16,15 horas recibiremos en La Cartuja al Valencia Club de F\u00fatbol. Fundado en 1919 ha disputado 91 temporadas en Primera y 4 en Segunda, siendo campe\u00f3n de Liga en 6 ocasiones y de Copa en 8.<\/p>\n<p>La primera visita valencianista a terreno b\u00e9tico se produjo el 1 de abril de 1928 en partido de Copa que concluy\u00f3 con victoria visitante por 0-1, gol obra de Picol\u00edn.<\/p>\n<p>Han sido en total 73 los partidos oficiales\u00a0disputados en terreno b\u00e9tico, repartidos as\u00ed: 58 partidos en Liga de Primera Divisi\u00f3n (27 victorias b\u00e9ticas, 18 empates y 13 victorias valencianistas), 3 partidos en Liga de Segunda (1 victoria local, 1 empate y 1 victoria visitante), 9 partidos de Copa (3 victorias del Betis, 2 empates y 4 victorias del Valencia),\u00a02 partidos de Copa de la Liga (2 victorias del Betis) y 1 partido del Campeonato Mancomunado (1 victoria del Valencia).<\/p>\n<p>De estos 73 partidos 10 se jugaron en el Patronato, 6 en Heli\u00f3polis, 48 en el Benito Villamar\u00edn y 9 en el Ruiz de Lopera.<\/p>\n<p>Son 406 los futbolistas que el Betis ha utilizado en estos encuentros jugados en terreno verdiblanco. Esnaola y Joaqu\u00edn, en 12 partidos, son los que m\u00e1s han jugado, seguidos de Carde\u00f1osa en 10 encuentros. Luis y Rinc\u00f3n, con 4 goles, son los m\u00e1ximos anotadores b\u00e9ticos, seguidos de Diarte, Rub\u00e9n Castro, Sabas, Salva Sevilla y Unamuno con 3.\u00a0\u00a0<\/p>\n<p>Patrick O\u00b4Connell, Lorenzo Serra, Manuel Pellegrini y Ferenc Szusza son los t\u00e9cnicos que en m\u00e1s ocasiones han dirigido un Betis-Valencia, en 5 cada uno de ellos, seguidos por Luis Carriega.\u00a0<\/p>\n<p>El t\u00e9cnico valencianista Carlos Corber\u00e1n se ha enfrentado al Betis en 2 ocasiones, ambas con el cuadro ch\u00e9, con el resultado de 2 empates.<\/p>\n<p>Entre los jugadores que han militado en los dos clubes podemos destacar a Fernando Ansola, Antonio Mart\u00ednez \u201cAnt\u00f3n\u201d, Esteban Areta, Antonio Barrag\u00e1n, Sergio Canales, \u00a0Leopoldo Capillas, Antonio Conde, Carlos Diarte, Jos\u00e9 G\u00e1lvez, Alfredo Greus, Guido Rodr\u00edguez, Isco Alarc\u00f3n, Joaqu\u00edn S\u00e1nchez, Sim\u00f3n Lecue, \u00c1ngel Iglesias \u201cMachicha\u201d, Mart\u00edn Montoya, Vicente Morera, Jos\u00e9 Nebot, Manuel Hern\u00e1ndez \u201cNolito\u201d, Ricardo Oliveira, Jorge Otero, Dorlan Pab\u00f3n, Jos\u00e9 Manuel Pesudo, Cristiano Piccini, \u00a0Joaqu\u00edn Sierra \u201cQuino\u201d, Antonio Rey, Enrique Romero, Salustiano S\u00e1nchez, Stephen Sunny, Gabriel Su\u00f1er, Antonio Telech\u00eda, V\u00edctor Ruiz, Jorge Vila y Francisco Javier Mu\u00f1oz \u201cXisco\u201d.<\/p>\n<p>Entre los entrenadores Carlos Iturraspe, Domingo Balmanya, Sabino Barinaga, Marcel Domingo, Guus Hiddink, Luis Aragon\u00e9s y H\u00e9ctor C\u00faper.<\/p>\n<p>\u00a0<\/p>\n<p>\u00a0<\/p>\n<p>\u00a0<\/p>","protected":false},"excerpt":{"rendered":"<p>\u00a0 Ma\u00f1ana a las 16,15 horas recibiremos en La Cartuja al Valencia Club de F\u00fatbol. Fundado en 1919 ha disputado 91 temporadas en Primera y 4 en Segunda, siendo campe\u00f3n de Liga en 6 ocasiones y de Copa en 8. La primera visita valencianista a terreno b\u00e9tico se produjo el 1 de abril de 1928&#8230;<\/p>\n","protected":false},"author":5,"featured_media":106671,"comment_status":"open","ping_status":"open","sticky":false,"template":"","format":"standard","meta":{"_kad_post_transparent":"","_kad_post_title":"","_kad_post_layout":"","_kad_post_sidebar_id":"","_kad_post_content_style":"","_kad_post_vertical_padding":"","_kad_post_feature":"","_kad_post_feature_position":"","_kad_post_header":false,"_kad_post_footer":false,"_kad_post_classname":"","_jetpack_memberships_contains_paid_content":false,"footnotes":"","jetpack_publicize_message":"","jetpack_publicize_feature_enabled":true,"jetpack_social_post_already_shared":true,"jetpack_social_options":{"image_generator_settings":{"template":"highway","default_image_id":0,"font":"","enabled":false},"version":2}},"categories":[895,1],"tags":[1041,4094,16185,1460,1617,3026,1527,1009,3586,17557,18207,9437,3285,1317,2903,3585,3286,18583,4086,3289,18312,3912,1621,1077,1318,3278,1313,3283,4083,1456,4084,17754,566,1046,1110,3028,16817,1043,4069,2285,1447,18321],"class_list":["post-106670","post","type-post","status-publish","format-standard","has-post-thumbnail","hentry","category-los-rivales","category-portada","tag-alfredo-greus","tag-angel-iglesias-machicha","tag-antonio-barragan","tag-antonio-conde","tag-antonio-martinez-anton","tag-antonio-rey","tag-antonio-telechia","tag-carlos-diarte","tag-carlos-iturraspe","tag-cristiano-piccini","tag-domingo-balmanya","tag-dorlan-pabon","tag-enrique-romero","tag-esteban-areta","tag-fernando-ansola","tag-francisco-javier-munoz-xisco","tag-gabriel-suner","tag-guido-rodriguez","tag-guus-hiddink","tag-hector-cuper","tag-isco-alarcon","tag-joaquin-sanchez","tag-joaquin-sierra-quino","tag-jorge-otero","tag-jorge-vila","tag-jose-galvez","tag-jose-manuel-pesudo","tag-jose-nebot","tag-leopoldo-capillas","tag-luis-aragones","tag-manuel-hernandez-nolito","tag-marcel-domingo","tag-martin-montoya","tag-ricardo-oliveira","tag-sabino-barinaga","tag-salustiano-sanchez","tag-sergio-canales","tag-simon-lecue","tag-stephen-sunny","tag-valencia-cf","tag-vicente-morera","tag-victor-ruiz"],"jetpack_publicize_connections":[],"jetpack_featured_media_url":"https:\/\/i0.wp.com\/www.manquepierda.com\/historiarealbetis\/files\/2026\/01\/Bandera-Valencia.jpg?fit=537%2C326&ssl=1","jetpack_sharing_enabled":true,"jetpack_shortlink":"https:\/\/wp.me\/p1ij08-rKu","jetpack-related-posts":[],"_links":{"self":[{"href":"https:\/\/www.manquepierda.com\/historiarealbetis\/wp-json\/wp\/v2\/posts\/106670","targetHints":{"allow":["GET"]}}],"collection":[{"href":"https:\/\/www.manquepierda.com\/historiarealbetis\/wp-json\/wp\/v2\/posts"}],"about":[{"href":"https:\/\/www.manquepierda.com\/historiarealbetis\/wp-json\/wp\/v2\/types\/post"}],"author":[{"embeddable":true,"href":"https:\/\/www.manquepierda.com\/historiarealbetis\/wp-json\/wp\/v2\/users\/5"}],"replies":[{"embeddable":true,"href":"https:\/\/www.manquepierda.com\/historiarealbetis\/wp-json\/wp\/v2\/comments?post=106670"}],"version-history":[{"count":2,"href":"https:\/\/www.manquepierda.com\/historiarealbetis\/wp-json\/wp\/v2\/posts\/106670\/revisions"}],"predecessor-version":[{"id":106673,"href":"https:\/\/www.manquepierda.com\/historiarealbetis\/wp-json\/wp\/v2\/posts\/106670\/revisions\/106673"}],"wp:featuredmedia":[{"embeddable":true,"href":"https:\/\/www.manquepierda.com\/historiarealbetis\/wp-json\/wp\/v2\/media\/106671"}],"wp:attachment":[{"href":"https:\/\/www.manquepierda.com\/historiarealbetis\/wp-json\/wp\/v2\/media?parent=106670"}],"wp:term":[{"taxonomy":"category","embeddable":true,"href":"https:\/\/www.manquepierda.com\/historiarealbetis\/wp-json\/wp\/v2\/categories?post=106670"},{"taxonomy":"post_tag","embeddable":true,"href":"https:\/\/www.manquepierda.com\/historiarealbetis\/wp-json\/wp\/v2\/tags?post=106670"}],"curies":[{"name":"wp","href":"https:\/\/api.w.org\/{rel}","templated":true}]}}