{"id":106881,"date":"2026-03-13T13:00:00","date_gmt":"2026-03-13T12:00:00","guid":{"rendered":"https:\/\/www.manquepierda.com\/historiarealbetis\/?p=106881"},"modified":"2026-02-13T17:10:21","modified_gmt":"2026-02-13T16:10:21","slug":"hoy-hace-40-anos-luis-del-sol-nuevo-tecnico","status":"publish","type":"post","link":"https:\/\/www.manquepierda.com\/historiarealbetis\/hoy-hace-40-anos-luis-del-sol-nuevo-tecnico\/","title":{"rendered":"Hoy hace 40 a\u00f1os. Luis Del Sol, nuevo t\u00e9cnico."},"content":{"rendered":"<div class=\"wp-block-image\">\n<figure class=\"aligncenter size-full\"><img data-recalc-dims=\"1\" loading=\"lazy\" decoding=\"async\" width=\"636\" height=\"440\" src=\"https:\/\/i0.wp.com\/www.manquepierda.com\/historiarealbetis\/files\/2026\/02\/13-1986-Luis-Del-Sol-nuevo-entrenador-1.jpg?resize=636%2C440&#038;ssl=1\" alt=\"\" class=\"wp-image-106883\" srcset=\"https:\/\/i0.wp.com\/www.manquepierda.com\/historiarealbetis\/files\/2026\/02\/13-1986-Luis-Del-Sol-nuevo-entrenador-1.jpg?w=636&amp;ssl=1 636w, https:\/\/i0.wp.com\/www.manquepierda.com\/historiarealbetis\/files\/2026\/02\/13-1986-Luis-Del-Sol-nuevo-entrenador-1.jpg?resize=220%2C152&amp;ssl=1 220w\" sizes=\"auto, (max-width: 636px) 100vw, 636px\" \/><\/figure>\n<\/div>\n\n<p><span style=\"color: #008000;\">El 13 de marzo de 1986 Luis Del Sol es nombrado entrenador de la primera plantilla del Real Betis Balompi\u00e9, en sustituci\u00f3n de Luis Carriega quien hab\u00eda dimitido del cargo el d\u00eda anterior.<\/span><\/p>\n<p><span style=\"color: #008000;\">Luis Del Sol, a sus 50 a\u00f1os, llegaba al cargo de m\u00e1ximo responsable del primer equipo, cuando s\u00f3lo en la jornada anterior hab\u00eda llegado al cargo de entrenador del Betis Deportivo, en sustituci\u00f3n de Jos\u00e9 Enrique D\u00edaz, desde su puesto de t\u00e9cnico del equipo juvenil.<\/span><\/p>","protected":false},"excerpt":{"rendered":"<p>El 13 de marzo de 1986 Luis Del Sol es nombrado entrenador de la primera plantilla del Real Betis Balompi\u00e9, en sustituci\u00f3n de Luis Carriega quien hab\u00eda dimitido del cargo el d\u00eda anterior. Luis Del Sol, a sus 50 a\u00f1os, llegaba al cargo de m\u00e1ximo responsable del primer equipo, cuando s\u00f3lo en la jornada anterior&#8230;<\/p>\n","protected":false},"author":5,"featured_media":106883,"comment_status":"open","ping_status":"open","sticky":false,"template":"","format":"standard","meta":{"_kad_post_transparent":"","_kad_post_title":"","_kad_post_layout":"","_kad_post_sidebar_id":"","_kad_post_content_style":"","_kad_post_vertical_padding":"","_kad_post_feature":"","_kad_post_feature_position":"","_kad_post_header":false,"_kad_post_footer":false,"_kad_post_classname":"","_jetpack_memberships_contains_paid_content":false,"footnotes":"","jetpack_publicize_message":"","jetpack_publicize_feature_enabled":true,"jetpack_social_post_already_shared":true,"jetpack_social_options":{"image_generator_settings":{"template":"highway","default_image_id":0,"font":"","enabled":false},"version":2}},"categories":[904,14583,1],"tags":[1611,541],"class_list":["post-106881","post","type-post","status-publish","format-standard","has-post-thumbnail","hentry","category-1980-1989","category-efemerides","category-portada","tag-1611","tag-luis-del-sol"],"jetpack_publicize_connections":[],"jetpack_featured_media_url":"https:\/\/i0.wp.com\/www.manquepierda.com\/historiarealbetis\/files\/2026\/02\/13-1986-Luis-Del-Sol-nuevo-entrenador-1.jpg?fit=636%2C440&ssl=1","jetpack_sharing_enabled":true,"jetpack_shortlink":"https:\/\/wp.me\/p1ij08-rNT","jetpack-related-posts":[],"_links":{"self":[{"href":"https:\/\/www.manquepierda.com\/historiarealbetis\/wp-json\/wp\/v2\/posts\/106881","targetHints":{"allow":["GET"]}}],"collection":[{"href":"https:\/\/www.manquepierda.com\/historiarealbetis\/wp-json\/wp\/v2\/posts"}],"about":[{"href":"https:\/\/www.manquepierda.com\/historiarealbetis\/wp-json\/wp\/v2\/types\/post"}],"author":[{"embeddable":true,"href":"https:\/\/www.manquepierda.com\/historiarealbetis\/wp-json\/wp\/v2\/users\/5"}],"replies":[{"embeddable":true,"href":"https:\/\/www.manquepierda.com\/historiarealbetis\/wp-json\/wp\/v2\/comments?post=106881"}],"version-history":[{"count":2,"href":"https:\/\/www.manquepierda.com\/historiarealbetis\/wp-json\/wp\/v2\/posts\/106881\/revisions"}],"predecessor-version":[{"id":106886,"href":"https:\/\/www.manquepierda.com\/historiarealbetis\/wp-json\/wp\/v2\/posts\/106881\/revisions\/106886"}],"wp:featuredmedia":[{"embeddable":true,"href":"https:\/\/www.manquepierda.com\/historiarealbetis\/wp-json\/wp\/v2\/media\/106883"}],"wp:attachment":[{"href":"https:\/\/www.manquepierda.com\/historiarealbetis\/wp-json\/wp\/v2\/media?parent=106881"}],"wp:term":[{"taxonomy":"category","embeddable":true,"href":"https:\/\/www.manquepierda.com\/historiarealbetis\/wp-json\/wp\/v2\/categories?post=106881"},{"taxonomy":"post_tag","embeddable":true,"href":"https:\/\/www.manquepierda.com\/historiarealbetis\/wp-json\/wp\/v2\/tags?post=106881"}],"curies":[{"name":"wp","href":"https:\/\/api.w.org\/{rel}","templated":true}]}}