{"id":107095,"date":"2026-03-11T11:00:00","date_gmt":"2026-03-11T10:00:00","guid":{"rendered":"https:\/\/www.manquepierda.com\/historiarealbetis\/?p=107095"},"modified":"2026-03-08T14:46:24","modified_gmt":"2026-03-08T13:46:24","slug":"la-temporada-1995-96","status":"publish","type":"post","link":"https:\/\/www.manquepierda.com\/historiarealbetis\/la-temporada-1995-96\/","title":{"rendered":"La temporada 1995-96."},"content":{"rendered":"<div class=\"wp-block-image\">\n<figure class=\"aligncenter size-full\"><img data-recalc-dims=\"1\" loading=\"lazy\" decoding=\"async\" width=\"948\" height=\"598\" src=\"https:\/\/i0.wp.com\/www.manquepierda.com\/historiarealbetis\/files\/2026\/03\/Temporada-1995-96.jpg?resize=948%2C598&#038;ssl=1\" alt=\"\" class=\"wp-image-107096\" srcset=\"https:\/\/i0.wp.com\/www.manquepierda.com\/historiarealbetis\/files\/2026\/03\/Temporada-1995-96.jpg?w=948&amp;ssl=1 948w, https:\/\/i0.wp.com\/www.manquepierda.com\/historiarealbetis\/files\/2026\/03\/Temporada-1995-96.jpg?resize=680%2C429&amp;ssl=1 680w, https:\/\/i0.wp.com\/www.manquepierda.com\/historiarealbetis\/files\/2026\/03\/Temporada-1995-96.jpg?resize=220%2C139&amp;ssl=1 220w, https:\/\/i0.wp.com\/www.manquepierda.com\/historiarealbetis\/files\/2026\/03\/Temporada-1995-96.jpg?resize=768%2C484&amp;ssl=1 768w\" sizes=\"auto, (max-width: 948px) 100vw, 948px\" \/><\/figure>\n<\/div>\n\n<p><span style=\"color: #008000;\">El 24 de julio de 1995 se pon\u00eda en marcha el Real Betis Balompi\u00e9 con el inicio de los entrenamientos en el campo de Los Montecillos en Dos Hermanas, al estar en periodo de resiembra el c\u00e9sped del Villamar\u00edn.\u00a0 El d\u00eda 27 tuvo lugar la presentaci\u00f3n oficial del equipo ante la afici\u00f3n en el Villamar\u00edn y el 28 se iniciaba la concentraci\u00f3n de pretemporada en la localidad neerlandesa de Noordwijkerhout a las \u00f3rdenes de Lorenzo Serra, 43 a\u00f1os, quien empezaba su tercera temporada al frente del equipo verdiblanco.<\/span><\/p>\n<p><span style=\"color: #008000;\">Se registraron 6 altas en la campa\u00f1a: Alfonso P\u00e9rez (Real Madrid), \u00d3scar Arp\u00f3n (Barcelona), Jos\u00e9 Mari Garc\u00eda (Barcelona), Francisco Javier S\u00e1nchez Jara (Barcelona, tras una cesi\u00f3n al Osasuna), Pier Luigi Cherubino (Sporting de Gij\u00f3n) y Robert Jarni (Juventus).<\/span><\/p>\n<p><span style=\"color: #008000;\">Las 7 bajas fueron las de Velli Kasumov (Albacete), Daniel Toribio Aquino (Rayo Vallecano), \u00c1ngel Cu\u00e9llar (Barcelona), Juan Luis Bernal \u00abJuanlu\u00bb (cedido al \u00c9cija), Andrei Kobelev (Dinamo Mosc\u00fa), Rafael Gordillo (\u00c9cija) y Javier \u00abM\u00e1gico D\u00edaz\u00bb (Hospitalet).\u00a0\u00a0<\/span><\/p>\n<p><span style=\"color: #008000;\">Durante la estancia en los Pa\u00edses Bajos se jugaron 4 amistosos, con victorias 0-12 y 0-18 ante equipos amateurs, 1-2 ante el Royal Louviroise y empate a 0 ante el Fortuna Sittard. Ya de vuelta en agosto se jugaron diversos trofeos veraniegos: el Ciudad de Palma (derrotas 2-0 ante el Mallorca y 3-2 ante el Barcelona), Isla de Tenerife (victoria 1-0 frente al Valencia y derrota 1-0 con el Tenerife), Colombino en Huelva (victorias 2-0 con el Recreativo y 2-1 con el M\u00e9rida), Ciudad de la Alhambra (derrota 4-1 con el Granada) y Carranza (victoria 2-0 ante el Zaragoza y derrota 4-1 con el Atl\u00e9tico).\u00a0<\/span><\/p>\n<p><span style=\"color: #008000;\">Esta temporada el Betis jug\u00f3 3 competiciones oficiales: la Liga de Primera Divisi\u00f3n, la Copa y la Copa de la UEFA.<\/span><\/p>\n<p><span style=\"color: #008000;\">La Liga se inici\u00f3 el 3 de septiembre en el Municipal contra el M\u00e9rida y finaliz\u00f3 el 15 de mayo en el Nuevo Zorrilla frente al Valladolid. El Betis finaliz\u00f3 en 8\u00aa posici\u00f3n, con 62 puntos tras 16 victorias, 14 empates y 12 derrotas, con 61 goles a favor y 54 en contra.<\/span><\/p>\n<p><span style=\"color: #008000;\">En el torneo de Copa el Betis entr\u00f3 directamente en los octavos de final, cayendo eliminado ante el Atl\u00e9tico de Madrid tras una pol\u00e9mica eliminatoria.<\/span><\/p>\n<p><span style=\"color: #008000;\">En la Copa de la UEFA se alcanzaron los octavos de final, eliminados por el Girondins, tras haber eliminado a Fenerbahce y Kaiserlautern.<\/span><\/p>\n<p><span style=\"color: #008000;\">Una temporada un tanto decepcionante, ya que el rendimiento en la Liga decay\u00f3 mucho en las \u00faltimas jornadas, perdi\u00e9ndose la posibilidad de repetir clasificaci\u00f3n europea.<\/span><\/p>\n<p><span style=\"color: #008000;\">En los 50 partidos de competici\u00f3n oficial disputados (42 de Liga, 6 de UEFA y 2 de Copa) el Betis us\u00f3 23 futbolistas: Pedro Jaro (48), Alexis Trujillo (47), Juan Jos\u00e9 Ca\u00f1as (45), Pier Luigi Cherubino (45), Vlada Stosic (44), Jos\u00e9 Tom\u00e1s \u00abJosete\u00bb (44), Juan Merino (43), Robert Jarni (40), Alfonso P\u00e9rez (39), Juan Sabas (38), Jaime Quesada (37), Tom\u00e1s Ol\u00edas (34), Risto Vidakovic (34), Jos\u00e9 Mari Garc\u00eda (23), \u00d3scar Arp\u00f3n (22), Jos\u00e9 Mar\u00eda Men\u00e9ndez (22), Luis M\u00e1rquez (19), Wojciech Kowalczyk (17), Francisco Javier S\u00e1nchez Jara (15), Roberto R\u00edos (13), Juan Antonio Ure\u00f1a (6), Jos\u00e9 Luis Diezma (2) y Francisco G\u00f3mez \u00abQuico\u00bb (2).\u00a0<\/span><\/p>\n<p><span style=\"color: #008000;\">Los goles b\u00e9ticos fueron marcados por Pier Luigi Cherubino (16), Alfonso P\u00e9rez (14), Juan Sabas (9), Robert Jarni (9), Alexis Trujillo (7), Vlada Stosic (5), Wojciech Kowalczyck (4), Juan Jos\u00e9 Ca\u00f1as (3), Jos\u00e9 Mar\u00eda Men\u00e9ndez (1), Juan Antonio Ure\u00f1a (1), \u00d3scar Arp\u00f3n (1), Francisco Javier S\u00e1nchez Jara (1) y Vlada Stosic (1).<\/span><\/p>\n<p><span style=\"color: #008000;\">Alfonso P\u00e9rez jug\u00f3 9 partidos con la selecci\u00f3n absoluta.<\/span><\/p>\n<p><span style=\"color: #008000;\">El equipo filial, el Betis B, entrenado por Jos\u00e9 Ram\u00f3n Esnaola milit\u00f3 en el grupo IV de la Segunda B, clasific\u00e1ndose en 10\u00aa posici\u00f3n con 51 puntos, tras 12 victorias, 15 empates y 11 derrotas con 48 goles a favor y 47 en contra.\u00a0<\/span> \u00a0 \u00a0 \u00a0<\/p>\n<p><span style=\"color: #008000;\">Jos\u00e9 Le\u00f3n G\u00f3mez, 59 a\u00f1os, estuvo en la presidencia del club hasta el 24 de abril de 1996, en que le supli\u00f3 Manuel Ruiz de Lopera, 51 a\u00f1os, que pasaba as\u00ed a dirigir el club desde un primer plano, aunque nadie duda que dese la conversi\u00f3n del club en SAD en 1992 era quien realmente mandaba desde el puesto de consejero delegado.\u00a0<\/span><\/p>\n<p><span style=\"color: #008000;\">La secretar\u00eda del club se encontraba en el propio estadio Benito Villamar\u00edn y la junta de accionistas se celebr\u00f3 el 6 de septiembre de 1995 en el Hotel Al Andalus. En ella se aprob\u00f3 un super\u00e1vit de 160 millones de pesetas en la campa\u00f1a anterior, as\u00ed como un presupuesto de 1.351. millones para la temporada 95-96. Antonio Bustos, Francisco Lucena y Antonio Chac\u00f3n abandonaron el Consejo, al que se unieron Jos\u00e9 Ram\u00f3n Rodr\u00edguez Gautier y Jos\u00e9 Luis Jim\u00e9nez.\u00a0\u00a0<\/span><\/p>\n<p><span style=\"color: #008000;\">Otros aspectos destacados de la temporada fueron la incorporaci\u00f3n de la marca deportiva Kappa como la que vestir\u00eda al Betis desde esta temporada, los dorsales fijos en las camisetas de los 25 futbolistas de la plantilla, o los fallecimientos de ex futbolistas como Jos\u00e9 Pe\u00f1afuerte, Joaqu\u00edn Comas y Ferm\u00edn Rej\u00f3n.<\/span><\/p>\n<p><span style=\"color: #008000;\">A lo largo de la temporada se fundaron varias pe\u00f1as como el Frente Pro-Sob\u00e9tiko en Sevilla, El Olivillo en Olvera, Los Gara\u00f1ones en La Carolina, Pedro Buenaventura en Dos Hermanas, Eurob\u00e9tica en Sabadell, Complutense en Alcal\u00e1 de Henares, Juan Jos\u00e9 Ca\u00f1as en Fuentes de Andaluc\u00eda, Polichera Beti G\u00fceno en Puerto Serrano, Gloria Bendita en Aguadulce, Juli\u00e1n Rom\u00e1n en Salteras, Juan Ure\u00f1a en Cabra, Fontsanta en Cornell\u00e1, Alexis en El Cerezo (Sevilla), as\u00ed como las de Huelma, Salt y Sant Boi. <\/span>\u00a0<\/p>","protected":false},"excerpt":{"rendered":"<p>El 24 de julio de 1995 se pon\u00eda en marcha el Real Betis Balompi\u00e9 con el inicio de los entrenamientos en el campo de Los Montecillos en Dos Hermanas, al estar en periodo de resiembra el c\u00e9sped del Villamar\u00edn.\u00a0 El d\u00eda 27 tuvo lugar la presentaci\u00f3n oficial del equipo ante la afici\u00f3n en el Villamar\u00edn&#8230;<\/p>\n","protected":false},"author":5,"featured_media":107096,"comment_status":"open","ping_status":"open","sticky":false,"template":"","format":"standard","meta":{"_kad_post_transparent":"","_kad_post_title":"","_kad_post_layout":"","_kad_post_sidebar_id":"","_kad_post_content_style":"","_kad_post_vertical_padding":"","_kad_post_feature":"","_kad_post_feature_position":"","_kad_post_header":false,"_kad_post_footer":false,"_kad_post_classname":"","_jetpack_memberships_contains_paid_content":false,"footnotes":"","jetpack_publicize_message":"","jetpack_publicize_feature_enabled":true,"jetpack_social_post_already_shared":true,"jetpack_social_options":{"image_generator_settings":{"template":"highway","default_image_id":0,"font":"","enabled":false},"version":2}},"categories":[906,1],"tags":[3046,18552,17882,17879,18173],"class_list":["post-107095","post","type-post","status-publish","format-standard","has-post-thumbnail","hentry","category-investigacion-temas","category-portada","tag-1995-96","tag-copa-1995-96","tag-copa-uefa-1995-96","tag-liga-primera-1995-96","tag-liga-segunda-b-1995-96"],"jetpack_publicize_connections":[],"jetpack_featured_media_url":"https:\/\/i0.wp.com\/www.manquepierda.com\/historiarealbetis\/files\/2026\/03\/Temporada-1995-96.jpg?fit=948%2C598&ssl=1","jetpack_sharing_enabled":true,"jetpack_shortlink":"https:\/\/wp.me\/p1ij08-rRl","jetpack-related-posts":[],"_links":{"self":[{"href":"https:\/\/www.manquepierda.com\/historiarealbetis\/wp-json\/wp\/v2\/posts\/107095","targetHints":{"allow":["GET"]}}],"collection":[{"href":"https:\/\/www.manquepierda.com\/historiarealbetis\/wp-json\/wp\/v2\/posts"}],"about":[{"href":"https:\/\/www.manquepierda.com\/historiarealbetis\/wp-json\/wp\/v2\/types\/post"}],"author":[{"embeddable":true,"href":"https:\/\/www.manquepierda.com\/historiarealbetis\/wp-json\/wp\/v2\/users\/5"}],"replies":[{"embeddable":true,"href":"https:\/\/www.manquepierda.com\/historiarealbetis\/wp-json\/wp\/v2\/comments?post=107095"}],"version-history":[{"count":7,"href":"https:\/\/www.manquepierda.com\/historiarealbetis\/wp-json\/wp\/v2\/posts\/107095\/revisions"}],"predecessor-version":[{"id":107106,"href":"https:\/\/www.manquepierda.com\/historiarealbetis\/wp-json\/wp\/v2\/posts\/107095\/revisions\/107106"}],"wp:featuredmedia":[{"embeddable":true,"href":"https:\/\/www.manquepierda.com\/historiarealbetis\/wp-json\/wp\/v2\/media\/107096"}],"wp:attachment":[{"href":"https:\/\/www.manquepierda.com\/historiarealbetis\/wp-json\/wp\/v2\/media?parent=107095"}],"wp:term":[{"taxonomy":"category","embeddable":true,"href":"https:\/\/www.manquepierda.com\/historiarealbetis\/wp-json\/wp\/v2\/categories?post=107095"},{"taxonomy":"post_tag","embeddable":true,"href":"https:\/\/www.manquepierda.com\/historiarealbetis\/wp-json\/wp\/v2\/tags?post=107095"}],"curies":[{"name":"wp","href":"https:\/\/api.w.org\/{rel}","templated":true}]}}