{"id":107501,"date":"2026-04-26T13:00:00","date_gmt":"2026-04-26T11:00:00","guid":{"rendered":"https:\/\/www.manquepierda.com\/historiarealbetis\/?p=107501"},"modified":"2026-04-19T11:37:11","modified_gmt":"2026-04-19T09:37:11","slug":"hoy-hace-90-anos-betis-3-sabadell-0-en-copa","status":"publish","type":"post","link":"https:\/\/www.manquepierda.com\/historiarealbetis\/hoy-hace-90-anos-betis-3-sabadell-0-en-copa\/","title":{"rendered":"Hoy hace 90 a\u00f1os. Betis 3 Sabadell 0 en Copa."},"content":{"rendered":"<div class=\"wp-block-image\">\n<figure class=\"aligncenter size-full\"><img data-recalc-dims=\"1\" loading=\"lazy\" decoding=\"async\" width=\"674\" height=\"291\" src=\"https:\/\/i0.wp.com\/www.manquepierda.com\/historiarealbetis\/files\/2026\/04\/26-1936-Betis-3-Sabadell-0.jpg?resize=674%2C291&#038;ssl=1\" alt=\"\" class=\"wp-image-107502\" srcset=\"https:\/\/i0.wp.com\/www.manquepierda.com\/historiarealbetis\/files\/2026\/04\/26-1936-Betis-3-Sabadell-0.jpg?w=674&amp;ssl=1 674w, https:\/\/i0.wp.com\/www.manquepierda.com\/historiarealbetis\/files\/2026\/04\/26-1936-Betis-3-Sabadell-0.jpg?resize=220%2C95&amp;ssl=1 220w\" sizes=\"auto, (max-width: 674px) 100vw, 674px\" \/><\/figure>\n<\/div>\n\n<p>\u00a0<\/p>\n<p><span style=\"color: #008000;\">El 26 de abril de 1936 en el Patronato el Betis derrota 3-0 al Sabadell en el partido de ida de los dieciseisavos de final de la Copa.<\/span><\/p>\n<p><span style=\"color: #008000;\">Los 3 goles b\u00e9ticos fueron obra de Victorio Unamuno, En el minuto 25 remat\u00f3 un c\u00f3rner botado por Valera para hacer el 1-0; en el 40 remat\u00f3 de volea un centro de Adolfo, haciendo el 2-0, y el 77 hizo el 3-0 con un tiro cruzado.<\/span><\/p>\n<p><span style=\"color: #008000;\">El Betis, dirigido por Andr\u00e9s Aranda, aline\u00f3 a Urquiaga; Capesto, Cornejo; Peral, G\u00f3mez, Larrinoa; Saro, Adolfo, Unamuno, Caballero y Valera.<\/span><\/p>\n<p><span style=\"color: #008000;\">El Sabadell, entrenado por Juan Tena, form\u00f3 con Florenza; Marcet, Blanch; Gracia, Font, Mota; Folch, Calvet, Sospedra, Fern\u00e1ndez y Parera.<\/span><\/p>","protected":false},"excerpt":{"rendered":"<p>\u00a0 El 26 de abril de 1936 en el Patronato el Betis derrota 3-0 al Sabadell en el partido de ida de los dieciseisavos de final de la Copa. Los 3 goles b\u00e9ticos fueron obra de Victorio Unamuno, En el minuto 25 remat\u00f3 un c\u00f3rner botado por Valera para hacer el 1-0; en el 40&#8230;<\/p>\n","protected":false},"author":5,"featured_media":107502,"comment_status":"open","ping_status":"open","sticky":false,"template":"","format":"standard","meta":{"_kad_post_transparent":"","_kad_post_title":"","_kad_post_layout":"","_kad_post_sidebar_id":"","_kad_post_content_style":"","_kad_post_vertical_padding":"","_kad_post_feature":"","_kad_post_feature_position":"","_kad_post_header":false,"_kad_post_footer":false,"_kad_post_classname":"","_jetpack_memberships_contains_paid_content":false,"footnotes":"","jetpack_publicize_message":"","jetpack_publicize_feature_enabled":true,"jetpack_social_post_already_shared":true,"jetpack_social_options":{"image_generator_settings":{"template":"highway","default_image_id":0,"font":"","enabled":false},"version":2}},"categories":[899,14583,1],"tags":[1530,17047,17890],"class_list":["post-107501","post","type-post","status-publish","format-standard","has-post-thumbnail","hentry","category-1930-1939","category-efemerides","category-portada","tag-1530","tag-ce-sabadell","tag-copa-1935-36"],"jetpack_publicize_connections":[],"jetpack_featured_media_url":"https:\/\/i0.wp.com\/www.manquepierda.com\/historiarealbetis\/files\/2026\/04\/26-1936-Betis-3-Sabadell-0.jpg?fit=674%2C291&ssl=1","jetpack_sharing_enabled":true,"jetpack_shortlink":"https:\/\/wp.me\/p1ij08-rXT","jetpack-related-posts":[],"_links":{"self":[{"href":"https:\/\/www.manquepierda.com\/historiarealbetis\/wp-json\/wp\/v2\/posts\/107501","targetHints":{"allow":["GET"]}}],"collection":[{"href":"https:\/\/www.manquepierda.com\/historiarealbetis\/wp-json\/wp\/v2\/posts"}],"about":[{"href":"https:\/\/www.manquepierda.com\/historiarealbetis\/wp-json\/wp\/v2\/types\/post"}],"author":[{"embeddable":true,"href":"https:\/\/www.manquepierda.com\/historiarealbetis\/wp-json\/wp\/v2\/users\/5"}],"replies":[{"embeddable":true,"href":"https:\/\/www.manquepierda.com\/historiarealbetis\/wp-json\/wp\/v2\/comments?post=107501"}],"version-history":[{"count":1,"href":"https:\/\/www.manquepierda.com\/historiarealbetis\/wp-json\/wp\/v2\/posts\/107501\/revisions"}],"predecessor-version":[{"id":107503,"href":"https:\/\/www.manquepierda.com\/historiarealbetis\/wp-json\/wp\/v2\/posts\/107501\/revisions\/107503"}],"wp:featuredmedia":[{"embeddable":true,"href":"https:\/\/www.manquepierda.com\/historiarealbetis\/wp-json\/wp\/v2\/media\/107502"}],"wp:attachment":[{"href":"https:\/\/www.manquepierda.com\/historiarealbetis\/wp-json\/wp\/v2\/media?parent=107501"}],"wp:term":[{"taxonomy":"category","embeddable":true,"href":"https:\/\/www.manquepierda.com\/historiarealbetis\/wp-json\/wp\/v2\/categories?post=107501"},{"taxonomy":"post_tag","embeddable":true,"href":"https:\/\/www.manquepierda.com\/historiarealbetis\/wp-json\/wp\/v2\/tags?post=107501"}],"curies":[{"name":"wp","href":"https:\/\/api.w.org\/{rel}","templated":true}]}}