{"id":107513,"date":"2026-04-25T13:00:00","date_gmt":"2026-04-25T11:00:00","guid":{"rendered":"https:\/\/www.manquepierda.com\/historiarealbetis\/?p=107513"},"modified":"2026-04-19T12:19:11","modified_gmt":"2026-04-19T10:19:11","slug":"hoy-hace-10-anos-destitucion-de-eduardo-macia","status":"publish","type":"post","link":"https:\/\/www.manquepierda.com\/historiarealbetis\/hoy-hace-10-anos-destitucion-de-eduardo-macia\/","title":{"rendered":"Hoy hace 10 a\u00f1os. Destituci\u00f3n de Eduardo Maci\u00e1."},"content":{"rendered":"<div class=\"wp-block-image\">\n<figure class=\"aligncenter size-full\"><img data-recalc-dims=\"1\" loading=\"lazy\" decoding=\"async\" width=\"770\" height=\"450\" src=\"https:\/\/i0.wp.com\/www.manquepierda.com\/historiarealbetis\/files\/2026\/04\/25-2016-Destitucion-de-Eduardo-Macia.jpg?resize=770%2C450&#038;ssl=1\" alt=\"\" class=\"wp-image-107514\" srcset=\"https:\/\/i0.wp.com\/www.manquepierda.com\/historiarealbetis\/files\/2026\/04\/25-2016-Destitucion-de-Eduardo-Macia.jpg?w=770&amp;ssl=1 770w, https:\/\/i0.wp.com\/www.manquepierda.com\/historiarealbetis\/files\/2026\/04\/25-2016-Destitucion-de-Eduardo-Macia.jpg?resize=680%2C397&amp;ssl=1 680w, https:\/\/i0.wp.com\/www.manquepierda.com\/historiarealbetis\/files\/2026\/04\/25-2016-Destitucion-de-Eduardo-Macia.jpg?resize=220%2C129&amp;ssl=1 220w, https:\/\/i0.wp.com\/www.manquepierda.com\/historiarealbetis\/files\/2026\/04\/25-2016-Destitucion-de-Eduardo-Macia.jpg?resize=768%2C449&amp;ssl=1 768w\" sizes=\"auto, (max-width: 770px) 100vw, 770px\" \/><\/figure>\n<\/div>\n\n<p>\u00a0<\/p>\n<p><span style=\"color: #008000;\">El 25 de abril de 2016 se hac\u00eda oficial la destituci\u00f3n del director deportivo del Real Betis Balompi\u00e9 Eduardo Maci\u00e1.<\/span><\/p>\n<p><span style=\"color: #008000;\">Apenas un a\u00f1o despu\u00e9s de su llegada se produc\u00eda esta decisi\u00f3n, basada en los decepcionantes resultados deportivos tanto de la primera plantilla como de la cantera. Para el primer equipo llegaron de la mano de Maci\u00e1 10 jugadores fichados y 3 cedidos.\u00a0<\/span><\/p>\n<p><span style=\"color: #008000;\">Miguel Torrecilla ser\u00eda su sustituto para la siguiente temporada.<\/span><\/p>","protected":false},"excerpt":{"rendered":"<p>\u00a0 El 25 de abril de 2016 se hac\u00eda oficial la destituci\u00f3n del director deportivo del Real Betis Balompi\u00e9 Eduardo Maci\u00e1. Apenas un a\u00f1o despu\u00e9s de su llegada se produc\u00eda esta decisi\u00f3n, basada en los decepcionantes resultados deportivos tanto de la primera plantilla como de la cantera. Para el primer equipo llegaron de la mano&#8230;<\/p>\n","protected":false},"author":5,"featured_media":107514,"comment_status":"open","ping_status":"open","sticky":false,"template":"","format":"standard","meta":{"_kad_post_transparent":"","_kad_post_title":"","_kad_post_layout":"","_kad_post_sidebar_id":"","_kad_post_content_style":"","_kad_post_vertical_padding":"","_kad_post_feature":"","_kad_post_feature_position":"","_kad_post_header":false,"_kad_post_footer":false,"_kad_post_classname":"","_jetpack_memberships_contains_paid_content":false,"footnotes":"","jetpack_publicize_message":"","jetpack_publicize_feature_enabled":true,"jetpack_social_post_already_shared":true,"jetpack_social_options":{"image_generator_settings":{"template":"highway","default_image_id":0,"font":"","enabled":false},"version":2}},"categories":[15447,14583,1],"tags":[17127,18826],"class_list":["post-107513","post","type-post","status-publish","format-standard","has-post-thumbnail","hentry","category-2010-2019","category-efemerides","category-portada","tag-17127","tag-eduardo-macia"],"jetpack_publicize_connections":[],"jetpack_featured_media_url":"https:\/\/i0.wp.com\/www.manquepierda.com\/historiarealbetis\/files\/2026\/04\/25-2016-Destitucion-de-Eduardo-Macia.jpg?fit=770%2C450&ssl=1","jetpack_sharing_enabled":true,"jetpack_shortlink":"https:\/\/wp.me\/p1ij08-rY5","jetpack-related-posts":[],"_links":{"self":[{"href":"https:\/\/www.manquepierda.com\/historiarealbetis\/wp-json\/wp\/v2\/posts\/107513","targetHints":{"allow":["GET"]}}],"collection":[{"href":"https:\/\/www.manquepierda.com\/historiarealbetis\/wp-json\/wp\/v2\/posts"}],"about":[{"href":"https:\/\/www.manquepierda.com\/historiarealbetis\/wp-json\/wp\/v2\/types\/post"}],"author":[{"embeddable":true,"href":"https:\/\/www.manquepierda.com\/historiarealbetis\/wp-json\/wp\/v2\/users\/5"}],"replies":[{"embeddable":true,"href":"https:\/\/www.manquepierda.com\/historiarealbetis\/wp-json\/wp\/v2\/comments?post=107513"}],"version-history":[{"count":2,"href":"https:\/\/www.manquepierda.com\/historiarealbetis\/wp-json\/wp\/v2\/posts\/107513\/revisions"}],"predecessor-version":[{"id":107516,"href":"https:\/\/www.manquepierda.com\/historiarealbetis\/wp-json\/wp\/v2\/posts\/107513\/revisions\/107516"}],"wp:featuredmedia":[{"embeddable":true,"href":"https:\/\/www.manquepierda.com\/historiarealbetis\/wp-json\/wp\/v2\/media\/107514"}],"wp:attachment":[{"href":"https:\/\/www.manquepierda.com\/historiarealbetis\/wp-json\/wp\/v2\/media?parent=107513"}],"wp:term":[{"taxonomy":"category","embeddable":true,"href":"https:\/\/www.manquepierda.com\/historiarealbetis\/wp-json\/wp\/v2\/categories?post=107513"},{"taxonomy":"post_tag","embeddable":true,"href":"https:\/\/www.manquepierda.com\/historiarealbetis\/wp-json\/wp\/v2\/tags?post=107513"}],"curies":[{"name":"wp","href":"https:\/\/api.w.org\/{rel}","templated":true}]}}