{"id":107517,"date":"2026-04-27T13:00:00","date_gmt":"2026-04-27T11:00:00","guid":{"rendered":"https:\/\/www.manquepierda.com\/historiarealbetis\/?p=107517"},"modified":"2026-04-19T13:04:32","modified_gmt":"2026-04-19T11:04:32","slug":"hoy-hace-60-anos-debut-de-quino-con-la-seleccion-amateur","status":"publish","type":"post","link":"https:\/\/www.manquepierda.com\/historiarealbetis\/hoy-hace-60-anos-debut-de-quino-con-la-seleccion-amateur\/","title":{"rendered":"Hoy hace 60 a\u00f1os. Debut de Quino con la selecci\u00f3n amateur."},"content":{"rendered":"<div class=\"wp-block-image\">\n<figure class=\"aligncenter size-full\"><img data-recalc-dims=\"1\" loading=\"lazy\" decoding=\"async\" width=\"226\" height=\"314\" src=\"https:\/\/i0.wp.com\/www.manquepierda.com\/historiarealbetis\/files\/2026\/04\/27-1966-Debut-de-Quino-con-la-seleccion-amateur.jpg?resize=226%2C314&#038;ssl=1\" alt=\"\" class=\"wp-image-107518\" srcset=\"https:\/\/i0.wp.com\/www.manquepierda.com\/historiarealbetis\/files\/2026\/04\/27-1966-Debut-de-Quino-con-la-seleccion-amateur.jpg?w=226&amp;ssl=1 226w, https:\/\/i0.wp.com\/www.manquepierda.com\/historiarealbetis\/files\/2026\/04\/27-1966-Debut-de-Quino-con-la-seleccion-amateur.jpg?resize=158%2C220&amp;ssl=1 158w\" sizes=\"auto, (max-width: 226px) 100vw, 226px\" \/><\/figure>\n<\/div>\n\n<p>\u00a0<\/p>\n<p><span style=\"color: #008000;\">El 27 de abril de 1966 en La Rosaleda Joaqu\u00edn Sierra \u201cQuino\u201d debutaba con la selecci\u00f3n amateur, que ese d\u00eda se enfrent\u00f3 a la de Italia en partido de clasificaci\u00f3n de la liguilla del Campeonato de Europa, con victoria espa\u00f1ola 2-0.<\/span><\/p>\n<p><span style=\"color: #008000;\">Quino, a sus 20 a\u00f1os, debut\u00f3 a las \u00f3rdenes del seleccionador V\u00edctor Mart\u00ednez, y fue adem\u00e1s autor del segundo gol espa\u00f1ol, rematando de cabeza un centro del barcelonista Rexach en el minuto 14.<\/span><\/p>\n<p><span style=\"color: #008000;\">En el once espa\u00f1ol jug\u00f3 tambi\u00e9n otro jugador b\u00e9tico, Ant\u00f3n, mientras que un tercero, Dioni, estuvo entre los suplentes.<\/span> \u00a0<\/p>","protected":false},"excerpt":{"rendered":"<p>\u00a0 El 27 de abril de 1966 en La Rosaleda Joaqu\u00edn Sierra \u201cQuino\u201d debutaba con la selecci\u00f3n amateur, que ese d\u00eda se enfrent\u00f3 a la de Italia en partido de clasificaci\u00f3n de la liguilla del Campeonato de Europa, con victoria espa\u00f1ola 2-0. Quino, a sus 20 a\u00f1os, debut\u00f3 a las \u00f3rdenes del seleccionador V\u00edctor Mart\u00ednez,&#8230;<\/p>\n","protected":false},"author":5,"featured_media":107518,"comment_status":"open","ping_status":"open","sticky":false,"template":"","format":"standard","meta":{"_kad_post_transparent":"","_kad_post_title":"","_kad_post_layout":"","_kad_post_sidebar_id":"","_kad_post_content_style":"","_kad_post_vertical_padding":"","_kad_post_feature":"","_kad_post_feature_position":"","_kad_post_header":false,"_kad_post_footer":false,"_kad_post_classname":"","_jetpack_memberships_contains_paid_content":false,"footnotes":"","jetpack_publicize_message":"","jetpack_publicize_feature_enabled":true,"jetpack_social_post_already_shared":true,"jetpack_social_options":{"image_generator_settings":{"template":"highway","default_image_id":0,"font":"","enabled":false},"version":2}},"categories":[902,1],"tags":[1592,1621],"class_list":["post-107517","post","type-post","status-publish","format-standard","has-post-thumbnail","hentry","category-1960-1969","category-portada","tag-1592","tag-joaquin-sierra-quino"],"jetpack_publicize_connections":[],"jetpack_featured_media_url":"https:\/\/i0.wp.com\/www.manquepierda.com\/historiarealbetis\/files\/2026\/04\/27-1966-Debut-de-Quino-con-la-seleccion-amateur.jpg?fit=226%2C314&ssl=1","jetpack_sharing_enabled":true,"jetpack_shortlink":"https:\/\/wp.me\/p1ij08-rY9","jetpack-related-posts":[],"_links":{"self":[{"href":"https:\/\/www.manquepierda.com\/historiarealbetis\/wp-json\/wp\/v2\/posts\/107517","targetHints":{"allow":["GET"]}}],"collection":[{"href":"https:\/\/www.manquepierda.com\/historiarealbetis\/wp-json\/wp\/v2\/posts"}],"about":[{"href":"https:\/\/www.manquepierda.com\/historiarealbetis\/wp-json\/wp\/v2\/types\/post"}],"author":[{"embeddable":true,"href":"https:\/\/www.manquepierda.com\/historiarealbetis\/wp-json\/wp\/v2\/users\/5"}],"replies":[{"embeddable":true,"href":"https:\/\/www.manquepierda.com\/historiarealbetis\/wp-json\/wp\/v2\/comments?post=107517"}],"version-history":[{"count":1,"href":"https:\/\/www.manquepierda.com\/historiarealbetis\/wp-json\/wp\/v2\/posts\/107517\/revisions"}],"predecessor-version":[{"id":107519,"href":"https:\/\/www.manquepierda.com\/historiarealbetis\/wp-json\/wp\/v2\/posts\/107517\/revisions\/107519"}],"wp:featuredmedia":[{"embeddable":true,"href":"https:\/\/www.manquepierda.com\/historiarealbetis\/wp-json\/wp\/v2\/media\/107518"}],"wp:attachment":[{"href":"https:\/\/www.manquepierda.com\/historiarealbetis\/wp-json\/wp\/v2\/media?parent=107517"}],"wp:term":[{"taxonomy":"category","embeddable":true,"href":"https:\/\/www.manquepierda.com\/historiarealbetis\/wp-json\/wp\/v2\/categories?post=107517"},{"taxonomy":"post_tag","embeddable":true,"href":"https:\/\/www.manquepierda.com\/historiarealbetis\/wp-json\/wp\/v2\/tags?post=107517"}],"curies":[{"name":"wp","href":"https:\/\/api.w.org\/{rel}","templated":true}]}}