{"id":107555,"date":"2026-04-25T11:00:00","date_gmt":"2026-04-25T09:00:00","guid":{"rendered":"https:\/\/www.manquepierda.com\/historiarealbetis\/?p=107555"},"modified":"2026-04-22T12:32:21","modified_gmt":"2026-04-22T10:32:21","slug":"la-temporada-1980-81","status":"publish","type":"post","link":"https:\/\/www.manquepierda.com\/historiarealbetis\/la-temporada-1980-81\/","title":{"rendered":"La temporada 1980-81."},"content":{"rendered":"<div class=\"wp-block-image\">\n<figure class=\"aligncenter size-full\"><img data-recalc-dims=\"1\" loading=\"lazy\" decoding=\"async\" width=\"832\" height=\"444\" src=\"https:\/\/i0.wp.com\/www.manquepierda.com\/historiarealbetis\/files\/2026\/04\/Temporada-1980-81.jpg?resize=832%2C444&#038;ssl=1\" alt=\"\" class=\"wp-image-107556\" srcset=\"https:\/\/i0.wp.com\/www.manquepierda.com\/historiarealbetis\/files\/2026\/04\/Temporada-1980-81.jpg?w=832&amp;ssl=1 832w, https:\/\/i0.wp.com\/www.manquepierda.com\/historiarealbetis\/files\/2026\/04\/Temporada-1980-81.jpg?resize=680%2C363&amp;ssl=1 680w, https:\/\/i0.wp.com\/www.manquepierda.com\/historiarealbetis\/files\/2026\/04\/Temporada-1980-81.jpg?resize=220%2C117&amp;ssl=1 220w, https:\/\/i0.wp.com\/www.manquepierda.com\/historiarealbetis\/files\/2026\/04\/Temporada-1980-81.jpg?resize=768%2C410&amp;ssl=1 768w\" sizes=\"auto, (max-width: 832px) 100vw, 832px\" \/><\/figure>\n<\/div>\n\n<p><span style=\"color: #008000;\">El 22 de julio, en un Villamar\u00edn en obras, se realizaba la presentaci\u00f3n de la primera plantilla verdiblanca a las \u00f3rdenes de Luis Carriega, 50 a\u00f1os, quien iniciaba su segunda temporada al frente del Real Betis Balompi\u00e9.<\/span><\/p>\n<p><span style=\"color: #008000;\">En la plantilla se produjeron 4 altas y 10 bajas. Entre las primeras las de Carlos Diarte (UD Salamanca), Ram\u00f3n Rodr\u00edguez (C\u00e1diz), Jacinto Barroso (Real Ja\u00e9n) y Segundo Ramos (Racing de Ferrol); a ellos se sumaron las incorporaciones de Antonio Casado, Jos\u00e9 Carlos Tello y Joaqu\u00edn Parra desde el filial.<\/span><\/p>\n<p><span style=\"color: #008000;\">Bajas las de Francisco Vital (Benfica), Sebasti\u00e1n Alabanda (Murcia), Hugo Cabezas (Puebla), Manuel Villalba (Atl\u00e9tico Madrid), Jos\u00e9 Luis Pelayo (Barreda), Manuel Campos (Elche), Ricardo G\u00f3mez \u00abRichard\u00bb (cedido al Tarrasa), Eduardo Anzarda (Platense) y las retiradas de Juan Manuel Cobo y Juan Antonio Garc\u00eda Soriano.<\/span><\/p>\n<p><span style=\"color: #008000;\">El 24 de julio se iniciaba la concentraci\u00f3n de pretemporada en la localidad catalana de Santa Coloma de Farn\u00e9s, en la que el Betis permaneci\u00f3 hasta el 3 de agosto. Se gan\u00f3 el Trofeo de Vilob\u00ed, tras imponerse 2-4 al equipo local y luego una nueva victoria 3-5 ante el Girona.<\/span><\/p>\n<p><span style=\"color: #008000;\">Ya de regreso a Sevilla victorias ante Los Palacios (0-2), Marchena (1-5) y Nastic de Tarragona (0-1). Gran triunfo en el Trofeo Ciudad de Sevilla jugado en el S\u00e1nchez Pizju\u00e1n (victorias 3-0 a la Roma y 1-2 ante el Sevilla), y derrota en la final del Carranza (1-2 ante el Flamengo), despu\u00e9s de haber empatado a 1 con el C\u00e1diz en la semifinal, resuelta favorablemente en los penaltis.<\/span><\/p>\n<p><span style=\"color: #008000;\">El Betis particip\u00f3 en dos competiciones oficiales en la temporada: el Campeonato de Liga de Primera Divisi\u00f3n y el torneo de Copa.<\/span><\/p>\n<p><span style=\"color: #008000;\">La Liga se inici\u00f3 el 6 de septiembre en El Molin\u00f3n frente al Sporting y finaliz\u00f3 el 26 de abril de 1981 en Sarri\u00e1 contra el Espanyol. El Betis finaliz\u00f3 en 6\u00aa posici\u00f3n, con 40 puntos, tras 17 victorias, 6 empates y 11 derrotas, con 55 goles a favor y 38 en contra. Una buena clasificaci\u00f3n, aunque sin el premio de una clasificaci\u00f3n para Europa, pero con una sensaci\u00f3n agridulce pues se pudo luchar por cotas superiores, al perder inexplicablemente algunos encuentros con los rivales m\u00e1s flojos del campeonato.<\/span><\/p>\n<p><span style=\"color: #008000;\">En Copa el equipo alcanz\u00f3 la segunda ronda de la competici\u00f3n, cayendo ante el Sevilla, despu\u00e9s de haber eliminado al Rota.<\/span><\/p>\n<p><span style=\"color: #008000;\">En los 38 partidos de competici\u00f3n oficial (34 de Liga y 4 de Copa) el Betis utiliz\u00f3 23 futbolistas: Enrique Mor\u00e1n (38), Antol\u00edn Ortega (37), Rafael Gordillo (37), Julio Carde\u00f1osa (36), Jos\u00e9 Ram\u00f3n Esnaola (35), Carlos Diarte (33), Carlos Peruena (32), Francisco Bizcocho (31), Javier L\u00f3pez (30), Segundo Ramos (26), Antonio Biosca (25), Joaqu\u00edn Parra (23), Al-lal Mohand \u00abAlex\u00bb (21), Gerardo Castillo (14), Antonio Ben\u00edtez (13), Jos\u00e9 Carlos Tello (11), Ram\u00f3n Rodr\u00edguez (8), Juan Pozo (7), Francisco Garc\u00eda \u00abFrancis\u00bb (6), Antonio Casado (5), Manuel Campos (2), Jacinto Barroso (1) y Ricardo G\u00f3mez \u00abRichard\u00bb (1).\u00a0<\/span><\/p>\n<p><span style=\"color: #008000;\">Los goles b\u00e9ticos fueron conseguidos por Enrique Mor\u00e1n (17), Carlos Diarte (15), Julio Carde\u00f1osa (6), Segundo Ramos (6), Javier L\u00f3pez (4), Joaqu\u00edn Parra (4), Jos\u00e9 Carlos Tello (3), Rafael Gordillo (3), Antonio Biosca (2), Antonio Casado (1), Antol\u00edn Ortega (1) y Antonio Ben\u00edtez (1).<\/span>\u00a0 \u00a0<\/p>\n<p><span style=\"color: #008000;\">Enrique Mor\u00e1n y Rafael Gordillo jugaron con la selecci\u00f3n absoluta (4 y 12 partidos respectivamente), mientras que Joaqu\u00edn Parra particip\u00f3 con la selecci\u00f3n sub-21 en 6 partidos.\u00a0<\/span><\/p>\n<p><span style=\"color: #008000;\">El Betis Deportivo, entrenado por Francisco Ortiz \u00abFrasco\u00bb jug\u00f3 en el grupo X de la Tercera Divisi\u00f3n, quedando en 8\u00aa posici\u00f3n tras 38 partidos con 44 puntos, con 14 victorias, 16 empates y 8 derrotas, con 60 goles a favor y 40 en contra. En Copa el filial cay\u00f3 eliminado ante el Sevilla.<\/span><\/p>\n<p><span style=\"color: #008000;\">En la presidencia del club estaba Juan Manuel Mauduit, 54 a\u00f1os, quien cumpl\u00eda la segunda temporada de su mandato de cuatro a\u00f1os. La secretar\u00eda del club estaba en la calle Conde de Barajas n\u00famero 23, aunque en mayo de 1981 se traslad\u00f3 al estadio Benito Villamar\u00edn.<\/span><\/p>\n<p><span style=\"color: #008000;\">La remodelaci\u00f3n del estadio b\u00e9tico alter\u00f3 la l\u00f3gica de los partidos en casa, dado que, ante los retrasos de la obra, se tuvieron que disputar en septiembre y octubre como locales dos encuentros de Liga en el S\u00e1nchez Pizju\u00e1n contra Las Palmas y Atl\u00e9tico de Madrid, y uno de Copa en octubre el Francisco Bono alcalare\u00f1o contra el Rota.<\/span><\/p>\n<p><span style=\"color: #008000;\">El 19 de octubre de 1980 el Betis volvi\u00f3 al Villamar\u00edn; ese d\u00eda se inaugur\u00f3 la nueva tribuna de Fondo, pero a\u00fan sin la visera, que no se estren\u00f3 hasta el 2 de noviembre junto a la nueva tribuna de preferencia.<\/span><\/p>\n<p><span style=\"color: #008000;\">El 5 de noviembre en un amistoso, que finaliz\u00f3 con un empate a 3 contra el Cosmos estadounidense, se inaugur\u00f3 el Benito Villamar\u00edn ya remodelado para el Mundial de 1982.\u00a0<\/span><\/p>\n<p><span style=\"color: #008000;\">Otra noticia destacada fue la realizaci\u00f3n de una gira por Sudam\u00e9rica una vez finalizada la competici\u00f3n oficial, que discurri\u00f3 por Paraguay, Chile, Ecuador y Per\u00fa. Un total de 5 partidos, con un balance de 2 victorias (1-3 ante la selecci\u00f3n de Ecuador y 1-3 ante la selecci\u00f3n\u00a0 de Per\u00fa), y 3 derrotas (2-0 ante Paraguay, 2-1 ante Chile y 1-0 ante el Barcelona de Guayaquil).\u00a0 \u00a0<\/span><\/p>\n<p><span style=\"color: #008000;\">Durante la temporada fallecieron hist\u00f3ricos dirigentes b\u00e9ticos como Ventura Castell\u00f3 y Jos\u00e9 Mar\u00eda Domenech y el ex jugador Rosendo Romero.<\/span><\/p>\n<p><span style=\"color: #008000;\">A lo largo de la temporada se fundaron diversas pe\u00f1as b\u00e9ticas, como la de Monteolivete en Sanl\u00facar de Barrameda, Antonio Biosca en San Juan de Aznalfarache, Antonio Moguer en Sanl\u00facar la Mayor y Virgen de Bel\u00e9n en Palma del R\u00edo.\u00a0\u00a0<\/span><\/p>\n<p><span style=\"color: #008000;\">\u00a0<\/span><\/p>","protected":false},"excerpt":{"rendered":"<p>El 22 de julio, en un Villamar\u00edn en obras, se realizaba la presentaci\u00f3n de la primera plantilla verdiblanca a las \u00f3rdenes de Luis Carriega, 50 a\u00f1os, quien iniciaba su segunda temporada al frente del Real Betis Balompi\u00e9. En la plantilla se produjeron 4 altas y 10 bajas. Entre las primeras las de Carlos Diarte (UD&#8230;<\/p>\n","protected":false},"author":5,"featured_media":107556,"comment_status":"open","ping_status":"open","sticky":false,"template":"","format":"standard","meta":{"_kad_post_transparent":"","_kad_post_title":"","_kad_post_layout":"","_kad_post_sidebar_id":"","_kad_post_content_style":"","_kad_post_vertical_padding":"","_kad_post_feature":"","_kad_post_feature_position":"","_kad_post_header":false,"_kad_post_footer":false,"_kad_post_classname":"","_jetpack_memberships_contains_paid_content":false,"footnotes":"","jetpack_publicize_message":"","jetpack_publicize_feature_enabled":true,"jetpack_social_post_already_shared":true,"jetpack_social_options":{"image_generator_settings":{"template":"highway","default_image_id":0,"font":"","enabled":false},"version":2}},"categories":[904,906,1],"tags":[2291,18061,17860,18001],"class_list":["post-107555","post","type-post","status-publish","format-standard","has-post-thumbnail","hentry","category-1980-1989","category-investigacion-temas","category-portada","tag-1980-81","tag-copa-1980-81","tag-liga-primera-1980-81","tag-liga-tercera-1980-81"],"jetpack_publicize_connections":[],"jetpack_featured_media_url":"https:\/\/i0.wp.com\/www.manquepierda.com\/historiarealbetis\/files\/2026\/04\/Temporada-1980-81.jpg?fit=832%2C444&ssl=1","jetpack_sharing_enabled":true,"jetpack_shortlink":"https:\/\/wp.me\/p1ij08-rYL","jetpack-related-posts":[],"_links":{"self":[{"href":"https:\/\/www.manquepierda.com\/historiarealbetis\/wp-json\/wp\/v2\/posts\/107555","targetHints":{"allow":["GET"]}}],"collection":[{"href":"https:\/\/www.manquepierda.com\/historiarealbetis\/wp-json\/wp\/v2\/posts"}],"about":[{"href":"https:\/\/www.manquepierda.com\/historiarealbetis\/wp-json\/wp\/v2\/types\/post"}],"author":[{"embeddable":true,"href":"https:\/\/www.manquepierda.com\/historiarealbetis\/wp-json\/wp\/v2\/users\/5"}],"replies":[{"embeddable":true,"href":"https:\/\/www.manquepierda.com\/historiarealbetis\/wp-json\/wp\/v2\/comments?post=107555"}],"version-history":[{"count":5,"href":"https:\/\/www.manquepierda.com\/historiarealbetis\/wp-json\/wp\/v2\/posts\/107555\/revisions"}],"predecessor-version":[{"id":107569,"href":"https:\/\/www.manquepierda.com\/historiarealbetis\/wp-json\/wp\/v2\/posts\/107555\/revisions\/107569"}],"wp:featuredmedia":[{"embeddable":true,"href":"https:\/\/www.manquepierda.com\/historiarealbetis\/wp-json\/wp\/v2\/media\/107556"}],"wp:attachment":[{"href":"https:\/\/www.manquepierda.com\/historiarealbetis\/wp-json\/wp\/v2\/media?parent=107555"}],"wp:term":[{"taxonomy":"category","embeddable":true,"href":"https:\/\/www.manquepierda.com\/historiarealbetis\/wp-json\/wp\/v2\/categories?post=107555"},{"taxonomy":"post_tag","embeddable":true,"href":"https:\/\/www.manquepierda.com\/historiarealbetis\/wp-json\/wp\/v2\/tags?post=107555"}],"curies":[{"name":"wp","href":"https:\/\/api.w.org\/{rel}","templated":true}]}}