{"id":107559,"date":"2026-04-26T11:00:00","date_gmt":"2026-04-26T09:00:00","guid":{"rendered":"https:\/\/www.manquepierda.com\/historiarealbetis\/?p=107559"},"modified":"2026-04-22T12:53:58","modified_gmt":"2026-04-22T10:53:58","slug":"los-penultimos-dias-de-pompeya-de-francisco-correal","status":"publish","type":"post","link":"https:\/\/www.manquepierda.com\/historiarealbetis\/los-penultimos-dias-de-pompeya-de-francisco-correal\/","title":{"rendered":"Los pen\u00faltimos d\u00edas de Pompeya, de Francisco Correal."},"content":{"rendered":"\n<figure class=\"wp-block-image size-full\"><img data-recalc-dims=\"1\" loading=\"lazy\" decoding=\"async\" width=\"651\" height=\"102\" src=\"https:\/\/i0.wp.com\/www.manquepierda.com\/historiarealbetis\/files\/2026\/04\/8-Grada-y-palco.-Los-penultimos-dia-de-Pompeya-NMP.jpg?resize=651%2C102&#038;ssl=1\" alt=\"\" class=\"wp-image-107560\" srcset=\"https:\/\/i0.wp.com\/www.manquepierda.com\/historiarealbetis\/files\/2026\/04\/8-Grada-y-palco.-Los-penultimos-dia-de-Pompeya-NMP.jpg?w=651&amp;ssl=1 651w, https:\/\/i0.wp.com\/www.manquepierda.com\/historiarealbetis\/files\/2026\/04\/8-Grada-y-palco.-Los-penultimos-dia-de-Pompeya-NMP.jpg?resize=220%2C34&amp;ssl=1 220w\" sizes=\"auto, (max-width: 651px) 100vw, 651px\" \/><\/figure>\n\n\n<p>\u00a0<\/p>\n<p>El 7 de abril de 1991 en el Villamar\u00edn el Betis recibi\u00f3 al Logro\u00f1\u00e9s en partido de la jornada 29 del Campeonato de Liga de Primera Divisi\u00f3n. El equipo verdiblanco era pen\u00faltimo en la clasificaci\u00f3n, en una mala temporada que culminar\u00eda con el descenso a la Segunda Divisi\u00f3n.<\/p>\n<p>En ese partido, que el Betis gan\u00f3 3-2, estuvo presente el ex jugador madridista Francisco Gento en calidad de ojeador del Real Madrid, que dos semanas despu\u00e9s ser\u00eda el visitante del Villamar\u00edn.\u00a0<\/p>\n<p>Al d\u00eda siguiente el periodista Francisco Correal le dedic\u00f3 este art\u00edculo en su columna Grada y Palco, en las p\u00e1ginas de Diario 16 Andaluc\u00eda del 8 de abril de 1991.\u00a0\u00a0<\/p>\n<p><em>Con el Real Madrid a 18 puntos del Barcelona, ver a Paco Gento y Luis del Sol salud\u00e1ndose cordialmente en uno de los accesos del Benito Villamar\u00edn es como contemplar un retrato de Julio C\u00e9sar en los \u00faltimos d\u00edas de Pompeya. \u201c\u00bfQu\u00e9 pasa pel\u00f3n?\u201d, le dice la Galerna del Cant\u00e1brico a Sette Pulmoni.<\/em><\/p>\n<p><em>Ni Bobby Charlton, ni Uwe Seeler, ni Johan Cruyff, ni Alfredo Di St\u00e9fano. Nadie, solo Paco Gento tiene en su vitrina particular 6 Copas de Europa, transici\u00f3n entre el equipo pentacampe\u00f3n y los yey\u00e9s que conquistaron en la \u201cescurriura\u201d el sexto trofeo continental, va ya para 26 a\u00f1os.<\/em><\/p>\n<p><em>Gento lleg\u00f3 a Heli\u00f3polis para observar al Betis, rival en la pr\u00f3xima salida del Madrid, un partido entre dos tipos de supervivencia, la del se\u00f1orito desahuciado por la desamortizaci\u00f3n de un invisible Mendiz\u00e1bal, y la del desheredado que apuesta por esa especie de eutanasia que es la promoci\u00f3n.<\/em><\/p>\n<p><em>En su dilatado \u00e1lbum de recuerdos guarda gento la vi\u00f1eta publicada por Gallego &amp; Rey. Colas en el Museo del Prado para ver la exposici\u00f3n antol\u00f3gica del autor de Las Meninas. \u201cQu\u00e9 bueno era Vel\u00e1zquez\u201d, dice uno de los que esperan. \u201cY Gento\u201d, responde otro. \u201cTuvo mucha gracia\u201d, dice el ariete de Guarnizo.<\/em><\/p>\n<p><em>\u201cAfortunadamente en el f\u00fatbol dos y dos no son cuatro\u201d, comenta Gento, la paradoja de que el archimillonario equipo de la Quinta del Buitre no haya pasado de las semifinales y Vujadin Boskov llevase hace diez a\u00f1os al Madrid de los Garc\u00eda a la final de la Copa de Europa frente al Liverpool. \u201cEsta plantilla es mucho mejor, pero entonces no exist\u00eda un Mil\u00e1n como ahora, un equipo que hoy por hoy es mucho mejor que el Real Madrid\u201d.<\/em><\/p>\n<p><em>No comparte el criterio seg\u00fan el cual el Madrid est\u00e1 pagando haberse desprendido de Schuster y Mart\u00edn V\u00e1zquez. \u201cEn el equipo que gan\u00f3 dos copas de la UEFA y las primeras ligas no jugaba Schuster y Mart\u00edn V\u00e1zquez era suplente. Todos los equipos tienen sus ciclos. Nosotros ganamos 5 ligas seguidas y despu\u00e9s tuvimos un bache. La gente nos pitaba y le silbaba a Bernab\u00e9u en el palco\u201d.<\/em><\/p>\n<p><em>El Real Madrid pag\u00f3 2 millones de pesetas al Racing de Santander en 1953 por la adquisici\u00f3n de Gento, dinero acompa\u00f1ado de la cesi\u00f3n de dos futbolistas. Fue un aut\u00e9ntico Matusal\u00e9n del f\u00fatbol. \u201cTambi\u00e9n les pas\u00f3 a Di St\u00e9fano y Puskas, me retir\u00e9 con 38 a\u00f1os y todav\u00eda recib\u00ed oferta de Espa\u00f1ol y Valencia para seguir jugando. En la selecci\u00f3n jugu\u00e9 hasta los 35, un partido contra Finlandia en el que me he sustituy\u00f3 Quino\u201d.<\/em><\/p>\n<p><em>Jugando con el s\u00edmil novelesco de V\u00e1zquez Montalb\u00e1n, cree que las t\u00e1cticas han matado al extremo izquierdo, \u201cpor esa banda me gustan mucho Beguirista\u00edn y Gordillo\u201d. Es el t\u00edo de una reputada saga de deportistas. \u201cEl problema de mi sobrino es que no ha jugado lo suficiente\u201d, dice de Paco Llorente, \u201cde no haberse encontrado en el Madrid con Hugo S\u00e1nchez y Butrague\u00f1o ser\u00eda titular indiscutible en la selecci\u00f3n\u201d.<\/em><\/p>\n<p><em>\u00a0<\/em><\/p>","protected":false},"excerpt":{"rendered":"<p>\u00a0 El 7 de abril de 1991 en el Villamar\u00edn el Betis recibi\u00f3 al Logro\u00f1\u00e9s en partido de la jornada 29 del Campeonato de Liga de Primera Divisi\u00f3n. El equipo verdiblanco era pen\u00faltimo en la clasificaci\u00f3n, en una mala temporada que culminar\u00eda con el descenso a la Segunda Divisi\u00f3n. En ese partido, que el Betis&#8230;<\/p>\n","protected":false},"author":5,"featured_media":107560,"comment_status":"open","ping_status":"open","sticky":false,"template":"","format":"standard","meta":{"_kad_post_transparent":"","_kad_post_title":"","_kad_post_layout":"","_kad_post_sidebar_id":"","_kad_post_content_style":"","_kad_post_vertical_padding":"","_kad_post_feature":"","_kad_post_feature_position":"","_kad_post_header":false,"_kad_post_footer":false,"_kad_post_classname":"","_jetpack_memberships_contains_paid_content":false,"footnotes":"","jetpack_publicize_message":"","jetpack_publicize_feature_enabled":true,"jetpack_social_post_already_shared":true,"jetpack_social_options":{"image_generator_settings":{"template":"highway","default_image_id":0,"font":"","enabled":false},"version":2}},"categories":[1,1176],"tags":[4649,5848,17231],"class_list":["post-107559","post","type-post","status-publish","format-standard","has-post-thumbnail","hentry","category-portada","category-relatos-de-futbol","tag-4649","tag-francisco-correal","tag-francisco-gento"],"jetpack_publicize_connections":[],"jetpack_featured_media_url":"https:\/\/i0.wp.com\/www.manquepierda.com\/historiarealbetis\/files\/2026\/04\/8-Grada-y-palco.-Los-penultimos-dia-de-Pompeya-NMP.jpg?fit=651%2C102&ssl=1","jetpack_sharing_enabled":true,"jetpack_shortlink":"https:\/\/wp.me\/p1ij08-rYP","jetpack-related-posts":[],"_links":{"self":[{"href":"https:\/\/www.manquepierda.com\/historiarealbetis\/wp-json\/wp\/v2\/posts\/107559","targetHints":{"allow":["GET"]}}],"collection":[{"href":"https:\/\/www.manquepierda.com\/historiarealbetis\/wp-json\/wp\/v2\/posts"}],"about":[{"href":"https:\/\/www.manquepierda.com\/historiarealbetis\/wp-json\/wp\/v2\/types\/post"}],"author":[{"embeddable":true,"href":"https:\/\/www.manquepierda.com\/historiarealbetis\/wp-json\/wp\/v2\/users\/5"}],"replies":[{"embeddable":true,"href":"https:\/\/www.manquepierda.com\/historiarealbetis\/wp-json\/wp\/v2\/comments?post=107559"}],"version-history":[{"count":4,"href":"https:\/\/www.manquepierda.com\/historiarealbetis\/wp-json\/wp\/v2\/posts\/107559\/revisions"}],"predecessor-version":[{"id":107572,"href":"https:\/\/www.manquepierda.com\/historiarealbetis\/wp-json\/wp\/v2\/posts\/107559\/revisions\/107572"}],"wp:featuredmedia":[{"embeddable":true,"href":"https:\/\/www.manquepierda.com\/historiarealbetis\/wp-json\/wp\/v2\/media\/107560"}],"wp:attachment":[{"href":"https:\/\/www.manquepierda.com\/historiarealbetis\/wp-json\/wp\/v2\/media?parent=107559"}],"wp:term":[{"taxonomy":"category","embeddable":true,"href":"https:\/\/www.manquepierda.com\/historiarealbetis\/wp-json\/wp\/v2\/categories?post=107559"},{"taxonomy":"post_tag","embeddable":true,"href":"https:\/\/www.manquepierda.com\/historiarealbetis\/wp-json\/wp\/v2\/tags?post=107559"}],"curies":[{"name":"wp","href":"https:\/\/api.w.org\/{rel}","templated":true}]}}