{"id":107620,"date":"2026-04-28T11:00:00","date_gmt":"2026-04-28T09:00:00","guid":{"rendered":"https:\/\/www.manquepierda.com\/historiarealbetis\/?p=107620"},"modified":"2026-04-25T12:57:29","modified_gmt":"2026-04-25T10:57:29","slug":"album-de-cromos-temporada-1971-72-3","status":"publish","type":"post","link":"https:\/\/www.manquepierda.com\/historiarealbetis\/album-de-cromos-temporada-1971-72-3\/","title":{"rendered":"Album de cromos temporada 1971-72."},"content":{"rendered":"<div class=\"wp-block-image\">\n<figure class=\"aligncenter size-full\"><img data-recalc-dims=\"1\" loading=\"lazy\" decoding=\"async\" width=\"509\" height=\"603\" src=\"https:\/\/i0.wp.com\/www.manquepierda.com\/historiarealbetis\/files\/2026\/04\/Album-de-cromos-1971-72-La-Casera.jpg?resize=509%2C603&#038;ssl=1\" alt=\"\" class=\"wp-image-107621\" srcset=\"https:\/\/i0.wp.com\/www.manquepierda.com\/historiarealbetis\/files\/2026\/04\/Album-de-cromos-1971-72-La-Casera.jpg?w=509&amp;ssl=1 509w, https:\/\/i0.wp.com\/www.manquepierda.com\/historiarealbetis\/files\/2026\/04\/Album-de-cromos-1971-72-La-Casera.jpg?resize=506%2C600&amp;ssl=1 506w, https:\/\/i0.wp.com\/www.manquepierda.com\/historiarealbetis\/files\/2026\/04\/Album-de-cromos-1971-72-La-Casera.jpg?resize=186%2C220&amp;ssl=1 186w\" sizes=\"auto, (max-width: 509px) 100vw, 509px\" \/><\/figure>\n<\/div>\n\n<p>\u00a0<\/p>\n<p>Album de cromos de la temporada 1971-72 de La Casera con los siguientes jugadores: Campos, Villanova, Ezequiel, Telech\u00eda, Cobo, Pach\u00f3n, Frigols, D\u00edaz, Irizar, Macario, Isauro, Rogelio, Ben\u00edtez y Gonz\u00e1lez.\u00a0<\/p>","protected":false},"excerpt":{"rendered":"<p>\u00a0 Album de cromos de la temporada 1971-72 de La Casera con los siguientes jugadores: Campos, Villanova, Ezequiel, Telech\u00eda, Cobo, Pach\u00f3n, Frigols, D\u00edaz, Irizar, Macario, Isauro, Rogelio, Ben\u00edtez y Gonz\u00e1lez.\u00a0<\/p>\n","protected":false},"author":5,"featured_media":107621,"comment_status":"open","ping_status":"open","sticky":false,"template":"","format":"standard","meta":{"_kad_post_transparent":"","_kad_post_title":"","_kad_post_layout":"","_kad_post_sidebar_id":"","_kad_post_content_style":"","_kad_post_vertical_padding":"","_kad_post_feature":"","_kad_post_feature_position":"","_kad_post_header":false,"_kad_post_footer":false,"_kad_post_classname":"","_jetpack_memberships_contains_paid_content":false,"footnotes":"","jetpack_publicize_message":"","jetpack_publicize_feature_enabled":true,"jetpack_social_post_already_shared":true,"jetpack_social_options":{"image_generator_settings":{"template":"highway","default_image_id":0,"font":"","enabled":false},"version":2}},"categories":[903,1],"tags":[2317,1120,1394,2457,2086,1415,2319,5082,1181,1303,5211,1619,1050,1040,1396],"class_list":["post-107620","post","type-post","status-publish","format-standard","has-post-thumbnail","hentry","category-1970-1979","category-portada","tag-1971-72","tag-antonio-benitez","tag-ezequiel-manaute","tag-francisco-frigols","tag-francisco-telechia","tag-isauro-alvarez","tag-jesus-maria-irizar","tag-jose-manuel-pachon","tag-juan-manuel-cobo","tag-manuel-campos","tag-manuel-diaz","tag-manuel-perez-macario","tag-manuel-villanova","tag-pepe-gonzalez","tag-rogelio-sosa"],"jetpack_publicize_connections":[],"jetpack_featured_media_url":"https:\/\/i0.wp.com\/www.manquepierda.com\/historiarealbetis\/files\/2026\/04\/Album-de-cromos-1971-72-La-Casera.jpg?fit=509%2C603&ssl=1","jetpack_sharing_enabled":true,"jetpack_shortlink":"https:\/\/wp.me\/p1ij08-rZO","jetpack-related-posts":[],"_links":{"self":[{"href":"https:\/\/www.manquepierda.com\/historiarealbetis\/wp-json\/wp\/v2\/posts\/107620","targetHints":{"allow":["GET"]}}],"collection":[{"href":"https:\/\/www.manquepierda.com\/historiarealbetis\/wp-json\/wp\/v2\/posts"}],"about":[{"href":"https:\/\/www.manquepierda.com\/historiarealbetis\/wp-json\/wp\/v2\/types\/post"}],"author":[{"embeddable":true,"href":"https:\/\/www.manquepierda.com\/historiarealbetis\/wp-json\/wp\/v2\/users\/5"}],"replies":[{"embeddable":true,"href":"https:\/\/www.manquepierda.com\/historiarealbetis\/wp-json\/wp\/v2\/comments?post=107620"}],"version-history":[{"count":2,"href":"https:\/\/www.manquepierda.com\/historiarealbetis\/wp-json\/wp\/v2\/posts\/107620\/revisions"}],"predecessor-version":[{"id":107623,"href":"https:\/\/www.manquepierda.com\/historiarealbetis\/wp-json\/wp\/v2\/posts\/107620\/revisions\/107623"}],"wp:featuredmedia":[{"embeddable":true,"href":"https:\/\/www.manquepierda.com\/historiarealbetis\/wp-json\/wp\/v2\/media\/107621"}],"wp:attachment":[{"href":"https:\/\/www.manquepierda.com\/historiarealbetis\/wp-json\/wp\/v2\/media?parent=107620"}],"wp:term":[{"taxonomy":"category","embeddable":true,"href":"https:\/\/www.manquepierda.com\/historiarealbetis\/wp-json\/wp\/v2\/categories?post=107620"},{"taxonomy":"post_tag","embeddable":true,"href":"https:\/\/www.manquepierda.com\/historiarealbetis\/wp-json\/wp\/v2\/tags?post=107620"}],"curies":[{"name":"wp","href":"https:\/\/api.w.org\/{rel}","templated":true}]}}