{"id":107627,"date":"2026-04-27T11:00:00","date_gmt":"2026-04-27T09:00:00","guid":{"rendered":"https:\/\/www.manquepierda.com\/historiarealbetis\/?p=107627"},"modified":"2026-04-25T18:05:26","modified_gmt":"2026-04-25T16:05:26","slug":"entrevista-joaquin-sierra-quino-1965-2","status":"publish","type":"post","link":"https:\/\/www.manquepierda.com\/historiarealbetis\/entrevista-joaquin-sierra-quino-1965-2\/","title":{"rendered":"Entrevista Joaqu\u00edn Sierra \u00abQuino\u00bb 1965."},"content":{"rendered":"<div class=\"wp-block-image\">\n<figure class=\"aligncenter size-full\"><img data-recalc-dims=\"1\" loading=\"lazy\" decoding=\"async\" width=\"407\" height=\"661\" src=\"https:\/\/i0.wp.com\/www.manquepierda.com\/historiarealbetis\/files\/2026\/04\/Entrevista-Quino-1965-NMP-Sevilla-15-09-1965.jpg?resize=407%2C661&#038;ssl=1\" alt=\"\" class=\"wp-image-107628\" srcset=\"https:\/\/i0.wp.com\/www.manquepierda.com\/historiarealbetis\/files\/2026\/04\/Entrevista-Quino-1965-NMP-Sevilla-15-09-1965.jpg?w=407&amp;ssl=1 407w, https:\/\/i0.wp.com\/www.manquepierda.com\/historiarealbetis\/files\/2026\/04\/Entrevista-Quino-1965-NMP-Sevilla-15-09-1965.jpg?resize=369%2C600&amp;ssl=1 369w, https:\/\/i0.wp.com\/www.manquepierda.com\/historiarealbetis\/files\/2026\/04\/Entrevista-Quino-1965-NMP-Sevilla-15-09-1965.jpg?resize=135%2C220&amp;ssl=1 135w\" sizes=\"auto, (max-width: 407px) 100vw, 407px\" \/><\/figure>\n<\/div>\n\n<p>\u00a0<\/p>\n<p>Joaqu\u00edn Sierra \u00abQuino\u00bb debut\u00f3 con el primer equipo b\u00e9tico en partido oficial el 22 de marzo de 1964, como ya vimos <a href=\"https:\/\/www.manquepierda.com\/historiarealbetis\/el-debut-de-quino-1964\/\"><strong>aqu\u00ed.<\/strong><\/a>\u00a0<\/p>\n<p>Sin embargo, tanto en el resto de la temporada 63-64 como en la 64-65, Quino sigui\u00f3 perteneciendo al Triana Balompi\u00e9, aunque disput\u00f3 un total de 8 encuentros oficiales (6 de Liga y 2 de Copa) con el primer equipo.<\/p>\n<p>Ser\u00eda en la temporada 1965-66 cuando ya se integrar\u00eda de forma absoluta en la primera plantilla verdiblanca. En este entrevista del periodista Mart\u00edn Benito en las p\u00e1ginas del diario vespertino Sevilla Quino desvelaba sus sensaciones al entrar a formar parte habitual del primer equipo. Sus actuaciones en el Trofeo Carranza y en al partido jugado en el Villamar\u00edn contra el Real Madrid le dieron ya una plaza titular en el equipo b\u00e9tico.\u00a0<\/p>\n<p><span style=\"color: #008000;\"><em>La afici\u00f3n estaba dividida. Se le hab\u00edan dado algunas oportunidades espor\u00e1dicas o en condiciones no muy favorables y muy pocos \u00edbamos quedando que confiamos plenamente en la val\u00eda de Quino. Todo parece que ha cambiado en el curso de cuatro partidos, los dos del XI Trofeo Ram\u00f3n de Carranza y las dos primeras jornadas ligueras.<\/em><\/span><\/p>\n<p><span style=\"color: #008000;\"><em>Se le reconoc\u00edan las cualidades de hombre dominador, h\u00e1bil, de clara visi\u00f3n de la jugada, pero sobre esto pesaba m\u00e1s para los detractores su aparente abulia, su desgana, sus excesivos regates, el no acudir a pelotas perdidas o no volverse sobre el contrario. Los cuatro partidos mencionados han tenido la virtud de volver un poco las aguas a su cauce, y ya son m\u00e1s los que pregonan excelencias que los amigos de mantener el criterio de que el fino jugador nunca llegar\u00e1 a ser algo en el f\u00fatbol.<\/em><\/span><\/p>\n<p><span style=\"color: #008000;\"><em>El pasado domingo, frente al Madrid, y ante los aficionados b\u00e9ticos, \u201cmi p\u00fablico\u201d, como nos ha dicho durante el rato que hemos charlado con \u00e9l confirm\u00f3, dig\u00e1moslo en t\u00e9rminos taurinos, la alternativa para quienes no le hab\u00edan visto en las actuaciones anteriores. Yo no pude ver porque el deber me llev\u00f3 a C\u00f3rdoba. Ya le hab\u00eda visto en no pocas ocasiones y su triunfo no me ha sorprendido en lo m\u00e1s m\u00ednimo.<\/em><\/span><\/p>\n<p><span style=\"color: #008000;\"><em>En Quino hay una promesa. La hay porque cuando se tienen 20 a\u00f1os reci\u00e9n cumplidos, dominio de pelota, estatura y entrega a una profesi\u00f3n, la suerte no puede presentar siempre la fea cara de la adversidad. Puede malograrse, es cierto, y a\u00fan le queda mucho camino por recorrer, pero lo principal creemos que lo ha salvado. Ahora le queda el paso definitivo, tal vez el m\u00e1s arduo y bien har\u00e1 en no creer que ya todo ser\u00e1 andar sobre laureles de victoria.<\/em><\/span><\/p>\n<ul>\n<li><span style=\"color: #008000;\"><em>\u00bfQu\u00e9 ha significado este triunfo para ti?<\/em><\/span><\/li>\n<li><span style=\"color: #008000;\"><em>Afianzarme en el juego, poder actuar con mayor seguridad y confianza ante la afici\u00f3n y que crean un poco en m\u00ed, lo cual me era muy importante<\/em><\/span><\/li>\n<\/ul>\n<p><span style=\"color: #008000;\"><em>En alguna ocasi\u00f3n alguien me habl\u00f3 de la influencia que sobre Quino ejerc\u00eda el p\u00fablico, de que los mejores encuentros con la selecci\u00f3n juvenil andaluza siempre los hab\u00eda realizado fuera de Sevilla.<\/em><\/span><\/p>\n<ul>\n<li><span style=\"color: #008000;\"><em>\u00bfQu\u00e9 influencia tiene el p\u00fablico sobre ti?<\/em><\/span><\/li>\n<li><span style=\"color: #008000;\"><em>El p\u00fablico, mi p\u00fablico, la afici\u00f3n b\u00e9tica, influye mucho sobre m\u00ed<\/em><\/span><\/li>\n<li><span style=\"color: #008000;\"><em>\u00bfTe sientes agobiado por \u00e9l?<\/em><\/span><\/li>\n<li><span style=\"color: #008000;\"><em>Cuando las cosas van mal, s\u00ed. Y, al contrario. Ahora podr\u00e9 salir sin tanto temor al fracaso.<\/em><\/span><\/li>\n<\/ul>\n<p><span style=\"color: #008000;\"><em>Pero el primer triunfo del joven jugador lleg\u00f3 precisamente en un puesto que nunca le fue habitual, en la media.<\/em><\/span><\/p>\n<ul>\n<li><span style=\"color: #008000;\"><em>\u00bfA qu\u00e9 se debi\u00f3 tu triunfo en un sitio no frecuentado por ti?<\/em><\/span><\/li>\n<li><span style=\"color: #008000;\"><em>Muchos me achacaban, y seguramente con raz\u00f3n, que no peleaba y al alinearme de medio me percat\u00e9 de la necesidad de correr para atajar el contrario que se marcha hacia la propia puerta. Ha sido beneficioso.<\/em><\/span><\/li>\n<li><span style=\"color: #008000;\"><em>\u00bfCrees que es tu puesto?<\/em><\/span><\/li>\n<li><span style=\"color: #008000;\"><em>Estimo que mi sitio est\u00e1 en la tripleta central del ataque. En la media es m\u00e1s f\u00e1cil jugar, aunque se deba correr m\u00e1s.<\/em><\/span><\/li>\n<li><span style=\"color: #008000;\"><em>\u00bfEn punta?<\/em><\/span><\/li>\n<li><span style=\"color: #008000;\"><em>S\u00ed. Tambi\u00e9n pienso que puedo hacer labor de enlace, como el domingo frente al Madrid, y estar adelante en el momento oportuno.<\/em><\/span><\/li>\n<li><span style=\"color: #008000;\"><em>\u00bfHa sido este el momento oportuno de tu inclusi\u00f3n en el equipo?<\/em><\/span><\/li>\n<li><span style=\"color: #008000;\"><em>Podr\u00eda haberlo hecho antes, pero las circunstancias no me favorecieron<\/em><\/span><\/li>\n<li><span style=\"color: #008000;\"><em>\u00bfQu\u00e9 cualidades debe tener un delantero?<\/em><\/span><\/li>\n<li><span style=\"color: #008000;\"><em>Habilidad, fuerza y rapidez<\/em><\/span><\/li>\n<li><span style=\"color: #008000;\"><em>\u00bfCon qui\u00e9nes te entendiste mejor?<\/em><\/span><\/li>\n<li><span style=\"color: #008000;\"><em>Con mi hermano Ignacio, Mil\u00e1n y los que form\u00e1bamos la delantera del Betis juvenil: Gerencio, Fali, Dioni y Gerardo<\/em><\/span><\/li>\n<li><span style=\"color: #008000;\"><em>\u00bfEst\u00e1n capacitados para dar el salto?<\/em><\/span><\/li>\n<li><span style=\"color: #008000;\"><em>Eran muy buenos con los juveniles y siguen si\u00e9ndolo. Tengo confianza en verlos pronto jugando conmigo.<\/em><\/span><\/li>\n<\/ul>\n<p><span style=\"color: #008000;\"><em>Cuando cualquier muchacho asciende de categor\u00eda, su imaginaci\u00f3n pronto vuela por las alturas. Quino es comedido.<\/em><\/span><\/p>\n<ul>\n<li><span style=\"color: #008000;\"><em>\u00bfCu\u00e1les son tus aspiraciones?<\/em><\/span><\/li>\n<li><span style=\"color: #008000;\"><em>Este a\u00f1o mi deseo era conseguir la titularidad, cosa que parece ser que he logrado. Ahora mantener esa titularidad.<\/em><\/span><\/li>\n<li><span style=\"color: #008000;\"><em>\u00bfY despu\u00e9s?<\/em><\/span><\/li>\n<li><span style=\"color: #008000;\"><em>Si consigo mantenerme aspirar\u00e9 a metas m\u00e1s altas<\/em><\/span><\/li>\n<li><span style=\"color: #008000;\"><em>Que podr\u00edan ser&#8230;<\/em><\/span><\/li>\n<li><span style=\"color: #008000;\"><em>Un poco pronto para hablar de ello<\/em><\/span><\/li>\n<li><span style=\"color: #008000;\"><em>\u00bfDe qu\u00e9 entrenador guardas mejor recuerdo?<\/em><\/span><\/li>\n<li><span style=\"color: #008000;\"><em>Bueno de todos, especialmente de Rosendo Hern\u00e1ndez que a pesar de no tener suerte en el Betis confi\u00f3 siempre en m\u00ed. Naturalmente tambi\u00e9n del actual que me ha sacado desde el principio.<\/em><\/span><\/li>\n<\/ul>\n<p><span style=\"color: #008000;\"><em>El Betis a\u00fan no ha puntuado. El Madrid le carg\u00f3 con las dos primeras negativos.<\/em><\/span><\/p>\n<ul>\n<li><span style=\"color: #008000;\"><em>\u00bfC\u00f3mo ves al equipo?<\/em><\/span><\/li>\n<li><span style=\"color: #008000;\"><em> Si respondemos como contra el Benfica y el Madrid creo que se puede hacer un buen papel<\/em><\/span><\/li>\n<li><span style=\"color: #008000;\"><em>\u00bfNo influir\u00e1 este mal comienzo?<\/em><\/span><\/li>\n<li><span style=\"color: #008000;\"><em> Perder contra el Madrid por verdadera mala suerte no pienso que sea para desanimar a nadie<\/em><\/span><\/li>\n<li><span style=\"color: #008000;\"><em>\u00bfT\u00fa te desanimaste alguna vez ante la divisi\u00f3n de criterios sobre tu juegos y posibilidades?<\/em><\/span><\/li>\n<li><span style=\"color: #008000;\"><em> Hubiese sido lo \u00faltimo&#8230;<\/em><\/span><\/li>\n<li><span style=\"color: #008000;\"><em>Pues que lo sea<\/em><\/span><\/li>\n<\/ul>","protected":false},"excerpt":{"rendered":"<p>\u00a0 Joaqu\u00edn Sierra \u00abQuino\u00bb debut\u00f3 con el primer equipo b\u00e9tico en partido oficial el 22 de marzo de 1964, como ya vimos aqu\u00ed.\u00a0 Sin embargo, tanto en el resto de la temporada 63-64 como en la 64-65, Quino sigui\u00f3 perteneciendo al Triana Balompi\u00e9, aunque disput\u00f3 un total de 8 encuentros oficiales (6 de Liga y&#8230;<\/p>\n","protected":false},"author":5,"featured_media":107628,"comment_status":"open","ping_status":"open","sticky":false,"template":"","format":"standard","meta":{"_kad_post_transparent":"","_kad_post_title":"","_kad_post_layout":"","_kad_post_sidebar_id":"","_kad_post_content_style":"","_kad_post_vertical_padding":"","_kad_post_feature":"","_kad_post_feature_position":"","_kad_post_header":false,"_kad_post_footer":false,"_kad_post_classname":"","_jetpack_memberships_contains_paid_content":false,"footnotes":"","jetpack_publicize_message":"","jetpack_publicize_feature_enabled":true,"jetpack_social_post_already_shared":true,"jetpack_social_options":{"image_generator_settings":{"template":"highway","default_image_id":0,"font":"","enabled":false},"version":2}},"categories":[902,1],"tags":[7334,1621,13406],"class_list":["post-107627","post","type-post","status-publish","format-standard","has-post-thumbnail","hentry","category-1960-1969","category-portada","tag-7334","tag-joaquin-sierra-quino","tag-martin-benito"],"jetpack_publicize_connections":[],"jetpack_featured_media_url":"https:\/\/i0.wp.com\/www.manquepierda.com\/historiarealbetis\/files\/2026\/04\/Entrevista-Quino-1965-NMP-Sevilla-15-09-1965.jpg?fit=407%2C661&ssl=1","jetpack_sharing_enabled":true,"jetpack_shortlink":"https:\/\/wp.me\/p1ij08-rZV","jetpack-related-posts":[],"_links":{"self":[{"href":"https:\/\/www.manquepierda.com\/historiarealbetis\/wp-json\/wp\/v2\/posts\/107627","targetHints":{"allow":["GET"]}}],"collection":[{"href":"https:\/\/www.manquepierda.com\/historiarealbetis\/wp-json\/wp\/v2\/posts"}],"about":[{"href":"https:\/\/www.manquepierda.com\/historiarealbetis\/wp-json\/wp\/v2\/types\/post"}],"author":[{"embeddable":true,"href":"https:\/\/www.manquepierda.com\/historiarealbetis\/wp-json\/wp\/v2\/users\/5"}],"replies":[{"embeddable":true,"href":"https:\/\/www.manquepierda.com\/historiarealbetis\/wp-json\/wp\/v2\/comments?post=107627"}],"version-history":[{"count":3,"href":"https:\/\/www.manquepierda.com\/historiarealbetis\/wp-json\/wp\/v2\/posts\/107627\/revisions"}],"predecessor-version":[{"id":107631,"href":"https:\/\/www.manquepierda.com\/historiarealbetis\/wp-json\/wp\/v2\/posts\/107627\/revisions\/107631"}],"wp:featuredmedia":[{"embeddable":true,"href":"https:\/\/www.manquepierda.com\/historiarealbetis\/wp-json\/wp\/v2\/media\/107628"}],"wp:attachment":[{"href":"https:\/\/www.manquepierda.com\/historiarealbetis\/wp-json\/wp\/v2\/media?parent=107627"}],"wp:term":[{"taxonomy":"category","embeddable":true,"href":"https:\/\/www.manquepierda.com\/historiarealbetis\/wp-json\/wp\/v2\/categories?post=107627"},{"taxonomy":"post_tag","embeddable":true,"href":"https:\/\/www.manquepierda.com\/historiarealbetis\/wp-json\/wp\/v2\/tags?post=107627"}],"curies":[{"name":"wp","href":"https:\/\/api.w.org\/{rel}","templated":true}]}}