{"id":10797,"date":"2011-04-29T01:12:36","date_gmt":"2011-04-29T00:12:36","guid":{"rendered":"http:\/\/www.manquepierda.com\/historiarealbetis\/?p=10797"},"modified":"2024-09-22T20:22:34","modified_gmt":"2024-09-22T18:22:34","slug":"19600129-comision-economica-real-betis-balompie","status":"publish","type":"post","link":"https:\/\/www.manquepierda.com\/historiarealbetis\/19600129-comision-economica-real-betis-balompie\/","title":{"rendered":"1960-01-29: Comisi\u00f3n Econ\u00f3mica Real Betis Balompi\u00e9"},"content":{"rendered":"<p>\u00abEn la Federaci\u00f3n Regional Andaluza tuvo lugar el acto de constituci\u00f3n de la Comisi\u00f3n Econ\u00f3mica del Real Betis Balompi\u00e9.<\/p>\n<p>A dicha reuni\u00f3n concurri\u00f3 la Directiva del Club, presidida por don Diego Benjumea Medina,\u00a0 habiendo sido presentada la relaci\u00f3n de los se\u00f1ores propuestos por dicha Sociedad,\u00a0 y de los que se acompa\u00f1a biograf\u00eda deportiva y social de los interesados, y sus conocimientos en materias econ\u00f3micas para designar de entre ellos,\u00a0 los representantes que tendr\u00e1n encomendadas dichas funciones.<\/p>\n<p>Agradece el presidente de la Federaci\u00f3n que el Real Betis Balompi\u00e9 haya remitido la lista de los se\u00f1ores que han de constituir la Junta Econ\u00f3mica, dando as\u00ed cumplimiento a las normas dictadas por nuestro superior organismo.<\/p>\n<p>Tambi\u00e9n agradeci\u00f3 la colaboraci\u00f3n de los se\u00f1ores que sin excepci\u00f3n han aceptado los cargos en la susodicha Junta,\u00a0 haci\u00e9ndoles constar que producida \u00e9sta con posterioridad al comienzo del ejercicio econ\u00f3mico,\u00a0 no podr\u00e1n asumir \u00edntegramente las funciones que se les asignaron por el Pleno Federativo, ya que los clubes est\u00e1n desarrollando un presupuesto que no fue oportunamente censurado por la Comisi\u00f3n.<\/p>\n<p>Ello no obsta para que,\u00a0 salvo esta funci\u00f3n,\u00a0 realicen todas las dem\u00e1s que les est\u00e1n encomendadas, conozcan la marcha econ\u00f3mica del Club e informen de la misma a la Federaci\u00f3n Regional.<\/p>\n<p><strong><em>La Comisi\u00f3n Econ\u00f3mica ha quedado constitu\u00edda por los siguientes se\u00f1ores:<\/em><\/strong><\/p>\n<p style=\"text-align: center\"><strong><em><a href=\"https:\/\/i0.wp.com\/www.manquepierda.com\/historiarealbetis\/files\/2011\/04\/escanear00511.jpg?ssl=1\"><img data-recalc-dims=\"1\" loading=\"lazy\" decoding=\"async\" class=\"aligncenter size-full wp-image-10798\" src=\"https:\/\/i0.wp.com\/www.manquepierda.com\/historiarealbetis\/files\/2011\/04\/escanear00511.jpg?resize=336%2C315&#038;ssl=1\" alt=\"\" width=\"336\" height=\"315\" srcset=\"https:\/\/i0.wp.com\/www.manquepierda.com\/historiarealbetis\/files\/2011\/04\/escanear00511.jpg?w=336&amp;ssl=1 336w, https:\/\/i0.wp.com\/www.manquepierda.com\/historiarealbetis\/files\/2011\/04\/escanear00511.jpg?resize=300%2C281&amp;ssl=1 300w\" sizes=\"auto, (max-width: 336px) 100vw, 336px\" \/><\/a>D. Juan Del Castillo Ochoa.<\/em><\/strong><\/p>\n<p style=\"text-align: center\"><strong><em><a href=\"https:\/\/i0.wp.com\/www.manquepierda.com\/historiarealbetis\/files\/2011\/04\/Adolfo-Cu%C3%A9llar-Rodr%C3%ADguez.jpg?ssl=1\"><img data-recalc-dims=\"1\" loading=\"lazy\" decoding=\"async\" class=\"aligncenter size-full wp-image-10799\" src=\"https:\/\/i0.wp.com\/www.manquepierda.com\/historiarealbetis\/files\/2011\/04\/Adolfo-Cu%C3%A9llar-Rodr%C3%ADguez.jpg?resize=206%2C340&#038;ssl=1\" alt=\"\" width=\"206\" height=\"340\" srcset=\"https:\/\/i0.wp.com\/www.manquepierda.com\/historiarealbetis\/files\/2011\/04\/Adolfo-Cu%C3%A9llar-Rodr%C3%ADguez.jpg?w=206&amp;ssl=1 206w, https:\/\/i0.wp.com\/www.manquepierda.com\/historiarealbetis\/files\/2011\/04\/Adolfo-Cu%C3%A9llar-Rodr%C3%ADguez.jpg?resize=181%2C300&amp;ssl=1 181w\" sizes=\"auto, (max-width: 206px) 100vw, 206px\" \/><\/a><\/em><em>D. Adolfo Cu\u00e9llar Rodr\u00edguez.<\/em><\/strong><\/p>\n<p style=\"text-align: center\"><strong><em><a href=\"https:\/\/i0.wp.com\/www.manquepierda.com\/historiarealbetis\/files\/2011\/04\/Gil-Gomez-Bajuelo.jpg?ssl=1\"><img data-recalc-dims=\"1\" loading=\"lazy\" decoding=\"async\" class=\"aligncenter size-full wp-image-10800\" src=\"https:\/\/i0.wp.com\/www.manquepierda.com\/historiarealbetis\/files\/2011\/04\/Gil-Gomez-Bajuelo.jpg?resize=359%2C450&#038;ssl=1\" alt=\"\" width=\"359\" height=\"450\" srcset=\"https:\/\/i0.wp.com\/www.manquepierda.com\/historiarealbetis\/files\/2011\/04\/Gil-Gomez-Bajuelo.jpg?w=359&amp;ssl=1 359w, https:\/\/i0.wp.com\/www.manquepierda.com\/historiarealbetis\/files\/2011\/04\/Gil-Gomez-Bajuelo.jpg?resize=239%2C300&amp;ssl=1 239w\" sizes=\"auto, (max-width: 359px) 100vw, 359px\" \/><\/a><\/em><em>D. Gil G\u00f3mez Bajuelo (a) \u00abDisc\u00f3bolo\u00bb.<\/em><\/strong><\/p>\n<p style=\"text-align: center\"><strong><em><a href=\"https:\/\/i0.wp.com\/www.manquepierda.com\/historiarealbetis\/files\/2011\/04\/Moreno-Sevillano4.jpg?ssl=1\"><img data-recalc-dims=\"1\" loading=\"lazy\" decoding=\"async\" class=\"aligncenter size-full wp-image-10801\" src=\"https:\/\/i0.wp.com\/www.manquepierda.com\/historiarealbetis\/files\/2011\/04\/Moreno-Sevillano4.jpg?resize=455%2C649&#038;ssl=1\" alt=\"\" width=\"455\" height=\"649\" srcset=\"https:\/\/i0.wp.com\/www.manquepierda.com\/historiarealbetis\/files\/2011\/04\/Moreno-Sevillano4.jpg?w=455&amp;ssl=1 455w, https:\/\/i0.wp.com\/www.manquepierda.com\/historiarealbetis\/files\/2011\/04\/Moreno-Sevillano4.jpg?resize=210%2C300&amp;ssl=1 210w\" sizes=\"auto, (max-width: 455px) 100vw, 455px\" \/><\/a><\/em><em>D. Antonio Moreno Sevillano.<\/em><\/strong><\/p>\n<p style=\"text-align: center\"><a href=\"https:\/\/i0.wp.com\/www.manquepierda.com\/historiarealbetis\/files\/2011\/04\/Ram%C3%B3n-Poll.jpg?ssl=1\"><img data-recalc-dims=\"1\" loading=\"lazy\" decoding=\"async\" class=\"aligncenter size-full wp-image-10802\" src=\"https:\/\/i0.wp.com\/www.manquepierda.com\/historiarealbetis\/files\/2011\/04\/Ram%C3%B3n-Poll.jpg?resize=493%2C800&#038;ssl=1\" alt=\"\" width=\"493\" height=\"800\" srcset=\"https:\/\/i0.wp.com\/www.manquepierda.com\/historiarealbetis\/files\/2011\/04\/Ram%C3%B3n-Poll.jpg?w=493&amp;ssl=1 493w, https:\/\/i0.wp.com\/www.manquepierda.com\/historiarealbetis\/files\/2011\/04\/Ram%C3%B3n-Poll.jpg?resize=184%2C300&amp;ssl=1 184w\" sizes=\"auto, (max-width: 493px) 100vw, 493px\" \/><\/a><strong><em>D. Ram\u00f3n Pol Carbonell.<\/em><\/strong><\/p>\n<p style=\"text-align: left\"><strong><em>D. Filomeno De Aspe Mart\u00ednez.<\/em><\/strong><\/p>\n<p style=\"text-align: left\"><strong><em>D. Antonio Ruiz Mu\u00f1oz.<\/em><\/strong><\/p>\n<p style=\"text-align: left\"><strong><em>D. Alfonso Jaramillo Gonz\u00e1lez.<\/em><\/strong><\/p>\n<p style=\"text-align: left\"><strong><em>D. Alfonso Mart\u00ednez Lozano.<\/em><\/strong><\/p>\n<p style=\"text-align: left\"><strong><em>D. Fernando Moya Montesinos.<br \/>\n<\/em><\/strong><\/p>\n","protected":false},"excerpt":{"rendered":"<p>\u00abEn la Federaci\u00f3n Regional Andaluza tuvo lugar el acto de constituci\u00f3n de la Comisi\u00f3n Econ\u00f3mica del Real Betis Balompi\u00e9. A dicha reuni\u00f3n concurri\u00f3 la Directiva del Club, presidida por don Diego Benjumea Medina,\u00a0 habiendo sido presentada la relaci\u00f3n de los se\u00f1ores propuestos por dicha Sociedad,\u00a0 y de los que se acompa\u00f1a biograf\u00eda deportiva y social&#8230;<\/p>\n","protected":false},"author":48,"featured_media":0,"comment_status":"open","ping_status":"open","sticky":false,"template":"","format":"standard","meta":{"_kad_post_transparent":"","_kad_post_title":"","_kad_post_layout":"","_kad_post_sidebar_id":"","_kad_post_content_style":"","_kad_post_vertical_padding":"","_kad_post_feature":"","_kad_post_feature_position":"","_kad_post_header":false,"_kad_post_footer":false,"_kad_post_classname":"","_jetpack_memberships_contains_paid_content":false,"footnotes":"","jetpack_publicize_message":"","jetpack_publicize_feature_enabled":true,"jetpack_social_post_already_shared":false,"jetpack_social_options":{"image_generator_settings":{"template":"highway","default_image_id":0,"font":"","enabled":false},"version":2}},"categories":[902,891,1],"tags":[1246,951,919,1541,1732,1651,1950,1971,1973,1716,1638,1679],"class_list":["post-10797","post","type-post","status-publish","format-standard","hentry","category-1960-1969","category-directivos-temas","category-portada","tag-1246","tag-adolfo-cuellar-rodriguez","tag-alfonso-jaramillo","tag-alfonso-martinez-lozano","tag-antonio-moreno-sevillano","tag-antonio-ruiz-munoz","tag-diego-benjumea-medina","tag-federacion-andaluza-de-futbol","tag-fernando-moya-montesinos","tag-gil-gomez-bajuelo","tag-juan-del-castillo-ochoa","tag-ramon-pol-carbonell"],"jetpack_publicize_connections":[],"jetpack_featured_media_url":"","jetpack_sharing_enabled":true,"jetpack_shortlink":"https:\/\/wp.me\/p1ij08-2O9","jetpack-related-posts":[],"_links":{"self":[{"href":"https:\/\/www.manquepierda.com\/historiarealbetis\/wp-json\/wp\/v2\/posts\/10797","targetHints":{"allow":["GET"]}}],"collection":[{"href":"https:\/\/www.manquepierda.com\/historiarealbetis\/wp-json\/wp\/v2\/posts"}],"about":[{"href":"https:\/\/www.manquepierda.com\/historiarealbetis\/wp-json\/wp\/v2\/types\/post"}],"author":[{"embeddable":true,"href":"https:\/\/www.manquepierda.com\/historiarealbetis\/wp-json\/wp\/v2\/users\/48"}],"replies":[{"embeddable":true,"href":"https:\/\/www.manquepierda.com\/historiarealbetis\/wp-json\/wp\/v2\/comments?post=10797"}],"version-history":[{"count":1,"href":"https:\/\/www.manquepierda.com\/historiarealbetis\/wp-json\/wp\/v2\/posts\/10797\/revisions"}],"predecessor-version":[{"id":99280,"href":"https:\/\/www.manquepierda.com\/historiarealbetis\/wp-json\/wp\/v2\/posts\/10797\/revisions\/99280"}],"wp:attachment":[{"href":"https:\/\/www.manquepierda.com\/historiarealbetis\/wp-json\/wp\/v2\/media?parent=10797"}],"wp:term":[{"taxonomy":"category","embeddable":true,"href":"https:\/\/www.manquepierda.com\/historiarealbetis\/wp-json\/wp\/v2\/categories?post=10797"},{"taxonomy":"post_tag","embeddable":true,"href":"https:\/\/www.manquepierda.com\/historiarealbetis\/wp-json\/wp\/v2\/tags?post=10797"}],"curies":[{"name":"wp","href":"https:\/\/api.w.org\/{rel}","templated":true}]}}