{"id":108809,"date":"2026-08-30T11:00:00","date_gmt":"2026-08-30T09:00:00","guid":{"rendered":"https:\/\/www.manquepierda.com\/historiarealbetis\/?p=108809"},"modified":"2026-08-29T07:17:43","modified_gmt":"2026-08-29T05:17:43","slug":"carta-pidiendo-respeto-para-la-historia-fama-y-prestigio-del-betis-1951","status":"publish","type":"post","link":"https:\/\/www.manquepierda.com\/historiarealbetis\/carta-pidiendo-respeto-para-la-historia-fama-y-prestigio-del-betis-1951\/","title":{"rendered":"Carta pidiendo respeto para la historia, fama y prestigio del Betis. 1951."},"content":{"rendered":"\n<figure class=\"wp-block-image size-full\"><img data-recalc-dims=\"1\" loading=\"lazy\" decoding=\"async\" width=\"857\" height=\"385\" src=\"https:\/\/i0.wp.com\/www.manquepierda.com\/historiarealbetis\/files\/2026\/08\/Carta-pidiendo-respeto-para-el-historial-fama-y-prestigio-del-Betis-1951-NMP-Sevilla-10-08-1951.jpg?resize=857%2C385&#038;ssl=1\" alt=\"\" class=\"wp-image-108810\" srcset=\"https:\/\/i0.wp.com\/www.manquepierda.com\/historiarealbetis\/files\/2026\/08\/Carta-pidiendo-respeto-para-el-historial-fama-y-prestigio-del-Betis-1951-NMP-Sevilla-10-08-1951.jpg?w=857&amp;ssl=1 857w, https:\/\/i0.wp.com\/www.manquepierda.com\/historiarealbetis\/files\/2026\/08\/Carta-pidiendo-respeto-para-el-historial-fama-y-prestigio-del-Betis-1951-NMP-Sevilla-10-08-1951.jpg?resize=680%2C305&amp;ssl=1 680w, https:\/\/i0.wp.com\/www.manquepierda.com\/historiarealbetis\/files\/2026\/08\/Carta-pidiendo-respeto-para-el-historial-fama-y-prestigio-del-Betis-1951-NMP-Sevilla-10-08-1951.jpg?resize=220%2C99&amp;ssl=1 220w, https:\/\/i0.wp.com\/www.manquepierda.com\/historiarealbetis\/files\/2026\/08\/Carta-pidiendo-respeto-para-el-historial-fama-y-prestigio-del-Betis-1951-NMP-Sevilla-10-08-1951.jpg?resize=768%2C345&amp;ssl=1 768w\" sizes=\"auto, (max-width: 857px) 100vw, 857px\" \/><\/figure>\n\n\n<p>Terminamos hoy la serie de cartas que hemos visto en los tres domingos precedentes relativas a la crisis social que atraves\u00f3 la entidad a consecuencia del fracaso en la liguilla de ascenso a Segunda Divisi\u00f3n disputada entre mayo y julio de 1951.<\/p>\n<p>Lo hacemos con esta otra misiva publicada en el diario SEVILLA a cargo de Alfonso C\u00e1rdenas, que ven\u00eda a pedir, como se dice en el encabezamiento de la publicaci\u00f3n,\u00a0 \u00abrespeto al historial, fama y prestigio del Betis\u00bb.\u00a0<\/p>\n<p>En ella desarrolla una sentida reivindicaci\u00f3n de la historia b\u00e9tica, aludiendo a la conquista del t\u00edtulo de Liga en 1935, y pidiendo amor por el Club y respeto a \u00e9ste.<\/p>\n<p class=\"western\"><span style=\"font-family: Verdana, sans-serif; color: #008000;\"><span style=\"font-size: medium;\"><i>Acogi\u00e9ndose a su derecho de exponer su punto de vista sobre \u201cel caso Betis\u201d y al ofrecimiento hecho para publicar las cartas que se nos env\u00eden, don Alfonso C\u00e1rdenas nos ha remitido la siguiente, cuyo texto \u00edntegro dice:<\/i><\/span><\/span><\/p>\n<p class=\"western\"><span style=\"font-family: Verdana, sans-serif; color: #008000;\"><span style=\"font-size: medium;\"><i>Se\u00f1or redactor deportivo del diario SEVILLA:<\/i><\/span><\/span><\/p>\n<p class=\"western\"><span style=\"font-family: Verdana, sans-serif; color: #008000;\"><span style=\"font-size: medium;\"><i>Muy se\u00f1or m\u00edo:<\/i><\/span><\/span><\/p>\n<p class=\"western\"><span style=\"font-family: Verdana, sans-serif; color: #008000;\"><span style=\"font-size: medium;\"><i>Sirva de pre\u00e1mbulo a estas l\u00edneas una aclaraci\u00f3n: ni quito ni pongo presidente\u2014y perd\u00f3neseme el plagio\u2014pero ayudo en la medida de mis fuerzas, ahora y siempre, a la afici\u00f3n b\u00e9tica, sana y desapasionada, enemiga de pol\u00e9micas in\u00fatiles, que a nada conducen sino es al desprestigio de nuestro Club y a que se nos tome a los b\u00e9ticos \u201cpor el pito del sereno\u201d.<\/i><\/span><\/span><\/p>\n<p class=\"western\"><span style=\"font-family: Verdana, sans-serif; color: #008000;\"><span style=\"font-size: medium;\"><i>\u00a1Qu\u00e9 contentos estar\u00e1n a estas horas \u201clos de la acera de enfrente\u201d, los enemigos de los colores blanquiverdes, los que a\u00fan no nos han perdonado el haber sido campeones de Liga en 1935 tan brillantemente\u00a1\u2026<\/i><\/span><\/span><\/p>\n<p class=\"western\"><span style=\"font-family: Verdana, sans-serif; color: #008000;\"><span style=\"font-size: medium;\"><i>Un poquito de formalidad, de amor al Club, de serenidad y sensatez, de sevillanismo y de respeto es lo que se impone. Si no de respeto a lo que ahora somos\u2014que bien poca cosa es\u2014por lo menos de respeto a lo que hemos sido y a lo que pretendemos volver a ser, a nuestro historial, a la aureola de fama y prestigio que a\u00fan conserva, como reliquia imperecedera, el nombre del Real Betis Balompi\u00e9.<\/i><\/span><\/span><\/p>\n<p class=\"western\"><span style=\"font-family: Verdana, sans-serif; color: #008000;\"><span style=\"font-size: medium;\"><i>\u00bfQue don Pascual Aparicio no ha cumplido a satisfacci\u00f3n de todos? Perfectamente cierto. Y tal vez ni \u00e9l mismo se halle satisfecho; m\u00e1s no debe ello ser motivo para que un apasionado grupo pida poco menos que la cabeza de don Pascual. Adem\u00e1s, \u00bfpor qu\u00e9 no elevaron los \u201csetenta y tantos\u201d ese grito angustioso y desesperado en otro momento, en vez de aguardar a que sobreviniera el que consideran un derrumbamiento definitivo y total de las aspiraciones y ambiciones blanquiverdes?<\/i><\/span><\/span><\/p>\n<p class=\"western\"><span style=\"font-family: Verdana, sans-serif; color: #008000;\"><span style=\"font-size: medium;\"><i>Y si hubi\u00e9ramos ascendido a Segunda Divisi\u00f3n, \u00bfcu\u00e1l habr\u00eda sido la reacci\u00f3n de estos detractores de don Pascual? \u00a1Qu\u00e9 f\u00e1cil resulta transformar en le\u00f1a el tronco derribado por los vendavales del infortunio y la desgracia\u00a1<\/i><\/span><\/span><\/p>\n<p class=\"western\"><span style=\"font-family: Verdana, sans-serif; color: #008000;\"><span style=\"font-size: medium;\"><i>En honor a la verdad, hagamos una afirmaci\u00f3n rotunda y desapasionada que nos alcance a todos por igual: los sevillanos somos unos malos aficionados al f\u00fatbol. No sabemos perder; carecemos de la capacidad deportiva que tan necesaria es para encajar caballerosamente los golpes de la adversidad&#8230;o de la escasez de m\u00e9ritos y suficiencia.<\/i><\/span><\/span><\/p>\n<p class=\"western\"><span style=\"font-family: Verdana, sans-serif; color: #008000;\"><span style=\"font-size: medium;\"><i>Y, por lo que respecta a \u201clos otros\u201d, a los defensores de don Pascual, bien poco he de decir. Algo s\u00ed, desde luego: que aquieten sus impulsos partidistas o que, si se dejan llevar por ellos, no le larguen \u201cel mochuelo\u201d a otra v\u00edctima propiciatoria\u2014Patricio&#8211;que puede muy bien resultar perjudicada por los argumentos a que innecesariamente recurren en descargo del defendido.<\/i><\/span><\/span><\/p>\n<p class=\"western\"><span style=\"font-family: Verdana, sans-serif; color: #008000;\"><span style=\"font-size: medium;\"><i>El se\u00f1or Aparicio es ya mayorcito para cuidarse de s\u00ed mismo y para rebatir de manera convincente las acusaciones de cualquier sector. Si es incierto lo que de \u00e9l se dice, que d\u00e9 fe de vida y ponga los puntos sobre las \u00edes. Que \u00e9sa, y no otra, es su obligaci\u00f3n, pues el dar la callada por respuesta significar\u00eda el otorgamiento de la raz\u00f3n al grupo que lo combate.<\/i><\/span><\/span><\/p>\n<p class=\"western\"><span style=\"font-family: Verdana, sans-serif; color: #008000;\"><span style=\"font-size: medium;\"><i>Creo que en estas breves l\u00edneas queda condensado el sentir de la mayor\u00eda b\u00e9tica. No hace falta recurrir a ning\u00fan Instituto Gallup para llegar a la conclusi\u00f3n determinativa de nuestro verdadero sentir, gratitud hacia cuantos sirven al Betis y al deporte, y repulsa contra quienes pretender desmembrar y desarticular, guiados por fines ambiciosos, la unidad indestructible de los que continuamos agrupados firmemente, en Tercera Divisi\u00f3n o en categor\u00eda regional, bajo los colores del Real Betis Balompi\u00e9.<\/i><\/span><\/span><\/p>\n<p class=\"western\"><span style=\"font-family: Verdana, sans-serif; color: #008000;\"><span style=\"font-size: medium;\"><i>Atentamente le saluda,<\/i><\/span><\/span><\/p>\n<p class=\"western\"><span style=\"font-family: Verdana, sans-serif; color: #008000;\"><span style=\"font-size: medium;\"><i>Alfonso C\u00e1rdenas Py<\/i><\/span><\/span><\/p>\n<p class=\"western\">\u00a0<\/p>","protected":false},"excerpt":{"rendered":"<p>Terminamos hoy la serie de cartas que hemos visto en los tres domingos precedentes relativas a la crisis social que atraves\u00f3 la entidad a consecuencia del fracaso en la liguilla de ascenso a Segunda Divisi\u00f3n disputada entre mayo y julio de 1951. Lo hacemos con esta otra misiva publicada en el diario SEVILLA a cargo&#8230;<\/p>\n","protected":false},"author":5,"featured_media":108810,"comment_status":"open","ping_status":"open","sticky":false,"template":"","format":"standard","meta":{"_kad_post_transparent":"","_kad_post_title":"","_kad_post_layout":"","_kad_post_sidebar_id":"","_kad_post_content_style":"","_kad_post_vertical_padding":"","_kad_post_feature":"","_kad_post_feature_position":"","_kad_post_header":false,"_kad_post_footer":false,"_kad_post_classname":"","_jetpack_newsletter_access":"","_jetpack_dont_email_post_to_subs":false,"_jetpack_newsletter_tier_id":0,"_jetpack_memberships_contains_paywalled_content":false,"_jetpack_feature_clip_id":0,"_jetpack_memberships_contains_paid_content":false,"footnotes":"","jetpack_publicize_message":"","jetpack_publicize_feature_enabled":true,"jetpack_social_post_already_shared":true,"jetpack_social_options":{"image_generator_settings":{"template":"highway","default_image_id":0,"font":"","enabled":false},"version":2},"jetpack_post_was_ever_published":false},"categories":[1,1176],"tags":[53,5167],"class_list":["post-108809","post","type-post","status-publish","format-standard","has-post-thumbnail","hentry","category-portada","category-relatos-de-futbol","tag-53","tag-pascual-aparicio"],"jetpack_publicize_connections":[],"jetpack_sharing_enabled":true,"jetpack_shortlink":"https:\/\/wp.me\/p1ij08-siZ","jetpack-related-posts":[],"jetpack_featured_media_url":"https:\/\/i0.wp.com\/www.manquepierda.com\/historiarealbetis\/files\/2026\/08\/Carta-pidiendo-respeto-para-el-historial-fama-y-prestigio-del-Betis-1951-NMP-Sevilla-10-08-1951.jpg?fit=857%2C385&ssl=1","_links":{"self":[{"href":"https:\/\/www.manquepierda.com\/historiarealbetis\/wp-json\/wp\/v2\/posts\/108809","targetHints":{"allow":["GET"]}}],"collection":[{"href":"https:\/\/www.manquepierda.com\/historiarealbetis\/wp-json\/wp\/v2\/posts"}],"about":[{"href":"https:\/\/www.manquepierda.com\/historiarealbetis\/wp-json\/wp\/v2\/types\/post"}],"author":[{"embeddable":true,"href":"https:\/\/www.manquepierda.com\/historiarealbetis\/wp-json\/wp\/v2\/users\/5"}],"replies":[{"embeddable":true,"href":"https:\/\/www.manquepierda.com\/historiarealbetis\/wp-json\/wp\/v2\/comments?post=108809"}],"version-history":[{"count":3,"href":"https:\/\/www.manquepierda.com\/historiarealbetis\/wp-json\/wp\/v2\/posts\/108809\/revisions"}],"predecessor-version":[{"id":110469,"href":"https:\/\/www.manquepierda.com\/historiarealbetis\/wp-json\/wp\/v2\/posts\/108809\/revisions\/110469"}],"wp:featuredmedia":[{"embeddable":true,"href":"https:\/\/www.manquepierda.com\/historiarealbetis\/wp-json\/wp\/v2\/media\/108810"}],"wp:attachment":[{"href":"https:\/\/www.manquepierda.com\/historiarealbetis\/wp-json\/wp\/v2\/media?parent=108809"}],"wp:term":[{"taxonomy":"category","embeddable":true,"href":"https:\/\/www.manquepierda.com\/historiarealbetis\/wp-json\/wp\/v2\/categories?post=108809"},{"taxonomy":"post_tag","embeddable":true,"href":"https:\/\/www.manquepierda.com\/historiarealbetis\/wp-json\/wp\/v2\/tags?post=108809"}],"curies":[{"name":"wp","href":"https:\/\/api.w.org\/{rel}","templated":true}]}}