{"id":10882,"date":"2011-05-03T06:45:53","date_gmt":"2011-05-03T05:45:53","guid":{"rendered":"http:\/\/www.manquepierda.com\/historiarealbetis\/?p=10882"},"modified":"2024-08-21T18:24:34","modified_gmt":"2024-08-21T16:24:34","slug":"recibimiento-al-betis-1927","status":"publish","type":"post","link":"https:\/\/www.manquepierda.com\/historiarealbetis\/recibimiento-al-betis-1927\/","title":{"rendered":"Recibimiento al Betis 1927"},"content":{"rendered":"<p>Despu\u00e9s de la eliminatoria de Copa solventada en un partido definitivo contra el FC Barcelona el Betis es recibido triunfalmente en la ciudad, a pesar de haber sido eliminado.<\/p>\n<p>Se trata de la segunda participaci\u00f3n b\u00e9tica en el torneo de Copa y se ha saldado de forma brillante, dejando en la cuneta al Patria extreme\u00f1o y al Athletic de Madrid, para caer en cuartos de final contra el vigente campe\u00f3n, el FC Barcelona, en un partido de desempate bronco y pol\u00e9mico.<\/p>\n<p>El 3 de Mayo de 1927, al d\u00eda siguiente del partido, el peri\u00f3dico sevillano El Liberal daba cuenta de la siguiente nota del club b\u00e9tico:<\/p>\n<figure id=\"attachment_10883\" aria-describedby=\"caption-attachment-10883\" style=\"width: 137px\" class=\"wp-caption aligncenter\"><a href=\"https:\/\/i0.wp.com\/www.manquepierda.com\/historiarealbetis\/files\/2011\/05\/Recibimiento-1927-NMP-El-Liberal-3-5-1927.jpg?ssl=1\"><img data-recalc-dims=\"1\" loading=\"lazy\" decoding=\"async\" class=\"size-medium wp-image-10883\" src=\"https:\/\/i0.wp.com\/www.manquepierda.com\/historiarealbetis\/files\/2011\/05\/Recibimiento-1927-NMP-El-Liberal-3-5-1927.jpg?resize=137%2C300&#038;ssl=1\" alt=\"\" width=\"137\" height=\"300\" \/><\/a><figcaption id=\"caption-attachment-10883\" class=\"wp-caption-text\">Fuente: El Liberal 3 de Mayo de 1927<\/figcaption><\/figure>\n<p><em>La Sociedad Real Betis Balompi\u00e9 nos ruega la publicaci\u00f3n de las siguientes l\u00edneas: <\/em><\/p>\n<p><span style=\"color: #008000\"><em> \u00abA la afici\u00f3n deportiva sevillana<\/em><\/span><\/p>\n<p><span style=\"color: #008000\"><em>La retransmisi\u00f3n radio-telef\u00f3nica habida desde el campo del Real Madrid F.C. y la Prensa de Sevilla, despu\u00e9s, en notable informaci\u00f3n, nos dan cuenta de c\u00f3mo el bravo y admirable equipo del Real Betis Balompi\u00e9, en lucha con el campe\u00f3n de Espa\u00f1a y el \u00e1rbitro, ha sabido embotellar y contener moral y materialmente a quien desde hoy no puede ostentar con orgullo el preciado t\u00edtulo de campe\u00f3n de Espa\u00f1a.<\/em><\/span><\/p>\n<p><span style=\"color: #008000\"><em>El p\u00fablico de Madrid, neutral, ante las ignominias de jugadores y \u00e1rbitro, ha puesto un comentario al encuentro con adjetivos que no pueden ser escritos y con ovaciones atronadoras a nuestros jugadores en el campo, y despu\u00e9s acompa\u00f1\u00e1ndoles al Hotel.<\/em><\/span><\/p>\n<p><span style=\"color: #008000\"><em>Nuestros representantes andaluces llegan el d\u00eda 3, a las nueve de la noche, y nosotros esperamos que cuantos se llamen aficionados al deporte, que est\u00e1n deshonrando los que debieran tenerlo en m\u00e1s estima, acudir\u00e1n a la estaci\u00f3n de la Plaza de Armas, para que con sus aplausos y con su presencia desagravien a los valientes jugadores, que tan alto han puesto el nombre de Andaluc\u00eda en el f\u00fatbol espa\u00f1ol.\u00bb <\/em><\/span><\/p>\n<p>&nbsp;<\/p>\n<p>El llamamiento tuvo \u00e9xito y la estaci\u00f3n ferroviaria se llen\u00f3 de aficionados dispuestos a ovacionar a los jugadores y a pasearlos en hombros por la ciudad. As\u00ed lo contaba El Liberal al d\u00eda siguiente:<\/p>\n<figure id=\"attachment_10884\" aria-describedby=\"caption-attachment-10884\" style=\"width: 71px\" class=\"wp-caption aligncenter\"><a href=\"https:\/\/i0.wp.com\/www.manquepierda.com\/historiarealbetis\/files\/2011\/05\/Recibimiento-1927-NMP-El-Liberal-4-5-1927.jpg?ssl=1\"><img data-recalc-dims=\"1\" loading=\"lazy\" decoding=\"async\" class=\"size-medium wp-image-10884\" src=\"https:\/\/i0.wp.com\/www.manquepierda.com\/historiarealbetis\/files\/2011\/05\/Recibimiento-1927-NMP-El-Liberal-4-5-1927.jpg?resize=71%2C300&#038;ssl=1\" alt=\"\" width=\"71\" height=\"300\" srcset=\"https:\/\/i0.wp.com\/www.manquepierda.com\/historiarealbetis\/files\/2011\/05\/Recibimiento-1927-NMP-El-Liberal-4-5-1927.jpg?resize=71%2C300&amp;ssl=1 71w, https:\/\/i0.wp.com\/www.manquepierda.com\/historiarealbetis\/files\/2011\/05\/Recibimiento-1927-NMP-El-Liberal-4-5-1927.jpg?resize=243%2C1024&amp;ssl=1 243w, https:\/\/i0.wp.com\/www.manquepierda.com\/historiarealbetis\/files\/2011\/05\/Recibimiento-1927-NMP-El-Liberal-4-5-1927.jpg?w=330&amp;ssl=1 330w\" sizes=\"auto, (max-width: 71px) 100vw, 71px\" \/><\/a><figcaption id=\"caption-attachment-10884\" class=\"wp-caption-text\">Fuente: El Liberal 4 de Mayo de 1927<\/figcaption><\/figure>\n<p><span style=\"color: #008000\"><em>Anoche lleg\u00f3 el Betis y los aficionados sevillanos le hicieron en entusiasta recibimiento<\/em><\/span><\/p>\n<p><span style=\"color: #008000\"><em>En el r\u00e1pido de Madrid regresaron anoche a nuestra capital los jugadores del primer equipo del subcampe\u00f3n de Andaluc\u00eda, Real Betis Balompi\u00e9, acompa\u00f1ados de varios directivos del Club, periodistas y aficionados.<\/em><\/span><\/p>\n<p><span style=\"color: #008000\"><em>Desde mucho antes de la llegada del convoy los andenes de la estaci\u00f3n de C\u00f3rdoba estaban abarrotados de aficionados, muchos de ellos enarbolando banderas de todas clases y tama\u00f1os con los colores verdi-blancos del esforzado grupo, que tan alto ha sabido poner su nombre y el de Sevilla en estas luchas de campeonato.<\/em><\/span><\/p>\n<p><span style=\"color: #008000\"><em>La afluencia de p\u00fablico fue tan extraordinaria, que hubieron de tomarse medidas para evitar un posible accidente, ya que rebosantes los andenes, parte de los que esperaban se colocaron en mitad de la v\u00eda f\u00e9rrea.<\/em><\/span><\/p>\n<p><span style=\"color: #008000\"><em>A la hora oficial entr\u00f3 en el and\u00e9n el r\u00e1pido, haci\u00e9ndolo con una marcha moderad\u00edsima, estallando una formidable ovaci\u00f3n, y d\u00e1ndose numerosos vivas al Balompi\u00e9.<\/em><\/span><\/p>\n<p><span style=\"color: #008000\"><em>Tras loa abrazos y saludos de rigor, los jugadores del Betis salieron de la estaci\u00f3n encamin\u00e1ndose por distintas direcciones, rodeados de aficionados, hacia su domicilio social. Aranda y Adolfo fueron llevados en hombros de los entusiastas, logrando Aranda desprenderse de sus incondicionales; pero no as\u00ed Adolfo, que fu\u00e9 llevado en esta forma hasta dicho domicilio social, ante el que se estacion\u00f3 el p\u00fablico largo rato, vitoreando y ovacionando a los jugadores sevillanos.<\/em><\/span><\/p>\n<p><span style=\"color: #008000\"><em>El paso de la manifestaci\u00f3n por las calles c\u00e9ntricas de la ciudad fue la nota culminante de anoche, y hasta el p\u00fablico m\u00e1 indiferente para estas cosas deportivas, al ver pasar en triunfo a nuestros jugadores, juntaron las manos y ofrendaron un cordial aplauso a los que han sabido ostentar dignamente la representaci\u00f3n de Sevilla en estos torneos interregionales, donde hay una tremenda pugna de amor propio por enaltecer la patria chica&#8230;<\/em><\/span><\/p>\n<p>&nbsp;<\/p>\n<p>&nbsp;<\/p>\n<p>&nbsp;<\/p>\n<p>&nbsp;<\/p>\n<p>&nbsp;<\/p>\n","protected":false},"excerpt":{"rendered":"<p>Despu\u00e9s de la eliminatoria de Copa solventada en un partido definitivo contra el FC Barcelona el Betis es recibido triunfalmente en la ciudad, a pesar de haber sido eliminado. Se trata de la segunda participaci\u00f3n b\u00e9tica en el torneo de Copa y se ha saldado de forma brillante, dejando en la cuneta al Patria extreme\u00f1o&#8230;<\/p>\n","protected":false},"author":5,"featured_media":10883,"comment_status":"open","ping_status":"open","sticky":false,"template":"","format":"standard","meta":{"_kad_post_transparent":"","_kad_post_title":"","_kad_post_layout":"","_kad_post_sidebar_id":"","_kad_post_content_style":"","_kad_post_vertical_padding":"","_kad_post_feature":"","_kad_post_feature_position":"","_kad_post_header":false,"_kad_post_footer":false,"_kad_post_classname":"","_jetpack_memberships_contains_paid_content":false,"footnotes":"","jetpack_publicize_message":"","jetpack_publicize_feature_enabled":true,"jetpack_social_post_already_shared":false,"jetpack_social_options":{"image_generator_settings":{"template":"highway","default_image_id":0,"font":"","enabled":false},"version":2}},"categories":[898,894,1],"tags":[2316,1326,17894,1154],"class_list":["post-10882","post","type-post","status-publish","format-standard","has-post-thumbnail","hentry","category-1920-1929","category-la-aficion","category-portada","tag-1926-27","tag-1326","tag-copa-1926-27","tag-fc-barcelona"],"jetpack_publicize_connections":[],"jetpack_featured_media_url":"https:\/\/i0.wp.com\/www.manquepierda.com\/historiarealbetis\/files\/2011\/05\/Recibimiento-1927-NMP-El-Liberal-3-5-1927.jpg?fit=259%2C564&ssl=1","jetpack_sharing_enabled":true,"jetpack_shortlink":"https:\/\/wp.me\/p1ij08-2Pw","jetpack-related-posts":[],"_links":{"self":[{"href":"https:\/\/www.manquepierda.com\/historiarealbetis\/wp-json\/wp\/v2\/posts\/10882","targetHints":{"allow":["GET"]}}],"collection":[{"href":"https:\/\/www.manquepierda.com\/historiarealbetis\/wp-json\/wp\/v2\/posts"}],"about":[{"href":"https:\/\/www.manquepierda.com\/historiarealbetis\/wp-json\/wp\/v2\/types\/post"}],"author":[{"embeddable":true,"href":"https:\/\/www.manquepierda.com\/historiarealbetis\/wp-json\/wp\/v2\/users\/5"}],"replies":[{"embeddable":true,"href":"https:\/\/www.manquepierda.com\/historiarealbetis\/wp-json\/wp\/v2\/comments?post=10882"}],"version-history":[{"count":1,"href":"https:\/\/www.manquepierda.com\/historiarealbetis\/wp-json\/wp\/v2\/posts\/10882\/revisions"}],"predecessor-version":[{"id":97488,"href":"https:\/\/www.manquepierda.com\/historiarealbetis\/wp-json\/wp\/v2\/posts\/10882\/revisions\/97488"}],"wp:featuredmedia":[{"embeddable":true,"href":"https:\/\/www.manquepierda.com\/historiarealbetis\/wp-json\/wp\/v2\/media\/10883"}],"wp:attachment":[{"href":"https:\/\/www.manquepierda.com\/historiarealbetis\/wp-json\/wp\/v2\/media?parent=10882"}],"wp:term":[{"taxonomy":"category","embeddable":true,"href":"https:\/\/www.manquepierda.com\/historiarealbetis\/wp-json\/wp\/v2\/categories?post=10882"},{"taxonomy":"post_tag","embeddable":true,"href":"https:\/\/www.manquepierda.com\/historiarealbetis\/wp-json\/wp\/v2\/tags?post=10882"}],"curies":[{"name":"wp","href":"https:\/\/api.w.org\/{rel}","templated":true}]}}