{"id":108881,"date":"2026-08-30T13:00:00","date_gmt":"2026-08-30T11:00:00","guid":{"rendered":"https:\/\/www.manquepierda.com\/historiarealbetis\/?p=108881"},"modified":"2026-08-29T07:19:43","modified_gmt":"2026-08-29T05:19:43","slug":"hoy-hace-15-anos-fichaje-de-dusko-tosic","status":"publish","type":"post","link":"https:\/\/www.manquepierda.com\/historiarealbetis\/hoy-hace-15-anos-fichaje-de-dusko-tosic\/","title":{"rendered":"Hoy hace 15 a\u00f1os. Fichaje de Dusko Tosic."},"content":{"rendered":"<div class=\"wp-block-image\">\n<figure class=\"aligncenter size-full\"><img data-recalc-dims=\"1\" loading=\"lazy\" decoding=\"async\" width=\"650\" height=\"379\" src=\"https:\/\/i0.wp.com\/www.manquepierda.com\/historiarealbetis\/files\/2026\/08\/30-2001-Fichaje-de-Dusko-Tosic.jpg?resize=650%2C379&#038;ssl=1\" alt=\"\" class=\"wp-image-108882\" srcset=\"https:\/\/i0.wp.com\/www.manquepierda.com\/historiarealbetis\/files\/2026\/08\/30-2001-Fichaje-de-Dusko-Tosic.jpg?w=650&amp;ssl=1 650w, https:\/\/i0.wp.com\/www.manquepierda.com\/historiarealbetis\/files\/2026\/08\/30-2001-Fichaje-de-Dusko-Tosic.jpg?resize=220%2C128&amp;ssl=1 220w\" sizes=\"auto, (max-width: 650px) 100vw, 650px\" \/><\/figure>\n<\/div>\n\n<p><span style=\"color: #008000;\">El 30 de agosto de 2011 se anuncia el fichaje del defensa lateral izquierdo Dusko Tosic, quien llegaba cedido con opci\u00f3n a compra desde el Estrella Roja de Belgrado.<\/span><\/p>\n<p><span style=\"color: #008000;\">El jugador serbio, de 26 a\u00f1os, s\u00f3lo intervino en 2 partidos oficiales con el Betis, abandonando el club verdiblanco a finales de diciembre de 2011. \u00a0\u00a0\u00a0<\/span><\/p>","protected":false},"excerpt":{"rendered":"<p>El 30 de agosto de 2011 se anuncia el fichaje del defensa lateral izquierdo Dusko Tosic, quien llegaba cedido con opci\u00f3n a compra desde el Estrella Roja de Belgrado. El jugador serbio, de 26 a\u00f1os, s\u00f3lo intervino en 2 partidos oficiales con el Betis, abandonando el club verdiblanco a finales de diciembre de 2011. \u00a0\u00a0\u00a0<\/p>\n","protected":false},"author":5,"featured_media":108882,"comment_status":"open","ping_status":"open","sticky":false,"template":"","format":"standard","meta":{"_kad_post_transparent":"","_kad_post_title":"","_kad_post_layout":"","_kad_post_sidebar_id":"","_kad_post_content_style":"","_kad_post_vertical_padding":"","_kad_post_feature":"","_kad_post_feature_position":"","_kad_post_header":false,"_kad_post_footer":false,"_kad_post_classname":"","_jetpack_newsletter_access":"","_jetpack_dont_email_post_to_subs":false,"_jetpack_newsletter_tier_id":0,"_jetpack_memberships_contains_paywalled_content":false,"_jetpack_feature_clip_id":0,"_jetpack_memberships_contains_paid_content":false,"footnotes":"","jetpack_publicize_message":"","jetpack_publicize_feature_enabled":true,"jetpack_social_post_already_shared":true,"jetpack_social_options":{"image_generator_settings":{"template":"highway","default_image_id":0,"font":"","enabled":false},"version":2},"jetpack_post_was_ever_published":false},"categories":[15447,14583,1],"tags":[16923,16183,18925],"class_list":["post-108881","post","type-post","status-publish","format-standard","has-post-thumbnail","hentry","category-2010-2019","category-efemerides","category-portada","tag-16923","tag-dusko-tosic","tag-estrella-roja"],"jetpack_publicize_connections":[],"jetpack_sharing_enabled":true,"jetpack_shortlink":"https:\/\/wp.me\/p1ij08-sk9","jetpack-related-posts":[],"jetpack_featured_media_url":"https:\/\/i0.wp.com\/www.manquepierda.com\/historiarealbetis\/files\/2026\/08\/30-2001-Fichaje-de-Dusko-Tosic.jpg?fit=650%2C379&ssl=1","_links":{"self":[{"href":"https:\/\/www.manquepierda.com\/historiarealbetis\/wp-json\/wp\/v2\/posts\/108881","targetHints":{"allow":["GET"]}}],"collection":[{"href":"https:\/\/www.manquepierda.com\/historiarealbetis\/wp-json\/wp\/v2\/posts"}],"about":[{"href":"https:\/\/www.manquepierda.com\/historiarealbetis\/wp-json\/wp\/v2\/types\/post"}],"author":[{"embeddable":true,"href":"https:\/\/www.manquepierda.com\/historiarealbetis\/wp-json\/wp\/v2\/users\/5"}],"replies":[{"embeddable":true,"href":"https:\/\/www.manquepierda.com\/historiarealbetis\/wp-json\/wp\/v2\/comments?post=108881"}],"version-history":[{"count":2,"href":"https:\/\/www.manquepierda.com\/historiarealbetis\/wp-json\/wp\/v2\/posts\/108881\/revisions"}],"predecessor-version":[{"id":110470,"href":"https:\/\/www.manquepierda.com\/historiarealbetis\/wp-json\/wp\/v2\/posts\/108881\/revisions\/110470"}],"wp:featuredmedia":[{"embeddable":true,"href":"https:\/\/www.manquepierda.com\/historiarealbetis\/wp-json\/wp\/v2\/media\/108882"}],"wp:attachment":[{"href":"https:\/\/www.manquepierda.com\/historiarealbetis\/wp-json\/wp\/v2\/media?parent=108881"}],"wp:term":[{"taxonomy":"category","embeddable":true,"href":"https:\/\/www.manquepierda.com\/historiarealbetis\/wp-json\/wp\/v2\/categories?post=108881"},{"taxonomy":"post_tag","embeddable":true,"href":"https:\/\/www.manquepierda.com\/historiarealbetis\/wp-json\/wp\/v2\/tags?post=108881"}],"curies":[{"name":"wp","href":"https:\/\/api.w.org\/{rel}","templated":true}]}}