{"id":10952,"date":"2011-05-04T06:04:28","date_gmt":"2011-05-04T05:04:28","guid":{"rendered":"http:\/\/www.manquepierda.com\/historiarealbetis\/?p=10952"},"modified":"2024-09-22T20:27:22","modified_gmt":"2024-09-22T18:27:22","slug":"la-directiva-del-ascenso-1954","status":"publish","type":"post","link":"https:\/\/www.manquepierda.com\/historiarealbetis\/la-directiva-del-ascenso-1954\/","title":{"rendered":"La directiva del ascenso 1954"},"content":{"rendered":"<figure id=\"attachment_10955\" aria-describedby=\"caption-attachment-10955\" style=\"width: 300px\" class=\"wp-caption aligncenter\"><a href=\"https:\/\/i0.wp.com\/www.manquepierda.com\/historiarealbetis\/files\/2011\/05\/Directiva-del-ascenso-1954-NMP-Africa-Deportiva-31-5-1954.jpg?ssl=1\"><img data-recalc-dims=\"1\" loading=\"lazy\" decoding=\"async\" class=\"size-medium wp-image-10955\" src=\"https:\/\/i0.wp.com\/www.manquepierda.com\/historiarealbetis\/files\/2011\/05\/Directiva-del-ascenso-1954-NMP-Africa-Deportiva-31-5-1954.jpg?resize=300%2C261&#038;ssl=1\" alt=\"\" width=\"300\" height=\"261\" srcset=\"https:\/\/i0.wp.com\/www.manquepierda.com\/historiarealbetis\/files\/2011\/05\/Directiva-del-ascenso-1954-NMP-Africa-Deportiva-31-5-1954.jpg?resize=300%2C261&amp;ssl=1 300w, https:\/\/i0.wp.com\/www.manquepierda.com\/historiarealbetis\/files\/2011\/05\/Directiva-del-ascenso-1954-NMP-Africa-Deportiva-31-5-1954.jpg?w=908&amp;ssl=1 908w\" sizes=\"auto, (max-width: 300px) 100vw, 300px\" \/><\/a><figcaption id=\"caption-attachment-10955\" class=\"wp-caption-text\">Fuente: Africa Deportiva 31 de Mayo de 1954<\/figcaption><\/figure>\n<p>Con este t\u00edtulo se inserta una imagen en el n\u00famero extraordinario que Africa Deportiva dedica al Real Betis Balompi\u00e9 con motivo de su ascenso a Segunda Divisi\u00f3n en Mayo de 1954. Se trata de 10 directivos b\u00e9ticos, aunque no est\u00e1n en ella todos los que en ese momento pertenec\u00edan a la Junta Directiva. Faltan los vicepresidentes Carlos Raynaud Rica, Enrique P\u00e9rez de la Concha y Carlos Fern\u00e1ndez del Pando, el secretario Emilio Marviz\u00f3n Herrera y los vocales Joaqu\u00edn Sir\u00e9s Laguna, Antonio Ruiz Rodr\u00edguez, Luis Artus Moreno, Francisco L\u00f3pez Asenjo y Antonio M\u00e9ndez Aguilar.<\/p>\n<p>En la fila superior y de izquierda a derecha tenemos a Manuel Ruiz Rodr\u00edguez, presidente, Jos\u00e9 C\u00eda Gonz\u00e1lez, vicesecretario, Manuel Sim\u00f3 Mateos, secretario t\u00e9cnico, Alfonso Mart\u00ednez Lozano, tesorero, Baldomero Fuentes Cueto, contador. En la fila inferior:\u00a0 Francisco Cu\u00e9llar Contreras, vocal, Gonzalo Tavares Carmona, vocal, Antonio Pascual Garc\u00eda, vocal, Juan Nieto Rodr\u00edguez, vocal y Juan Polledo P\u00e9rez-Villamil, vocal<\/p>\n","protected":false},"excerpt":{"rendered":"<p>Con este t\u00edtulo se inserta una imagen en el n\u00famero extraordinario que Africa Deportiva dedica al Real Betis Balompi\u00e9 con motivo de su ascenso a Segunda Divisi\u00f3n en Mayo de 1954. Se trata de 10 directivos b\u00e9ticos, aunque no est\u00e1n en ella todos los que en ese momento pertenec\u00edan a la Junta Directiva. Faltan los&#8230;<\/p>\n","protected":false},"author":5,"featured_media":10955,"comment_status":"open","ping_status":"open","sticky":false,"template":"","format":"standard","meta":{"_kad_post_transparent":"","_kad_post_title":"","_kad_post_layout":"","_kad_post_sidebar_id":"","_kad_post_content_style":"","_kad_post_vertical_padding":"","_kad_post_feature":"","_kad_post_feature_position":"","_kad_post_header":false,"_kad_post_footer":false,"_kad_post_classname":"","_jetpack_memberships_contains_paid_content":false,"footnotes":"","jetpack_publicize_message":"","jetpack_publicize_feature_enabled":true,"jetpack_social_post_already_shared":false,"jetpack_social_options":{"image_generator_settings":{"template":"highway","default_image_id":0,"font":"","enabled":false},"version":2}},"categories":[901,891,1],"tags":[2438,54,1541,1233,1230,1231,1232,1228,1234,1235,1236,944],"class_list":["post-10952","post","type-post","status-publish","format-standard","has-post-thumbnail","hentry","category-1950-1959","category-directivos-temas","category-portada","tag-1953-54","tag-54","tag-alfonso-martinez-lozano","tag-antonio-pascual-garcia","tag-baldomero-fuentes-cuesta","tag-francisco-cuellar-contreras","tag-gonzalo-tavares-carmona","tag-jose-cia-gonzalez","tag-juan-nieto-rodriguez","tag-juan-polledo-perez-villamil","tag-manuel-ruiz-rodriguez","tag-manuel-simo"],"jetpack_publicize_connections":[],"jetpack_featured_media_url":"https:\/\/i0.wp.com\/www.manquepierda.com\/historiarealbetis\/files\/2011\/05\/Directiva-del-ascenso-1954-NMP-Africa-Deportiva-31-5-1954.jpg?fit=908%2C791&ssl=1","jetpack_sharing_enabled":true,"jetpack_shortlink":"https:\/\/wp.me\/p1ij08-2QE","jetpack-related-posts":[],"_links":{"self":[{"href":"https:\/\/www.manquepierda.com\/historiarealbetis\/wp-json\/wp\/v2\/posts\/10952","targetHints":{"allow":["GET"]}}],"collection":[{"href":"https:\/\/www.manquepierda.com\/historiarealbetis\/wp-json\/wp\/v2\/posts"}],"about":[{"href":"https:\/\/www.manquepierda.com\/historiarealbetis\/wp-json\/wp\/v2\/types\/post"}],"author":[{"embeddable":true,"href":"https:\/\/www.manquepierda.com\/historiarealbetis\/wp-json\/wp\/v2\/users\/5"}],"replies":[{"embeddable":true,"href":"https:\/\/www.manquepierda.com\/historiarealbetis\/wp-json\/wp\/v2\/comments?post=10952"}],"version-history":[{"count":1,"href":"https:\/\/www.manquepierda.com\/historiarealbetis\/wp-json\/wp\/v2\/posts\/10952\/revisions"}],"predecessor-version":[{"id":98093,"href":"https:\/\/www.manquepierda.com\/historiarealbetis\/wp-json\/wp\/v2\/posts\/10952\/revisions\/98093"}],"wp:featuredmedia":[{"embeddable":true,"href":"https:\/\/www.manquepierda.com\/historiarealbetis\/wp-json\/wp\/v2\/media\/10955"}],"wp:attachment":[{"href":"https:\/\/www.manquepierda.com\/historiarealbetis\/wp-json\/wp\/v2\/media?parent=10952"}],"wp:term":[{"taxonomy":"category","embeddable":true,"href":"https:\/\/www.manquepierda.com\/historiarealbetis\/wp-json\/wp\/v2\/categories?post=10952"},{"taxonomy":"post_tag","embeddable":true,"href":"https:\/\/www.manquepierda.com\/historiarealbetis\/wp-json\/wp\/v2\/tags?post=10952"}],"curies":[{"name":"wp","href":"https:\/\/api.w.org\/{rel}","templated":true}]}}