{"id":11015,"date":"2011-05-05T20:59:43","date_gmt":"2011-05-05T19:59:43","guid":{"rendered":"http:\/\/www.manquepierda.com\/historiarealbetis\/?p=11015"},"modified":"2024-08-11T15:35:26","modified_gmt":"2024-08-11T13:35:26","slug":"1959-09-03-real-betis-balompie-6-vitoria-futebol-clube-0","status":"publish","type":"post","link":"https:\/\/www.manquepierda.com\/historiarealbetis\/1959-09-03-real-betis-balompie-6-vitoria-futebol-clube-0\/","title":{"rendered":"1959-Septiembre 04-Amistoso: Real Betis Balompi\u00e9-6 Vit\u00f3ria Set\u00fabal-0.-LV Aniversario."},"content":{"rendered":"<figure id=\"attachment_37318\" aria-describedby=\"caption-attachment-37318\" style=\"width: 680px\" class=\"wp-caption aligncenter\"><a href=\"https:\/\/www.manquepierda.com\/historiarealbetis\/11015-1959-09-03-real-betis-balompie-6-vitoria-futebol-clube-0\/estadio-de-heliopolis-3\/\" rel=\"attachment wp-att-37318\"><img data-recalc-dims=\"1\" loading=\"lazy\" decoding=\"async\" class=\"size-medium wp-image-37318\" src=\"https:\/\/i0.wp.com\/www.manquepierda.com\/historiarealbetis\/files\/2011\/05\/Estadio-de-Heli%C3%B3polis.jpg?resize=680%2C397&#038;ssl=1\" alt=\"mmmm\" width=\"680\" height=\"397\" srcset=\"https:\/\/i0.wp.com\/www.manquepierda.com\/historiarealbetis\/files\/2011\/05\/Estadio-de-Heli%C3%B3polis.jpg?resize=680%2C397&amp;ssl=1 680w, https:\/\/i0.wp.com\/www.manquepierda.com\/historiarealbetis\/files\/2011\/05\/Estadio-de-Heli%C3%B3polis.jpg?resize=220%2C128&amp;ssl=1 220w, https:\/\/i0.wp.com\/www.manquepierda.com\/historiarealbetis\/files\/2011\/05\/Estadio-de-Heli%C3%B3polis.jpg?resize=960%2C561&amp;ssl=1 960w\" sizes=\"auto, (max-width: 680px) 100vw, 680px\" \/><\/a><figcaption id=\"caption-attachment-37318\" class=\"wp-caption-text\"><strong>1959-SEPTIEMBRE 04-VIERNES 22 HORAS ESTADIO MUNICIPAL DE HELI\u00d3POLIS.-SEGUNDO ENCUENTRO INTERNACIONAL AMISTOSO TEMPORADA 1959-1960.<\/strong><\/figcaption><\/figure>\n<figure id=\"attachment_37320\" aria-describedby=\"caption-attachment-37320\" style=\"width: 165px\" class=\"wp-caption aligncenter\"><a href=\"https:\/\/www.manquepierda.com\/historiarealbetis\/11015-1959-09-03-real-betis-balompie-6-vitoria-futebol-clube-0\/ruiz-casasola-jose\/\" rel=\"attachment wp-att-37320\"><img data-recalc-dims=\"1\" loading=\"lazy\" decoding=\"async\" class=\"size-full wp-image-37320\" src=\"https:\/\/i0.wp.com\/www.manquepierda.com\/historiarealbetis\/files\/2011\/05\/Ruiz-Casasola-Jos%C3%A9.jpg?resize=165%2C248&#038;ssl=1\" alt=\"MMMM\" width=\"165\" height=\"248\" srcset=\"https:\/\/i0.wp.com\/www.manquepierda.com\/historiarealbetis\/files\/2011\/05\/Ruiz-Casasola-Jos%C3%A9.jpg?w=165&amp;ssl=1 165w, https:\/\/i0.wp.com\/www.manquepierda.com\/historiarealbetis\/files\/2011\/05\/Ruiz-Casasola-Jos%C3%A9.jpg?resize=146%2C220&amp;ssl=1 146w\" sizes=\"auto, (max-width: 165px) 100vw, 165px\" \/><\/a><figcaption id=\"caption-attachment-37320\" class=\"wp-caption-text\">Arbitr\u00f3 el colegiado andaluz JOS\u00c9 RUIZ CASASOLA (Sevilla).-Buena labor.<\/figcaption><\/figure>\n<p style=\"text-align: center\"><strong>ALINEACIONES:<\/strong><\/p>\n<figure id=\"attachment_37321\" aria-describedby=\"caption-attachment-37321\" style=\"width: 144px\" class=\"wp-caption aligncenter\"><a href=\"https:\/\/www.manquepierda.com\/historiarealbetis\/11015-1959-09-03-real-betis-balompie-6-vitoria-futebol-clube-0\/betis1-2\/\" rel=\"attachment wp-att-37321\"><img data-recalc-dims=\"1\" loading=\"lazy\" decoding=\"async\" class=\"size-full wp-image-37321\" src=\"https:\/\/i0.wp.com\/www.manquepierda.com\/historiarealbetis\/files\/2011\/05\/betis1.gif?resize=144%2C144&#038;ssl=1\" alt=\"mmm\" width=\"144\" height=\"144\" \/><\/a><figcaption id=\"caption-attachment-37321\" class=\"wp-caption-text\"><strong>PRIMERA DIVISI\u00d3N.-REAL BETIS BALOMPI\u00c9-6 Goles.<\/strong><\/figcaption><\/figure>\n<p style=\"text-align: center\"><strong>40\u00ba PRESIDENTE REAL BETIS BALOMPI\u00c9.-REELEGIDO POR ACLAMACI\u00d3N EN LA ASAMBLEA GENERAL DE COMPROMISARIOS JUEVES 03 DE SEPTIEMBRE DE 1959.<br \/>\n<\/strong><\/p>\n<p style=\"text-align: center\">\n<p style=\"text-align: center\"><strong><a href=\"https:\/\/i0.wp.com\/www.manquepierda.com\/historiarealbetis\/files\/2011\/05\/escanear0074.jpg?ssl=1\"><img data-recalc-dims=\"1\" loading=\"lazy\" decoding=\"async\" class=\"aligncenter size-full wp-image-11019\" src=\"https:\/\/i0.wp.com\/www.manquepierda.com\/historiarealbetis\/files\/2011\/05\/escanear0074.jpg?resize=201%2C268&#038;ssl=1\" alt=\"\" width=\"201\" height=\"268\" \/><\/a>DON BENITO VILLAMAR\u00cdN PRIETO.<br \/>\n<\/strong><\/p>\n<p style=\"text-align: center\"><strong><a href=\"https:\/\/i0.wp.com\/www.manquepierda.com\/historiarealbetis\/files\/2011\/05\/FdezViola.jpg?ssl=1\"><img data-recalc-dims=\"1\" loading=\"lazy\" decoding=\"async\" class=\"aligncenter size-full wp-image-11018\" src=\"https:\/\/i0.wp.com\/www.manquepierda.com\/historiarealbetis\/files\/2011\/05\/FdezViola.jpg?resize=181%2C267&#038;ssl=1\" alt=\"\" width=\"181\" height=\"267\" \/><\/a>1\/2 ENTRENADOR REAL BETIS BALOMPI\u00c9 1959-1960:\u00a0 Enrique FERN\u00c1NDEZ Viola (01\u00aa-10\u00aa jornadas ambas inclusive).<br \/>\n<\/strong><\/p>\n<p style=\"text-align: center\"><strong>TODOS CUMPLIERON:<\/strong><\/p>\n<figure id=\"attachment_37322\" aria-describedby=\"caption-attachment-37322\" style=\"width: 108px\" class=\"wp-caption aligncenter\"><a href=\"https:\/\/www.manquepierda.com\/historiarealbetis\/11015-1959-09-03-real-betis-balompie-6-vitoria-futebol-clube-0\/luismenendezsanchez-5\/\" rel=\"attachment wp-att-37322\"><img data-recalc-dims=\"1\" loading=\"lazy\" decoding=\"async\" class=\"size-thumbnail wp-image-37322\" src=\"https:\/\/i0.wp.com\/www.manquepierda.com\/historiarealbetis\/files\/2011\/05\/Lu%C3%ADsMEN%C3%89NDEZs%C3%A1nchez-108x220.jpg?resize=108%2C220&#038;ssl=1\" alt=\"mmmm\" width=\"108\" height=\"220\" srcset=\"https:\/\/i0.wp.com\/www.manquepierda.com\/historiarealbetis\/files\/2011\/05\/Lu%C3%ADsMEN%C3%89NDEZs%C3%A1nchez.jpg?resize=108%2C220&amp;ssl=1 108w, https:\/\/i0.wp.com\/www.manquepierda.com\/historiarealbetis\/files\/2011\/05\/Lu%C3%ADsMEN%C3%89NDEZs%C3%A1nchez.jpg?resize=295%2C600&amp;ssl=1 295w, https:\/\/i0.wp.com\/www.manquepierda.com\/historiarealbetis\/files\/2011\/05\/Lu%C3%ADsMEN%C3%89NDEZs%C3%A1nchez.jpg?resize=344%2C700&amp;ssl=1 344w, https:\/\/i0.wp.com\/www.manquepierda.com\/historiarealbetis\/files\/2011\/05\/Lu%C3%ADsMEN%C3%89NDEZs%C3%A1nchez.jpg?w=1539&amp;ssl=1 1539w\" sizes=\"auto, (max-width: 108px) 100vw, 108px\" \/><\/a><figcaption id=\"caption-attachment-37322\" class=\"wp-caption-text\"><strong>LU\u00cdS MEN\u00c9NDEZ S\u00c1NCHEZ.-Imbatido guardameta verdiblanco.-Realiz\u00f3 varias paradas meritorias.<\/strong><\/figcaption><\/figure>\n<p style=\"text-align: center\"><strong>2.-Jos\u00e9 Besteiro Fari\u00f1as (a) \u00abPORTU\u00bb.<br \/>\n<\/strong><\/p>\n<p style=\"text-align: center\"><strong>Le sustituy\u00f3:\u00a0 Ram\u00f3n OLIET Palos.<\/strong><\/p>\n<p style=\"text-align: center\"><strong>5.-Eusebio R\u00cdOS Fern\u00e1ndez \u00abFue el seguro zaguero central de siempre\u00bb.<\/strong><\/p>\n<p style=\"text-align: center\"><strong>3.-Fernando SANTOS Serna.<\/strong><\/p>\n<p style=\"text-align: center\"><strong>4.-Andr\u00e9s BOSCH Pujol \u00abOrden\u00f3 el juego verdiblanco y entregando bien en muchas ocasiones\u00bb. <\/strong><\/p>\n<p style=\"text-align: center\"><strong>le sustituy\u00f3:<\/strong><\/p>\n<figure id=\"attachment_37325\" aria-describedby=\"caption-attachment-37325\" style=\"width: 117px\" class=\"wp-caption aligncenter\"><a href=\"https:\/\/www.manquepierda.com\/historiarealbetis\/11015-1959-09-03-real-betis-balompie-6-vitoria-futebol-clube-0\/isidrosanchezgarcia-figueras-2\/\" rel=\"attachment wp-att-37325\"><img data-recalc-dims=\"1\" loading=\"lazy\" decoding=\"async\" class=\"size-thumbnail wp-image-37325\" src=\"https:\/\/i0.wp.com\/www.manquepierda.com\/historiarealbetis\/files\/2011\/05\/ISIDROS%C3%81NCHEZgarc%C3%ADa-figueras-117x220.jpg?resize=117%2C220&#038;ssl=1\" alt=\"mmmm\" width=\"117\" height=\"220\" srcset=\"https:\/\/i0.wp.com\/www.manquepierda.com\/historiarealbetis\/files\/2011\/05\/ISIDROS%C3%81NCHEZgarc%C3%ADa-figueras.jpg?resize=117%2C220&amp;ssl=1 117w, https:\/\/i0.wp.com\/www.manquepierda.com\/historiarealbetis\/files\/2011\/05\/ISIDROS%C3%81NCHEZgarc%C3%ADa-figueras.jpg?resize=321%2C600&amp;ssl=1 321w, https:\/\/i0.wp.com\/www.manquepierda.com\/historiarealbetis\/files\/2011\/05\/ISIDROS%C3%81NCHEZgarc%C3%ADa-figueras.jpg?resize=374%2C700&amp;ssl=1 374w, https:\/\/i0.wp.com\/www.manquepierda.com\/historiarealbetis\/files\/2011\/05\/ISIDROS%C3%81NCHEZgarc%C3%ADa-figueras.jpg?w=1578&amp;ssl=1 1578w\" sizes=\"auto, (max-width: 117px) 100vw, 117px\" \/><\/a><figcaption id=\"caption-attachment-37325\" class=\"wp-caption-text\"><strong>5-0.-61 minutos: ISIDRO S\u00e1nchez Garc\u00eda-Figueras aprovechando un pase de Sitges chut\u00f3 fusilando a Mourinho.<\/strong><\/figcaption><\/figure>\n<p style=\"text-align: center\"><strong>6.-Esteban Areta V\u00e9lez (a) \u00abARETA II\u00bb.<\/strong><\/p>\n<figure id=\"attachment_37324\" aria-describedby=\"caption-attachment-37324\" style=\"width: 138px\" class=\"wp-caption aligncenter\"><a href=\"https:\/\/www.manquepierda.com\/historiarealbetis\/11015-1959-09-03-real-betis-balompie-6-vitoria-futebol-clube-0\/leonlasamujica-11\/\" rel=\"attachment wp-att-37324\"><img data-recalc-dims=\"1\" loading=\"lazy\" decoding=\"async\" class=\"size-thumbnail wp-image-37324\" src=\"https:\/\/i0.wp.com\/www.manquepierda.com\/historiarealbetis\/files\/2011\/05\/Le%C3%B3nLASAm%C3%BAjica.jpg?resize=138%2C220&#038;ssl=1\" alt=\"mmm\" width=\"138\" height=\"220\" srcset=\"https:\/\/i0.wp.com\/www.manquepierda.com\/historiarealbetis\/files\/2011\/05\/Le%C3%B3nLASAm%C3%BAjica.jpg?resize=138%2C220&amp;ssl=1 138w, https:\/\/i0.wp.com\/www.manquepierda.com\/historiarealbetis\/files\/2011\/05\/Le%C3%B3nLASAm%C3%BAjica.jpg?resize=376%2C600&amp;ssl=1 376w, https:\/\/i0.wp.com\/www.manquepierda.com\/historiarealbetis\/files\/2011\/05\/Le%C3%B3nLASAm%C3%BAjica.jpg?resize=439%2C700&amp;ssl=1 439w, https:\/\/i0.wp.com\/www.manquepierda.com\/historiarealbetis\/files\/2011\/05\/Le%C3%B3nLASAm%C3%BAjica.jpg?w=1926&amp;ssl=1 1926w\" sizes=\"auto, (max-width: 138px) 100vw, 138px\" \/><\/a><figcaption id=\"caption-attachment-37324\" class=\"wp-caption-text\"><strong>2-0.-25 minutos:\u00a0 Le\u00f3n LASA M\u00fajica tras recepcionar h\u00e1bilmente el esf\u00e9rico que acababa de chocar en un poste tras ch\u00fa de Kuszmann.-Delantero-Extremo Diestro e Izquierdo: 6-0.-Marcador final: culminando una \u00f3ptima internada.-Junto a DEL SOL complet\u00f3 el Cuadro de Honor del Real Betis Balompi\u00e9 dentro de su caracter\u00edstica\u00bb.<\/strong><\/figcaption><\/figure>\n<p style=\"text-align: center\"><strong>Le sustituy\u00f3:\u00a0 Heliodoro CASTA\u00d1O Pedrosa.<\/strong><\/p>\n<figure id=\"attachment_37323\" aria-describedby=\"caption-attachment-37323\" style=\"width: 180px\" class=\"wp-caption aligncenter\"><a href=\"https:\/\/www.manquepierda.com\/historiarealbetis\/11015-1959-09-03-real-betis-balompie-6-vitoria-futebol-clube-0\/janoskuszmannerwin-4\/\" rel=\"attachment wp-att-37323\"><img data-recalc-dims=\"1\" loading=\"lazy\" decoding=\"async\" class=\"size-thumbnail wp-image-37323\" src=\"https:\/\/i0.wp.com\/www.manquepierda.com\/historiarealbetis\/files\/2011\/05\/JanosKUSZMANNErwin.jpg?resize=180%2C220&#038;ssl=1\" alt=\"mmmm\" width=\"180\" height=\"220\" srcset=\"https:\/\/i0.wp.com\/www.manquepierda.com\/historiarealbetis\/files\/2011\/05\/JanosKUSZMANNErwin.jpg?resize=180%2C220&amp;ssl=1 180w, https:\/\/i0.wp.com\/www.manquepierda.com\/historiarealbetis\/files\/2011\/05\/JanosKUSZMANNErwin.jpg?resize=493%2C600&amp;ssl=1 493w, https:\/\/i0.wp.com\/www.manquepierda.com\/historiarealbetis\/files\/2011\/05\/JanosKUSZMANNErwin.jpg?resize=575%2C700&amp;ssl=1 575w, https:\/\/i0.wp.com\/www.manquepierda.com\/historiarealbetis\/files\/2011\/05\/JanosKUSZMANNErwin.jpg?w=1616&amp;ssl=1 1616w\" sizes=\"auto, (max-width: 180px) 100vw, 180px\" \/><\/a><figcaption id=\"caption-attachment-37323\" class=\"wp-caption-text\"><strong>Janos KUSZMANN ERWIN.-Delantero-Interior Diestro.-\u00abEstuvo m\u00e1s veloz y se mostr\u00f3 eficaz ante el marco portugu\u00e9s\u00bb.<\/strong><\/figcaption><\/figure>\n<p style=\"text-align: center\"><em><strong>1-0.-01 minuto:\u00bbDEL SOL arrancando desde fuera del \u00e1rea,\u00a0 pas\u00f3 muy bien al \u00ab8\u00bb b\u00e9tico,\u00a0 y,\u00a0 \u00e9ste sobre la marcha,\u00a0 dispar\u00f3 con fuerza,\u00a0 sin que Monrinho pudiera evitar que su meta fuese batida por primera vez\u00bb.<\/strong><\/em><\/p>\n<p style=\"text-align: center\"><em><strong>3-0.-Minutos antes de terminar primer tiempo:\u00a0 Le\u00f3n Lasa cedi\u00f3 muy bien a Janos,\u00a0 qui\u00e9n,\u00a0 tras burlar al defensa izquierdo portugu\u00e9s,\u00a0 chut\u00f3 por bajo archisuperiormente batiendo al meta luso\u00bb.<\/strong><\/em><\/p>\n<p style=\"text-align: center\"><em><strong>4-0.-Tras el descanso reglamentario:\u00a0 Chut\u00f3 \u00abPepe\u00bb logrando su tercer tanto a pesar de la estirada de F\u00e9lix Mourinho.<\/strong><\/em><\/p>\n<p style=\"text-align: center\"><strong>9.-Centro Delantero \u00abAriete\u00bb:\u00a0 Jorge VILA Soler.<\/strong><\/p>\n<p style=\"text-align: center\"><strong>Le sustituy\u00f3 Esteban ARETA V\u00e9lez.<\/strong><\/p>\n<p style=\"text-align: center\"><strong>10.-Lu\u00eds DEL SOL Cascajares: \u00abDentro de sus caracter\u00edsticas complet\u00f3 junto a LASA el Cuadro de Honor del Real Betis Balompi\u00e9\u00bb.<\/strong><\/p>\n<p style=\"text-align: center\"><strong>11.-Juan SITGES Molins (Le sustituy\u00f3 Le\u00f3n LASA M\u00fajica).<\/strong><\/p>\n<p style=\"text-align: center\"><strong>VS.<br \/>\n<\/strong><\/p>\n<p style=\"text-align: center\"><strong><a href=\"https:\/\/i0.wp.com\/www.manquepierda.com\/historiarealbetis\/files\/2011\/05\/logos.jpg?ssl=1\"><img data-recalc-dims=\"1\" loading=\"lazy\" decoding=\"async\" class=\"aligncenter size-full wp-image-11017\" src=\"https:\/\/i0.wp.com\/www.manquepierda.com\/historiarealbetis\/files\/2011\/05\/logos.jpg?resize=260%2C93&#038;ssl=1\" alt=\"\" width=\"260\" height=\"93\" \/><\/a>Vit\u00f3ria Futebol Clube de Set\u00fabal (Portugal)-0 Tanto.<\/strong><\/p>\n<p style=\"text-align: center\"><strong>F\u00e9lix MOURINHO (LIBANIO).-Porteros. <\/strong><\/p>\n<p style=\"text-align: center\"><strong>POLIDO (Artur VAZ)-SIDNEI-JOAQUIM Silva.-Defensas. <\/strong><\/p>\n<p style=\"text-align: center\"><strong>ALFREDO Moreira-SERRA.-Medios. <\/strong><\/p>\n<p style=\"text-align: center\"><strong>BIRA-FERNANDES (JACINTO Joao)-Joao MENDON\u00c7A-MIGUEL (MATEUS)-Ant\u00f3nio INACIO.-Delanteros.<\/strong><\/p>\n<p style=\"text-align: left\"><strong>\u00abEs un conjunto discreto, m\u00e1s rico en entusiasmo que en clase.\u00a0 Sus l\u00edneas de cobertura, en las que hay un excelente jugador&#8211;Alfredo&#8211;, son mejores que en la vanguardia, cuyos miembros, que se pasan con tino e incluso con velocidad, se muestran remisos en el chut.<\/strong><\/p>\n<p style=\"text-align: left\"><strong>Son pegajosos, tienen voluntad y, salvo dos o tres detalles&#8211;m\u00e1s pintorescos que deportivos&#8211;encajaron noblemente la severa derrota que le fue infligida\u00bb.-(\u00abESPECTADOR\u00bb-ABC-SE-19590905-S\u00e1bado).<br \/>\n<\/strong><\/p>\n<p style=\"text-align: left\"><strong><br \/>\n<\/strong><\/p>\n","protected":false},"excerpt":{"rendered":"<p>ALINEACIONES: 40\u00ba PRESIDENTE REAL BETIS BALOMPI\u00c9.-REELEGIDO POR ACLAMACI\u00d3N EN LA ASAMBLEA GENERAL DE COMPROMISARIOS JUEVES 03 DE SEPTIEMBRE DE 1959. DON BENITO VILLAMAR\u00cdN PRIETO. 1\/2 ENTRENADOR REAL BETIS BALOMPI\u00c9 1959-1960:\u00a0 Enrique FERN\u00c1NDEZ Viola (01\u00aa-10\u00aa jornadas ambas inclusive). TODOS CUMPLIERON: 2.-Jos\u00e9 Besteiro Fari\u00f1as (a) \u00abPORTU\u00bb. Le sustituy\u00f3:\u00a0 Ram\u00f3n OLIET Palos. 5.-Eusebio R\u00cdOS Fern\u00e1ndez \u00abFue el seguro&#8230;<\/p>\n","protected":false},"author":48,"featured_media":37318,"comment_status":"open","ping_status":"open","sticky":false,"template":"","format":"standard","meta":{"_kad_post_transparent":"","_kad_post_title":"","_kad_post_layout":"","_kad_post_sidebar_id":"","_kad_post_content_style":"","_kad_post_vertical_padding":"","_kad_post_feature":"","_kad_post_feature_position":"","_kad_post_header":false,"_kad_post_footer":false,"_kad_post_classname":"","_jetpack_memberships_contains_paid_content":false,"footnotes":"","jetpack_publicize_message":"","jetpack_publicize_feature_enabled":true,"jetpack_social_post_already_shared":false,"jetpack_social_options":{"image_generator_settings":{"template":"highway","default_image_id":0,"font":"","enabled":false},"version":2}},"categories":[901,893],"tags":[1538,2377,5025],"class_list":["post-11015","post","type-post","status-publish","format-standard","has-post-thumbnail","hentry","category-1950-1959","category-jugadores-temas","tag-1538","tag-1959-60","tag-vitoria-setubal"],"jetpack_publicize_connections":[],"jetpack_featured_media_url":"https:\/\/i0.wp.com\/www.manquepierda.com\/historiarealbetis\/files\/2011\/05\/Estadio-de-Heli%C3%B3polis.jpg?fit=2367%2C1384&ssl=1","jetpack_sharing_enabled":true,"jetpack_shortlink":"https:\/\/wp.me\/p1ij08-2RF","jetpack-related-posts":[],"_links":{"self":[{"href":"https:\/\/www.manquepierda.com\/historiarealbetis\/wp-json\/wp\/v2\/posts\/11015","targetHints":{"allow":["GET"]}}],"collection":[{"href":"https:\/\/www.manquepierda.com\/historiarealbetis\/wp-json\/wp\/v2\/posts"}],"about":[{"href":"https:\/\/www.manquepierda.com\/historiarealbetis\/wp-json\/wp\/v2\/types\/post"}],"author":[{"embeddable":true,"href":"https:\/\/www.manquepierda.com\/historiarealbetis\/wp-json\/wp\/v2\/users\/48"}],"replies":[{"embeddable":true,"href":"https:\/\/www.manquepierda.com\/historiarealbetis\/wp-json\/wp\/v2\/comments?post=11015"}],"version-history":[{"count":1,"href":"https:\/\/www.manquepierda.com\/historiarealbetis\/wp-json\/wp\/v2\/posts\/11015\/revisions"}],"predecessor-version":[{"id":96130,"href":"https:\/\/www.manquepierda.com\/historiarealbetis\/wp-json\/wp\/v2\/posts\/11015\/revisions\/96130"}],"wp:featuredmedia":[{"embeddable":true,"href":"https:\/\/www.manquepierda.com\/historiarealbetis\/wp-json\/wp\/v2\/media\/37318"}],"wp:attachment":[{"href":"https:\/\/www.manquepierda.com\/historiarealbetis\/wp-json\/wp\/v2\/media?parent=11015"}],"wp:term":[{"taxonomy":"category","embeddable":true,"href":"https:\/\/www.manquepierda.com\/historiarealbetis\/wp-json\/wp\/v2\/categories?post=11015"},{"taxonomy":"post_tag","embeddable":true,"href":"https:\/\/www.manquepierda.com\/historiarealbetis\/wp-json\/wp\/v2\/tags?post=11015"}],"curies":[{"name":"wp","href":"https:\/\/api.w.org\/{rel}","templated":true}]}}