{"id":110271,"date":"2026-09-01T13:00:00","date_gmt":"2026-09-01T11:00:00","guid":{"rendered":"https:\/\/www.manquepierda.com\/historiarealbetis\/?p=110271"},"modified":"2026-08-19T17:22:19","modified_gmt":"2026-08-19T15:22:19","slug":"hoy-hace-30-anos-betis-3-athletic-0-2","status":"publish","type":"post","link":"https:\/\/www.manquepierda.com\/historiarealbetis\/hoy-hace-30-anos-betis-3-athletic-0-2\/","title":{"rendered":"Hoy hace 30 a\u00f1os. Betis 3 Athletic 0."},"content":{"rendered":"<div class=\"wp-block-image\">\n<figure class=\"aligncenter size-large\"><img data-recalc-dims=\"1\" loading=\"lazy\" decoding=\"async\" width=\"960\" height=\"555\" src=\"https:\/\/i0.wp.com\/www.manquepierda.com\/historiarealbetis\/files\/2026\/09\/1-1996-Betis-3-Athletic-0_edited.jpg?resize=960%2C555&#038;ssl=1\" alt=\"\" class=\"wp-image-110280\" srcset=\"https:\/\/i0.wp.com\/www.manquepierda.com\/historiarealbetis\/files\/2026\/09\/1-1996-Betis-3-Athletic-0_edited.jpg?resize=960%2C555&amp;ssl=1 960w, https:\/\/i0.wp.com\/www.manquepierda.com\/historiarealbetis\/files\/2026\/09\/1-1996-Betis-3-Athletic-0_edited.jpg?resize=680%2C393&amp;ssl=1 680w, https:\/\/i0.wp.com\/www.manquepierda.com\/historiarealbetis\/files\/2026\/09\/1-1996-Betis-3-Athletic-0_edited.jpg?resize=220%2C127&amp;ssl=1 220w, https:\/\/i0.wp.com\/www.manquepierda.com\/historiarealbetis\/files\/2026\/09\/1-1996-Betis-3-Athletic-0_edited.jpg?resize=768%2C444&amp;ssl=1 768w, https:\/\/i0.wp.com\/www.manquepierda.com\/historiarealbetis\/files\/2026\/09\/1-1996-Betis-3-Athletic-0_edited.jpg?w=1210&amp;ssl=1 1210w\" sizes=\"auto, (max-width: 960px) 100vw, 960px\" \/><\/figure>\n<\/div>\n\n<p><span style=\"color: #008000;\">El 1 de septiembre de 1996 en el Villamar\u00edn el Betis vence por 3-0 al Athletic en partido de la jornada 1 del Campeonato de Liga de Primera Divisi\u00f3n.<\/span><\/p>\n<p><span style=\"color: #008000;\">En el minuto 14 Finidi abri\u00f3 el marcador con un disparo cruzado a pase de Jarni. En el 45 R\u00edos hizo el 2-0 con un disparo lejano que se col\u00f3 junto a la cepa del poste, y en el 85 Finidi escap\u00f3 y se present\u00f3 ante el guardameta Valencia, al que burl\u00f3 siendo derribado, el bal\u00f3n suelto fue rematado por Sabas para hacer el 3-0.<\/span><\/p>\n<p><span style=\"color: #008000;\">El Betis, dirigido por Lorenzo Serra, aline\u00f3 a Prats; Jaime, R\u00edos, Vidakovic, Luis Fdez; Alexis, Merino, Jarni (57, Nadj); Alfonso (82, Sabas), Pier (57, Ca\u00f1as) y Finidi.<\/span><\/p>\n<p><span style=\"color: #008000;\">El Athletic, entrenado por Luis Fern\u00e1ndez, jug\u00f3 con Valencia; Larra\u00ednzar, Carlos Garc\u00eda, Andrin\u00faa, Larraz\u00e1bal; Exteberria, Urrutia, Alkiza, Guerrero; Urz\u00e1iz (67, Ziganda) y \u00a0Tabuenka (55, Goikoetxea).<\/span><\/p>\n<p><span style=\"color: #008000;\">En este partido debitaron en partido oficial con el Real Betis Balompi\u00e9 Finidi George, Luis Fern\u00e1ndez, Albert Nadj y Toni Prats.\u00a0<\/span><\/p>","protected":false},"excerpt":{"rendered":"<p>El 1 de septiembre de 1996 en el Villamar\u00edn el Betis vence por 3-0 al Athletic en partido de la jornada 1 del Campeonato de Liga de Primera Divisi\u00f3n. En el minuto 14 Finidi abri\u00f3 el marcador con un disparo cruzado a pase de Jarni. En el 45 R\u00edos hizo el 2-0 con un disparo&#8230;<\/p>\n","protected":false},"author":5,"featured_media":110280,"comment_status":"open","ping_status":"open","sticky":false,"template":"","format":"standard","meta":{"_kad_post_transparent":"","_kad_post_title":"","_kad_post_layout":"","_kad_post_sidebar_id":"","_kad_post_content_style":"","_kad_post_vertical_padding":"","_kad_post_feature":"","_kad_post_feature_position":"","_kad_post_header":false,"_kad_post_footer":false,"_kad_post_classname":"","_jetpack_newsletter_access":"","_jetpack_dont_email_post_to_subs":false,"_jetpack_newsletter_tier_id":0,"_jetpack_memberships_contains_paywalled_content":false,"_jetpack_feature_clip_id":0,"_jetpack_memberships_contains_paid_content":false,"footnotes":"","jetpack_publicize_message":"","jetpack_publicize_feature_enabled":true,"jetpack_social_post_already_shared":true,"jetpack_social_options":{"image_generator_settings":{"template":"highway","default_image_id":0,"font":"","enabled":false},"version":2},"jetpack_post_was_ever_published":false},"categories":[905,14583,1],"tags":[3291,2479,124,381,17853,3495,16815],"class_list":["post-110271","post","type-post","status-publish","format-standard","has-post-thumbnail","hentry","category-1990-1999","category-efemerides","category-portada","tag-3291","tag-albert-nadj","tag-athletic-club","tag-finidi-george","tag-liga-primera-1996-97","tag-luis-fernandez","tag-toni-prats"],"jetpack_publicize_connections":[],"jetpack_sharing_enabled":true,"jetpack_shortlink":"https:\/\/wp.me\/p1ij08-sGz","jetpack-related-posts":[],"jetpack_featured_media_url":"https:\/\/i0.wp.com\/www.manquepierda.com\/historiarealbetis\/files\/2026\/09\/1-1996-Betis-3-Athletic-0_edited.jpg?fit=1210%2C699&ssl=1","_links":{"self":[{"href":"https:\/\/www.manquepierda.com\/historiarealbetis\/wp-json\/wp\/v2\/posts\/110271","targetHints":{"allow":["GET"]}}],"collection":[{"href":"https:\/\/www.manquepierda.com\/historiarealbetis\/wp-json\/wp\/v2\/posts"}],"about":[{"href":"https:\/\/www.manquepierda.com\/historiarealbetis\/wp-json\/wp\/v2\/types\/post"}],"author":[{"embeddable":true,"href":"https:\/\/www.manquepierda.com\/historiarealbetis\/wp-json\/wp\/v2\/users\/5"}],"replies":[{"embeddable":true,"href":"https:\/\/www.manquepierda.com\/historiarealbetis\/wp-json\/wp\/v2\/comments?post=110271"}],"version-history":[{"count":3,"href":"https:\/\/www.manquepierda.com\/historiarealbetis\/wp-json\/wp\/v2\/posts\/110271\/revisions"}],"predecessor-version":[{"id":110281,"href":"https:\/\/www.manquepierda.com\/historiarealbetis\/wp-json\/wp\/v2\/posts\/110271\/revisions\/110281"}],"wp:featuredmedia":[{"embeddable":true,"href":"https:\/\/www.manquepierda.com\/historiarealbetis\/wp-json\/wp\/v2\/media\/110280"}],"wp:attachment":[{"href":"https:\/\/www.manquepierda.com\/historiarealbetis\/wp-json\/wp\/v2\/media?parent=110271"}],"wp:term":[{"taxonomy":"category","embeddable":true,"href":"https:\/\/www.manquepierda.com\/historiarealbetis\/wp-json\/wp\/v2\/categories?post=110271"},{"taxonomy":"post_tag","embeddable":true,"href":"https:\/\/www.manquepierda.com\/historiarealbetis\/wp-json\/wp\/v2\/tags?post=110271"}],"curies":[{"name":"wp","href":"https:\/\/api.w.org\/{rel}","templated":true}]}}