{"id":110276,"date":"2026-09-02T13:00:00","date_gmt":"2026-09-02T11:00:00","guid":{"rendered":"https:\/\/www.manquepierda.com\/historiarealbetis\/?p=110276"},"modified":"2026-08-19T17:13:55","modified_gmt":"2026-08-19T15:13:55","slug":"hoy-hace-65-anos-debut-de-helmut-senekowitsch","status":"publish","type":"post","link":"https:\/\/www.manquepierda.com\/historiarealbetis\/hoy-hace-65-anos-debut-de-helmut-senekowitsch\/","title":{"rendered":"Hoy hace 65 a\u00f1os. Debut de Helmut Senekowitsch."},"content":{"rendered":"<div class=\"wp-block-image\">\n<figure class=\"aligncenter size-large\"><img data-recalc-dims=\"1\" loading=\"lazy\" decoding=\"async\" width=\"538\" height=\"700\" src=\"https:\/\/i0.wp.com\/www.manquepierda.com\/historiarealbetis\/files\/2026\/08\/2-1961-Debut-de-Helmut-Senekowitsch-.jpg?resize=538%2C700&#038;ssl=1\" alt=\"\" class=\"wp-image-110277\" srcset=\"https:\/\/i0.wp.com\/www.manquepierda.com\/historiarealbetis\/files\/2026\/08\/2-1961-Debut-de-Helmut-Senekowitsch--scaled.jpg?resize=538%2C700&amp;ssl=1 538w, https:\/\/i0.wp.com\/www.manquepierda.com\/historiarealbetis\/files\/2026\/08\/2-1961-Debut-de-Helmut-Senekowitsch--scaled.jpg?resize=461%2C600&amp;ssl=1 461w, https:\/\/i0.wp.com\/www.manquepierda.com\/historiarealbetis\/files\/2026\/08\/2-1961-Debut-de-Helmut-Senekowitsch--scaled.jpg?resize=169%2C220&amp;ssl=1 169w, https:\/\/i0.wp.com\/www.manquepierda.com\/historiarealbetis\/files\/2026\/08\/2-1961-Debut-de-Helmut-Senekowitsch--scaled.jpg?resize=768%2C999&amp;ssl=1 768w, https:\/\/i0.wp.com\/www.manquepierda.com\/historiarealbetis\/files\/2026\/08\/2-1961-Debut-de-Helmut-Senekowitsch--scaled.jpg?resize=1181%2C1536&amp;ssl=1 1181w, https:\/\/i0.wp.com\/www.manquepierda.com\/historiarealbetis\/files\/2026\/08\/2-1961-Debut-de-Helmut-Senekowitsch--scaled.jpg?resize=1574%2C2048&amp;ssl=1 1574w, https:\/\/i0.wp.com\/www.manquepierda.com\/historiarealbetis\/files\/2026\/08\/2-1961-Debut-de-Helmut-Senekowitsch--scaled.jpg?w=1968&amp;ssl=1 1968w\" sizes=\"auto, (max-width: 538px) 100vw, 538px\" \/><\/figure>\n<\/div>\n\n<p>\u00a0<\/p>\n<p><span style=\"color: #008000;\">El 2 de septiembre de 1961 debuta en partido oficial con el Real Betis Balomp\u00e9 el delantero austriaco Helmut Senekowitsch.<\/span><\/p>\n<p><span style=\"color: #008000;\">Lo hace en el partido Betis-Mallorca perteneciente a la jornada 1 del Campeonato de Liga de Primera Divisi\u00f3n.<\/span><\/p>\n<p><span style=\"color: #008000;\">Cuando Senekowitsch debut\u00f3 con el Betis ten\u00eda 27 a\u00f1os y hab\u00eda llegado desde el First Wien.<\/span><\/p>","protected":false},"excerpt":{"rendered":"<p>\u00a0 El 2 de septiembre de 1961 debuta en partido oficial con el Real Betis Balomp\u00e9 el delantero austriaco Helmut Senekowitsch. Lo hace en el partido Betis-Mallorca perteneciente a la jornada 1 del Campeonato de Liga de Primera Divisi\u00f3n. Cuando Senekowitsch debut\u00f3 con el Betis ten\u00eda 27 a\u00f1os y hab\u00eda llegado desde el First Wien.<\/p>\n","protected":false},"author":5,"featured_media":110277,"comment_status":"open","ping_status":"open","sticky":false,"template":"","format":"standard","meta":{"_kad_post_transparent":"","_kad_post_title":"","_kad_post_layout":"","_kad_post_sidebar_id":"","_kad_post_content_style":"","_kad_post_vertical_padding":"","_kad_post_feature":"","_kad_post_feature_position":"","_kad_post_header":false,"_kad_post_footer":false,"_kad_post_classname":"","_jetpack_newsletter_access":"","_jetpack_dont_email_post_to_subs":false,"_jetpack_newsletter_tier_id":0,"_jetpack_memberships_contains_paywalled_content":false,"_jetpack_feature_clip_id":0,"_jetpack_memberships_contains_paid_content":false,"footnotes":"","jetpack_publicize_message":"","jetpack_publicize_feature_enabled":true,"jetpack_social_post_already_shared":true,"jetpack_social_options":{"image_generator_settings":{"template":"highway","default_image_id":0,"font":"","enabled":false},"version":2},"jetpack_post_was_ever_published":false},"categories":[902,14583,1],"tags":[2922,4300,17905],"class_list":["post-110276","post","type-post","status-publish","format-standard","has-post-thumbnail","hentry","category-1960-1969","category-efemerides","category-portada","tag-2922","tag-helmut-senekowitsch","tag-liga-primera-1961-62"],"jetpack_publicize_connections":[],"jetpack_sharing_enabled":true,"jetpack_shortlink":"https:\/\/wp.me\/p1ij08-sGE","jetpack-related-posts":[],"jetpack_featured_media_url":"https:\/\/i0.wp.com\/www.manquepierda.com\/historiarealbetis\/files\/2026\/08\/2-1961-Debut-de-Helmut-Senekowitsch--scaled.jpg?fit=1968%2C2560&ssl=1","_links":{"self":[{"href":"https:\/\/www.manquepierda.com\/historiarealbetis\/wp-json\/wp\/v2\/posts\/110276","targetHints":{"allow":["GET"]}}],"collection":[{"href":"https:\/\/www.manquepierda.com\/historiarealbetis\/wp-json\/wp\/v2\/posts"}],"about":[{"href":"https:\/\/www.manquepierda.com\/historiarealbetis\/wp-json\/wp\/v2\/types\/post"}],"author":[{"embeddable":true,"href":"https:\/\/www.manquepierda.com\/historiarealbetis\/wp-json\/wp\/v2\/users\/5"}],"replies":[{"embeddable":true,"href":"https:\/\/www.manquepierda.com\/historiarealbetis\/wp-json\/wp\/v2\/comments?post=110276"}],"version-history":[{"count":2,"href":"https:\/\/www.manquepierda.com\/historiarealbetis\/wp-json\/wp\/v2\/posts\/110276\/revisions"}],"predecessor-version":[{"id":110279,"href":"https:\/\/www.manquepierda.com\/historiarealbetis\/wp-json\/wp\/v2\/posts\/110276\/revisions\/110279"}],"wp:featuredmedia":[{"embeddable":true,"href":"https:\/\/www.manquepierda.com\/historiarealbetis\/wp-json\/wp\/v2\/media\/110277"}],"wp:attachment":[{"href":"https:\/\/www.manquepierda.com\/historiarealbetis\/wp-json\/wp\/v2\/media?parent=110276"}],"wp:term":[{"taxonomy":"category","embeddable":true,"href":"https:\/\/www.manquepierda.com\/historiarealbetis\/wp-json\/wp\/v2\/categories?post=110276"},{"taxonomy":"post_tag","embeddable":true,"href":"https:\/\/www.manquepierda.com\/historiarealbetis\/wp-json\/wp\/v2\/tags?post=110276"}],"curies":[{"name":"wp","href":"https:\/\/api.w.org\/{rel}","templated":true}]}}