{"id":110282,"date":"2026-09-03T13:00:00","date_gmt":"2026-09-03T11:00:00","guid":{"rendered":"https:\/\/www.manquepierda.com\/historiarealbetis\/?p=110282"},"modified":"2026-08-19T17:30:29","modified_gmt":"2026-08-19T15:30:29","slug":"hoy-hace-26-anos-compostela-0-betis-0","status":"publish","type":"post","link":"https:\/\/www.manquepierda.com\/historiarealbetis\/hoy-hace-26-anos-compostela-0-betis-0\/","title":{"rendered":"Hoy hace 26 a\u00f1os. Compostela 0 Betis 0."},"content":{"rendered":"<div class=\"wp-block-image\">\n<figure class=\"aligncenter size-full\"><img data-recalc-dims=\"1\" loading=\"lazy\" decoding=\"async\" width=\"921\" height=\"612\" src=\"https:\/\/i0.wp.com\/www.manquepierda.com\/historiarealbetis\/files\/2026\/08\/3-2000-Compostela-0-Betis-0-.jpg?resize=921%2C612&#038;ssl=1\" alt=\"\" class=\"wp-image-110283\" srcset=\"https:\/\/i0.wp.com\/www.manquepierda.com\/historiarealbetis\/files\/2026\/08\/3-2000-Compostela-0-Betis-0-.jpg?w=921&amp;ssl=1 921w, https:\/\/i0.wp.com\/www.manquepierda.com\/historiarealbetis\/files\/2026\/08\/3-2000-Compostela-0-Betis-0-.jpg?resize=680%2C452&amp;ssl=1 680w, https:\/\/i0.wp.com\/www.manquepierda.com\/historiarealbetis\/files\/2026\/08\/3-2000-Compostela-0-Betis-0-.jpg?resize=220%2C146&amp;ssl=1 220w, https:\/\/i0.wp.com\/www.manquepierda.com\/historiarealbetis\/files\/2026\/08\/3-2000-Compostela-0-Betis-0-.jpg?resize=768%2C510&amp;ssl=1 768w\" sizes=\"auto, (max-width: 921px) 100vw, 921px\" \/><\/figure>\n<\/div>\n\n<p>\u00a0<\/p>\n<p><span style=\"color: #008000;\">El 3 de septiembre de 2000 en San L\u00e1zaro Compostela y Betis empatan a 0 en partido de la jornada 1 del Campeonato de Liga de Segunda Divisi\u00f3n.<\/span><\/p>\n<p><span style=\"color: #008000;\">El Compostela, entrenado por Carlos Ballesta, aline\u00f3 a Rafa; Pinillos, Pignol, Biscay, Chema; Nando, Aguado, Jubera, D\u00edaz; Fabiano y Gudelj (21, Sion).<\/span><\/p>\n<p><span style=\"color: #008000;\">El Betis, dirigido por Fernando V\u00e1zquez, jug\u00f3 con Prats; Otero, Belenguer, Rivas, Luis Fdez; Joaqu\u00edn (70, Ca\u00f1as), Merino, Ito, Benjam\u00edn (60, Torres Mestre); Cu\u00e9llar y Oli.<\/span><\/p>\n<p><span style=\"color: #008000;\">En este partido debutaron en competici\u00f3n oficial con el Real Betis Balompi\u00e9 Joaqu\u00edn S\u00e1nchez, David Belenguer, V\u00edctor Torres Mestre y el entrenador Fernando V\u00e1zquez. \u00a0<\/span><\/p>","protected":false},"excerpt":{"rendered":"<p>\u00a0 El 3 de septiembre de 2000 en San L\u00e1zaro Compostela y Betis empatan a 0 en partido de la jornada 1 del Campeonato de Liga de Segunda Divisi\u00f3n. El Compostela, entrenado por Carlos Ballesta, aline\u00f3 a Rafa; Pinillos, Pignol, Biscay, Chema; Nando, Aguado, Jubera, D\u00edaz; Fabiano y Gudelj (21, Sion). El Betis, dirigido por&#8230;<\/p>\n","protected":false},"author":5,"featured_media":110283,"comment_status":"open","ping_status":"open","sticky":false,"template":"","format":"standard","meta":{"_kad_post_transparent":"","_kad_post_title":"","_kad_post_layout":"","_kad_post_sidebar_id":"","_kad_post_content_style":"","_kad_post_vertical_padding":"","_kad_post_feature":"","_kad_post_feature_position":"","_kad_post_header":false,"_kad_post_footer":false,"_kad_post_classname":"","_jetpack_newsletter_access":"","_jetpack_dont_email_post_to_subs":false,"_jetpack_newsletter_tier_id":0,"_jetpack_memberships_contains_paywalled_content":false,"_jetpack_feature_clip_id":0,"_jetpack_memberships_contains_paid_content":false,"footnotes":"","jetpack_publicize_message":"","jetpack_publicize_feature_enabled":true,"jetpack_social_post_already_shared":true,"jetpack_social_options":{"image_generator_settings":{"template":"highway","default_image_id":0,"font":"","enabled":false},"version":2},"jetpack_post_was_ever_published":false},"categories":[4823,14583,1],"tags":[6730,1486,1088,3912,17895,9316,3753],"class_list":["post-110282","post","type-post","status-publish","format-standard","has-post-thumbnail","hentry","category-2000-2009","category-efemerides","category-portada","tag-6730","tag-david-belenguer","tag-fernando-vazquez","tag-joaquin-sanchez","tag-liga-segunda-2000-01","tag-sd-compostela","tag-victor-torres-mestre"],"jetpack_publicize_connections":[],"jetpack_sharing_enabled":true,"jetpack_shortlink":"https:\/\/wp.me\/p1ij08-sGK","jetpack-related-posts":[],"jetpack_featured_media_url":"https:\/\/i0.wp.com\/www.manquepierda.com\/historiarealbetis\/files\/2026\/08\/3-2000-Compostela-0-Betis-0-.jpg?fit=921%2C612&ssl=1","_links":{"self":[{"href":"https:\/\/www.manquepierda.com\/historiarealbetis\/wp-json\/wp\/v2\/posts\/110282","targetHints":{"allow":["GET"]}}],"collection":[{"href":"https:\/\/www.manquepierda.com\/historiarealbetis\/wp-json\/wp\/v2\/posts"}],"about":[{"href":"https:\/\/www.manquepierda.com\/historiarealbetis\/wp-json\/wp\/v2\/types\/post"}],"author":[{"embeddable":true,"href":"https:\/\/www.manquepierda.com\/historiarealbetis\/wp-json\/wp\/v2\/users\/5"}],"replies":[{"embeddable":true,"href":"https:\/\/www.manquepierda.com\/historiarealbetis\/wp-json\/wp\/v2\/comments?post=110282"}],"version-history":[{"count":2,"href":"https:\/\/www.manquepierda.com\/historiarealbetis\/wp-json\/wp\/v2\/posts\/110282\/revisions"}],"predecessor-version":[{"id":110285,"href":"https:\/\/www.manquepierda.com\/historiarealbetis\/wp-json\/wp\/v2\/posts\/110282\/revisions\/110285"}],"wp:featuredmedia":[{"embeddable":true,"href":"https:\/\/www.manquepierda.com\/historiarealbetis\/wp-json\/wp\/v2\/media\/110283"}],"wp:attachment":[{"href":"https:\/\/www.manquepierda.com\/historiarealbetis\/wp-json\/wp\/v2\/media?parent=110282"}],"wp:term":[{"taxonomy":"category","embeddable":true,"href":"https:\/\/www.manquepierda.com\/historiarealbetis\/wp-json\/wp\/v2\/categories?post=110282"},{"taxonomy":"post_tag","embeddable":true,"href":"https:\/\/www.manquepierda.com\/historiarealbetis\/wp-json\/wp\/v2\/tags?post=110282"}],"curies":[{"name":"wp","href":"https:\/\/api.w.org\/{rel}","templated":true}]}}