{"id":110286,"date":"2026-09-04T13:00:00","date_gmt":"2026-09-04T11:00:00","guid":{"rendered":"https:\/\/www.manquepierda.com\/historiarealbetis\/?p=110286"},"modified":"2026-08-19T17:39:52","modified_gmt":"2026-08-19T15:39:52","slug":"hoy-hace-60-anos-rayo-vallecano-1-betis-1","status":"publish","type":"post","link":"https:\/\/www.manquepierda.com\/historiarealbetis\/hoy-hace-60-anos-rayo-vallecano-1-betis-1\/","title":{"rendered":"Hoy hace 60 a\u00f1os. Rayo Vallecano 1 Betis 1."},"content":{"rendered":"<div class=\"wp-block-image\">\n<figure class=\"aligncenter size-full\"><img data-recalc-dims=\"1\" loading=\"lazy\" decoding=\"async\" width=\"442\" height=\"223\" src=\"https:\/\/i0.wp.com\/www.manquepierda.com\/historiarealbetis\/files\/2026\/08\/4-1966-Rayo-Vallecano-1-Betis-1.jpg?resize=442%2C223&#038;ssl=1\" alt=\"\" class=\"wp-image-110287\" srcset=\"https:\/\/i0.wp.com\/www.manquepierda.com\/historiarealbetis\/files\/2026\/08\/4-1966-Rayo-Vallecano-1-Betis-1.jpg?w=442&amp;ssl=1 442w, https:\/\/i0.wp.com\/www.manquepierda.com\/historiarealbetis\/files\/2026\/08\/4-1966-Rayo-Vallecano-1-Betis-1.jpg?resize=220%2C111&amp;ssl=1 220w\" sizes=\"auto, (max-width: 442px) 100vw, 442px\" \/><\/figure>\n<\/div>\n\n<p>\u00a0<\/p>\n<p><span style=\"color: #008000;\">El 4 de septiembre de 1966 en Vallecas Rayo Vallecano y Betis empatan a 1 en partido amistoso.<\/span><\/p>\n<p><span style=\"color: #008000;\">En el minuto 64 Pallar\u00e9s puso por delante al Betis con un disparo desde fuera del \u00e1rea, empatando Aparicio para el cuadro local en el minuto 80.<\/span><\/p>\n<p><span style=\"color: #008000;\">El Rayo Vallecano, entrenado por Pedro Eguiluz, aline\u00f3 a Mendieta; Flores (4, Calleja) (30, Echarri) (Benito), Hern\u00e1ndez, Chufi; Iriarte (B\u00faa), Herrero; Moya, Del Alamo (Cabezudo), Iznata (Gull\u00f3n), Cabezudo (Aparicio) y Felines.<\/span><\/p>\n<p><span style=\"color: #008000;\">El Betis, dirigido por Luis Bell\u00f3, jug\u00f3 con Vega; Aparicio, R\u00edos (Telech\u00eda), Ant\u00f3n; Frasco (Pallar\u00e9s), Azc\u00e1rate; Gir\u00f3n, Quino, Landa, Dioni y Zacarizo (Demetrio).<\/span><\/p>\n<p>\u00a0<\/p>\n<p>\u00a0<\/p>","protected":false},"excerpt":{"rendered":"<p>\u00a0 El 4 de septiembre de 1966 en Vallecas Rayo Vallecano y Betis empatan a 1 en partido amistoso. En el minuto 64 Pallar\u00e9s puso por delante al Betis con un disparo desde fuera del \u00e1rea, empatando Aparicio para el cuadro local en el minuto 80. El Rayo Vallecano, entrenado por Pedro Eguiluz, aline\u00f3 a&#8230;<\/p>\n","protected":false},"author":5,"featured_media":110287,"comment_status":"open","ping_status":"open","sticky":false,"template":"","format":"standard","meta":{"_kad_post_transparent":"","_kad_post_title":"","_kad_post_layout":"","_kad_post_sidebar_id":"","_kad_post_content_style":"","_kad_post_vertical_padding":"","_kad_post_feature":"","_kad_post_feature_position":"","_kad_post_header":false,"_kad_post_footer":false,"_kad_post_classname":"","_jetpack_newsletter_access":"","_jetpack_dont_email_post_to_subs":false,"_jetpack_newsletter_tier_id":0,"_jetpack_memberships_contains_paywalled_content":false,"_jetpack_feature_clip_id":0,"_jetpack_memberships_contains_paid_content":false,"footnotes":"","jetpack_publicize_message":"","jetpack_publicize_feature_enabled":true,"jetpack_social_post_already_shared":true,"jetpack_social_options":{"image_generator_settings":{"template":"highway","default_image_id":0,"font":"","enabled":false},"version":2},"jetpack_post_was_ever_published":false},"categories":[902,14583,1],"tags":[1592,16911],"class_list":["post-110286","post","type-post","status-publish","format-standard","has-post-thumbnail","hentry","category-1960-1969","category-efemerides","category-portada","tag-1592","tag-ad-rayo-vallecano"],"jetpack_publicize_connections":[],"jetpack_sharing_enabled":true,"jetpack_shortlink":"https:\/\/wp.me\/p1ij08-sGO","jetpack-related-posts":[],"jetpack_featured_media_url":"https:\/\/i0.wp.com\/www.manquepierda.com\/historiarealbetis\/files\/2026\/08\/4-1966-Rayo-Vallecano-1-Betis-1.jpg?fit=442%2C223&ssl=1","_links":{"self":[{"href":"https:\/\/www.manquepierda.com\/historiarealbetis\/wp-json\/wp\/v2\/posts\/110286","targetHints":{"allow":["GET"]}}],"collection":[{"href":"https:\/\/www.manquepierda.com\/historiarealbetis\/wp-json\/wp\/v2\/posts"}],"about":[{"href":"https:\/\/www.manquepierda.com\/historiarealbetis\/wp-json\/wp\/v2\/types\/post"}],"author":[{"embeddable":true,"href":"https:\/\/www.manquepierda.com\/historiarealbetis\/wp-json\/wp\/v2\/users\/5"}],"replies":[{"embeddable":true,"href":"https:\/\/www.manquepierda.com\/historiarealbetis\/wp-json\/wp\/v2\/comments?post=110286"}],"version-history":[{"count":1,"href":"https:\/\/www.manquepierda.com\/historiarealbetis\/wp-json\/wp\/v2\/posts\/110286\/revisions"}],"predecessor-version":[{"id":110288,"href":"https:\/\/www.manquepierda.com\/historiarealbetis\/wp-json\/wp\/v2\/posts\/110286\/revisions\/110288"}],"wp:featuredmedia":[{"embeddable":true,"href":"https:\/\/www.manquepierda.com\/historiarealbetis\/wp-json\/wp\/v2\/media\/110287"}],"wp:attachment":[{"href":"https:\/\/www.manquepierda.com\/historiarealbetis\/wp-json\/wp\/v2\/media?parent=110286"}],"wp:term":[{"taxonomy":"category","embeddable":true,"href":"https:\/\/www.manquepierda.com\/historiarealbetis\/wp-json\/wp\/v2\/categories?post=110286"},{"taxonomy":"post_tag","embeddable":true,"href":"https:\/\/www.manquepierda.com\/historiarealbetis\/wp-json\/wp\/v2\/tags?post=110286"}],"curies":[{"name":"wp","href":"https:\/\/api.w.org\/{rel}","templated":true}]}}