{"id":110289,"date":"2026-09-05T13:00:00","date_gmt":"2026-09-05T11:00:00","guid":{"rendered":"https:\/\/www.manquepierda.com\/historiarealbetis\/?p=110289"},"modified":"2026-08-19T17:52:51","modified_gmt":"2026-08-19T15:52:51","slug":"hoy-hace-55-anos-real-madrid-2-betis-0","status":"publish","type":"post","link":"https:\/\/www.manquepierda.com\/historiarealbetis\/hoy-hace-55-anos-real-madrid-2-betis-0\/","title":{"rendered":"Hoy hace 55 a\u00f1os. Real Madrid 2 Betis 0."},"content":{"rendered":"<div class=\"wp-block-image\">\n<figure class=\"aligncenter size-full\"><img data-recalc-dims=\"1\" loading=\"lazy\" decoding=\"async\" width=\"709\" height=\"551\" src=\"https:\/\/i0.wp.com\/www.manquepierda.com\/historiarealbetis\/files\/2026\/08\/5-1971-Real-Madrid-2-Betis-0.jpg?resize=709%2C551&#038;ssl=1\" alt=\"\" class=\"wp-image-110290\" srcset=\"https:\/\/i0.wp.com\/www.manquepierda.com\/historiarealbetis\/files\/2026\/08\/5-1971-Real-Madrid-2-Betis-0.jpg?w=709&amp;ssl=1 709w, https:\/\/i0.wp.com\/www.manquepierda.com\/historiarealbetis\/files\/2026\/08\/5-1971-Real-Madrid-2-Betis-0.jpg?resize=680%2C528&amp;ssl=1 680w, https:\/\/i0.wp.com\/www.manquepierda.com\/historiarealbetis\/files\/2026\/08\/5-1971-Real-Madrid-2-Betis-0.jpg?resize=220%2C171&amp;ssl=1 220w\" sizes=\"auto, (max-width: 709px) 100vw, 709px\" \/><\/figure>\n<\/div>\n\n<p>\u00a0<\/p>\n<p><span style=\"color: #008000;\">El 5 de septiembre de 1971 en el Bernab\u00e9u el Real Madrid derrota 2-0 al Betis en partido de la jornada 1 del Campeonato de Liga de Primera Divisi\u00f3n.<\/span><\/p>\n<p><span style=\"color: #008000;\">En el minuto 25 Aguilar abri\u00f3 el marcador rematando un centro de Verdugo desde la banda izquierda; en el 42 Amancio, de cabeza, a pase de Aguilar hizo el 2-0.<\/span><\/p>\n<p><span style=\"color: #008000;\">El Real Madrid, entrenado por Miguel Mu\u00f1oz, aline\u00f3 a G\u00aa Rem\u00f3n; Touri\u00f1o, Benito, Verdugo; Grosso (75, Grande), Zoco; Aguilar, Amancio, Santillana, Vel\u00e1zquez y Anzarda (77, Fleitas).<\/span><\/p>\n<p><span style=\"color: #008000;\">El Betis, dirigido por Antonio Barrios, form\u00f3 con Campos; Telech\u00eda, Casasas, Bizcocho; Gonz\u00e1lez, Frigols (46, Ir\u00edzar); Viqueira, Rodr\u00edguez, Rosell\u00f3, Isauro y Arrieta.<\/span><\/p>\n<p><span style=\"color: #008000;\">En este partido debutaron en competici\u00f3n oficial con el Real Betis Balompi\u00e9 Francisco Bizcocho, Agust\u00edn Arrieta, Juan Casasas, Rufino Rodr\u00edguez, Francisco Rosell\u00f3 y Antonio Viqueira.<\/span><\/p>","protected":false},"excerpt":{"rendered":"<p>\u00a0 El 5 de septiembre de 1971 en el Bernab\u00e9u el Real Madrid derrota 2-0 al Betis en partido de la jornada 1 del Campeonato de Liga de Primera Divisi\u00f3n. En el minuto 25 Aguilar abri\u00f3 el marcador rematando un centro de Verdugo desde la banda izquierda; en el 42 Amancio, de cabeza, a pase&#8230;<\/p>\n","protected":false},"author":5,"featured_media":110290,"comment_status":"open","ping_status":"open","sticky":false,"template":"","format":"standard","meta":{"_kad_post_transparent":"","_kad_post_title":"","_kad_post_layout":"","_kad_post_sidebar_id":"","_kad_post_content_style":"","_kad_post_vertical_padding":"","_kad_post_feature":"","_kad_post_feature_position":"","_kad_post_header":false,"_kad_post_footer":false,"_kad_post_classname":"","_jetpack_newsletter_access":"","_jetpack_dont_email_post_to_subs":false,"_jetpack_newsletter_tier_id":0,"_jetpack_memberships_contains_paywalled_content":false,"_jetpack_feature_clip_id":0,"_jetpack_memberships_contains_paid_content":false,"footnotes":"","jetpack_publicize_message":"","jetpack_publicize_feature_enabled":true,"jetpack_social_post_already_shared":true,"jetpack_social_options":{"image_generator_settings":{"template":"highway","default_image_id":0,"font":"","enabled":false},"version":2},"jetpack_post_was_ever_published":false},"categories":[903,14583,1],"tags":[2239,3857,1147,1245,3821,2318,17892,13362,5235],"class_list":["post-110289","post","type-post","status-publish","format-standard","has-post-thumbnail","hentry","category-1970-1979","category-efemerides","category-portada","tag-2239","tag-agustin-arrieta","tag-antonio-viqueira","tag-francisco-bizcocho","tag-francisco-rosello","tag-juan-casasas","tag-liga-primera-1971-72","tag-real-madrid-cf","tag-rufino-rodriguez"],"jetpack_publicize_connections":[],"jetpack_sharing_enabled":true,"jetpack_shortlink":"https:\/\/wp.me\/p1ij08-sGR","jetpack-related-posts":[],"jetpack_featured_media_url":"https:\/\/i0.wp.com\/www.manquepierda.com\/historiarealbetis\/files\/2026\/08\/5-1971-Real-Madrid-2-Betis-0.jpg?fit=709%2C551&ssl=1","_links":{"self":[{"href":"https:\/\/www.manquepierda.com\/historiarealbetis\/wp-json\/wp\/v2\/posts\/110289","targetHints":{"allow":["GET"]}}],"collection":[{"href":"https:\/\/www.manquepierda.com\/historiarealbetis\/wp-json\/wp\/v2\/posts"}],"about":[{"href":"https:\/\/www.manquepierda.com\/historiarealbetis\/wp-json\/wp\/v2\/types\/post"}],"author":[{"embeddable":true,"href":"https:\/\/www.manquepierda.com\/historiarealbetis\/wp-json\/wp\/v2\/users\/5"}],"replies":[{"embeddable":true,"href":"https:\/\/www.manquepierda.com\/historiarealbetis\/wp-json\/wp\/v2\/comments?post=110289"}],"version-history":[{"count":3,"href":"https:\/\/www.manquepierda.com\/historiarealbetis\/wp-json\/wp\/v2\/posts\/110289\/revisions"}],"predecessor-version":[{"id":110293,"href":"https:\/\/www.manquepierda.com\/historiarealbetis\/wp-json\/wp\/v2\/posts\/110289\/revisions\/110293"}],"wp:featuredmedia":[{"embeddable":true,"href":"https:\/\/www.manquepierda.com\/historiarealbetis\/wp-json\/wp\/v2\/media\/110290"}],"wp:attachment":[{"href":"https:\/\/www.manquepierda.com\/historiarealbetis\/wp-json\/wp\/v2\/media?parent=110289"}],"wp:term":[{"taxonomy":"category","embeddable":true,"href":"https:\/\/www.manquepierda.com\/historiarealbetis\/wp-json\/wp\/v2\/categories?post=110289"},{"taxonomy":"post_tag","embeddable":true,"href":"https:\/\/www.manquepierda.com\/historiarealbetis\/wp-json\/wp\/v2\/tags?post=110289"}],"curies":[{"name":"wp","href":"https:\/\/api.w.org\/{rel}","templated":true}]}}