{"id":110345,"date":"2026-08-31T11:00:00","date_gmt":"2026-08-31T09:00:00","guid":{"rendered":"https:\/\/www.manquepierda.com\/historiarealbetis\/?p=110345"},"modified":"2026-08-29T07:24:17","modified_gmt":"2026-08-29T05:24:17","slug":"entrevista-rafael-iriondo-1977-3","status":"publish","type":"post","link":"https:\/\/www.manquepierda.com\/historiarealbetis\/entrevista-rafael-iriondo-1977-3\/","title":{"rendered":"Entrevista Rafael Iriondo 1977."},"content":{"rendered":"<div class=\"wp-block-image\">\n<figure class=\"aligncenter size-large\"><img data-recalc-dims=\"1\" loading=\"lazy\" decoding=\"async\" width=\"614\" height=\"700\" src=\"https:\/\/i0.wp.com\/www.manquepierda.com\/historiarealbetis\/files\/2026\/08\/Entrevista-Rafael-Iriondo-1977-NMP-Marca-25-06-1977.jpg?resize=614%2C700&#038;ssl=1\" alt=\"\" class=\"wp-image-110346\" srcset=\"https:\/\/i0.wp.com\/www.manquepierda.com\/historiarealbetis\/files\/2026\/08\/Entrevista-Rafael-Iriondo-1977-NMP-Marca-25-06-1977.jpg?resize=614%2C700&amp;ssl=1 614w, https:\/\/i0.wp.com\/www.manquepierda.com\/historiarealbetis\/files\/2026\/08\/Entrevista-Rafael-Iriondo-1977-NMP-Marca-25-06-1977.jpg?resize=527%2C600&amp;ssl=1 527w, https:\/\/i0.wp.com\/www.manquepierda.com\/historiarealbetis\/files\/2026\/08\/Entrevista-Rafael-Iriondo-1977-NMP-Marca-25-06-1977.jpg?resize=193%2C220&amp;ssl=1 193w, https:\/\/i0.wp.com\/www.manquepierda.com\/historiarealbetis\/files\/2026\/08\/Entrevista-Rafael-Iriondo-1977-NMP-Marca-25-06-1977.jpg?w=733&amp;ssl=1 733w\" sizes=\"auto, (max-width: 614px) 100vw, 614px\" \/><\/figure>\n<\/div>\n\n<p>La entrevista que hoy traemos a Manquepierda se hizo en un momento muy importante, concretamente en la tarde del 24 de junio de 1977 en el hotel Alameda de Madrid. Era la v\u00edspera de la final de Copa contra el Athletic y el Betis, reci\u00e9n llegado desde Sevilla, se concentraba en el hotel a la espera de la gran final.<\/p>\n<p>En las p\u00e1ginas del diario deportivo Marca el periodista Belarmino Calvo \u00abBelarmo\u00bb entrevistaba al t\u00e9cnico verdiblanco Rafael Iriondo, una de las grandes atracciones del momento dado su reciente pasado en el banquillo del club bilba\u00edno al que hab\u00eda entrenado las 2 campa\u00f1as anteriores.<\/p>\n<p><span style=\"color: #008000;\"><em>A las 8 de la tarde irrump\u00eda el Betis en el hotel Alameda. Y Jos\u00e9 Mar\u00eda de la Concha, asesor t\u00e9cnico del entrenador, ha encomendado su alma a la Macarena o al Gran Poder, con esa devoci\u00f3n tan sevillana o tan verdiblanca, que viene a ser lo mismo. A Rafael Iriondo le interesaba, sobre todo, dejar debidamente sentado que su equipo de v\u00edctima nada:<\/em><\/span><\/p>\n<p><span style=\"color: #008000;\"><em>-Aunque eso es lo que se dice por ah\u00ed, y no ser\u00e9 yo quien me proclame favorito<\/em><\/span><\/p>\n<p><span style=\"color: #008000;\"><em>&#8211; \u00bfEs esta su hora deportiva m\u00e1s feliz?<\/em><\/span><\/p>\n<p><span style=\"color: #008000;\"><em>&#8211; En este momento quiz\u00e1s s\u00ed. Estoy muy contento, pero porque el Betis es europeo, aunque pierda ma\u00f1ana. Y porque venimos a la final con bastantes posibilidades de llevarnos la Copa<\/em><\/span><\/p>\n<p><span style=\"color: #008000;\"><em>En torno al entrenador b\u00e9tico la hinchada. Y los piropos para qui\u00e9nes se van a vestir esta tarde de finalistas. Anzarda, cojeando, como invitado. Honores semejantes para Ladinsky, Gordillo, Garc\u00eda Fern\u00e1ndez&#8230; \u00bfY qu\u00e9 pintaba V\u00edctor Gardner, ese conocid\u00edsimo promotor austriaco, junto a los que aguardaban al Betis?<\/em><\/span><\/p>\n<ul>\n<li><span style=\"color: #008000;\"><em>Los que no creyeron en usted, qu\u00e9 le dicen ahora?<\/em><\/span><\/li>\n<\/ul>\n<p><span style=\"color: #008000;\"><em>A Iriondo no le ha hecho mucha gracia la pregunta, porque\u2026<\/em><\/span><\/p>\n<ul>\n<li><span style=\"color: #008000;\"><em>De eso no s\u00e9 nada. Ni me gustar\u00eda tocar el tema, porque no me parece oportuno<\/em><\/span><\/li>\n<\/ul>\n<p><span style=\"color: #008000;\"><em>Del Norte al Sur; del Este al Oeste.<\/em><\/span><\/p>\n<ul>\n<li><span style=\"color: #008000;\"><em>\u00bfSe considera ya debidamente encasillado?<\/em><\/span><\/li>\n<li><span style=\"color: #008000;\"><em>Yo, como todo el mundo, aspiro a lo m\u00e1ximo. Pero me considero satisfecho en este club. De verdad.<\/em><\/span><\/li>\n<\/ul>\n<p><span style=\"color: #008000;\"><em>Hubo un d\u00eda en el que, como entrenador del Athletic, ganaba Iriondo el valioso florero.<\/em><\/span><\/p>\n<ul>\n<li><span style=\"color: #008000;\"><em>\u00bfPuede suceder como en aquella oportunidad?<\/em><\/span><\/li>\n<li><span style=\"color: #008000;\"><em>Primero me interesar\u00eda decir cuatro cosas. Hay qui\u00e9n habla de que, si estoy aqu\u00ed, es para tomarme la revancha. \u00bfPero qu\u00e9 revancha, si se puede saber? A m\u00ed, del Athletic, no me ha echado nadie. Me march\u00e9 voluntariamente. Mucho antes de que concluyera la temporada di a conocer que me iba. \u00bfRazones? Yo soy quien verdaderamente las conoce. Entre otras, aquella campa\u00f1a injusta, inmerecida. En cuanto a ganar o a perder\u2026Mire usted, en f\u00fatbol ya todo es admisible, l\u00f3gico. Y si al Betis le salen bien las cosas o regular, puede ganar a cualquiera. Se habla demasiado de nuestra inferioridad. Sinceramente, pienso de otro modo, aunque reconozco que el Athletic viene con todos sus internacionales; aunque el Athletic acude a este choque con todos sus titulares. En este aspecto, Koldo goza de cierta ventaja. Porque el Betis no podr\u00e1 contar con sus dos extranjeros. Ni con Gordillo. Ni con un consumado goleador como es Anzarda, lesionado. No, no se trata de que me justifique. Pero debo decirlo para que \u201calguno\u201d se entere. Y quien me conozca debe saber que no acostumbro a preparar el ambiente ni recurro a disculpas de antemano<\/em><\/span><\/li>\n<\/ul>\n<p><span style=\"color: #008000;\"><em>Al hablar del Betis, sale a relucir el nombre de Ferenc Szusza. Y se comenta la labor realizada por el t\u00e9cnico magiar. <\/em><\/span><\/p>\n<ul>\n<li><span style=\"color: #008000;\"><em>\u00bfA usted, qu\u00e9 le ha tocado?<\/em><\/span><\/li>\n<li><span style=\"color: #008000;\"><em>He hecho lo que considero conveniente. Hice el equipo a mi modo y a mi manera. Cundo tom\u00e9 a mi cargo el equipo, nada quise saber de lo que hab\u00eda de atr\u00e1s. Ni la misi\u00f3n encargada anteriormente a \u00e9ste o a otro jugador. Alguno de los que entonces no actuaban con asiduidad, hoy es titular indiscutible<\/em><\/span><\/li>\n<\/ul>\n<p><span style=\"color: #008000;\"><em>Favoritos o v\u00edctimas. Del tema no puede escaparse Rafael Iriondo. He aqu\u00ed sus nuevos argumentos:<\/em><\/span><\/p>\n<ul>\n<li><span style=\"color: #008000;\"><em>Pienso que los partidos se ganan en el campo. Aunque el Athletic va a tener un aliento superior. No me preocupan ciertos detalles. La designaci\u00f3n del \u00e1rbitro, Garc\u00eda Carri\u00f3n, por ejemplo, me parece acertada en raz\u00f3n a la campa\u00f1a que ha realizado. Que si el Athletic es un consumado goleador\u2026Bueno, porque posee jugadores que golean. El Betis tampoco viene a defenderse preferentemente. Acude a este partido con ilusi\u00f3n y deseos de victoria. Y muchas m\u00e1s cosas que no puedo agregar, porque responden al r\u00e9gimen interno del Betis, que sabe atacar y defender seg\u00fan le corresponda. No admito esa inferioridad en la que nos est\u00e1n encasillando. S\u00f3lo nos falta acertar cuando nos acerquemos a Iribar.<\/em><\/span><\/li>\n<li><span style=\"color: #008000;\"><em>En Bilbao le temen a usted. \u00bfAcaso sabe tantas cosas de este Athletic?<\/em><\/span><\/li>\n<li><span style=\"color: #008000;\"><em>Pues no puedo saber las causas. Si yo conozco al Athletic, en el Athletic me conocen a m\u00ed de sobra. En ese caso estamos empatados<\/em><\/span><\/li>\n<\/ul>\n<p><span style=\"color: #008000;\"><em>Al descubierto, s\u00f3lo lo que Rafa Iriondo quiere descubrir. Por ejemplo\u2026<\/em><\/span><\/p>\n<ul>\n<li><span style=\"color: #008000;\"><em>Biosca ser\u00e1 quien vigile a Carlos. Reservo para Sabat\u00e9 otras funciones<\/em><\/span><\/li>\n<li><span style=\"color: #008000;\"><em>\u00bfA qu\u00e9 teme usted de su antiguo equipo?<\/em><\/span><\/li>\n<li><span style=\"color: #008000;\"><em>\u00danicamente a que est\u00e1 m\u00e1s experimentado en finales. Y a que el Athletic resulta temible en partidos de este car\u00e1cter. A que se ha visto en muchas ocasiones en esta situaci\u00f3n, mientras que el Betis es ahora cuando est\u00e1 ante su segunda oportunidad. Con todo, diga usted que mi equipo no va a saltar al Manzanares como vencido de antemano. Quien piense tal cosa, comete un error<\/em><\/span><\/li>\n<li><span style=\"color: #008000;\"><em>Pensando en que resulten vencidos, \u00bfcu\u00e1l ser\u00e1 la recompensa?<\/em><\/span><\/li>\n<li><span style=\"color: #008000;\"><em>Hay un tipo de \u201cprimas\u201d debidamente establecido. Pero en eso, no piensa nadie<\/em><\/span><\/li>\n<\/ul>\n<p><span style=\"color: #008000;\"><em>Iriondo desea tambi\u00e9n agregar, en lo relacionado con el f\u00fatbol del Norte al Sur:<\/em><\/span><\/p>\n<ul>\n<li><span style=\"color: #008000;\"><em>Este f\u00fatbol que, de una manera u otra, se ha estandarizado. La diferencia existe en el orden climatol\u00f3gico. Pero, mire usted, esta temporada hemos jugado en campos m\u00e1s embarrados que como estaba San Mam\u00e9s antiguamente. Ha llovido m\u00e1s en Sevilla que en Bilbao.<\/em><\/span><\/li>\n<\/ul>\n<p><span style=\"color: #008000;\"><em>No hubo forma de sacarle m\u00e1s. Iriondo, correcto como siempre, no se da por vencido y quiere que se vea bien a su Betis. \u00a0\u00a0<\/em><\/span><\/p>","protected":false},"excerpt":{"rendered":"<p>La entrevista que hoy traemos a Manquepierda se hizo en un momento muy importante, concretamente en la tarde del 24 de junio de 1977 en el hotel Alameda de Madrid. Era la v\u00edspera de la final de Copa contra el Athletic y el Betis, reci\u00e9n llegado desde Sevilla, se concentraba en el hotel a la&#8230;<\/p>\n","protected":false},"author":5,"featured_media":110346,"comment_status":"open","ping_status":"open","sticky":false,"template":"","format":"standard","meta":{"_kad_post_transparent":"","_kad_post_title":"","_kad_post_layout":"","_kad_post_sidebar_id":"","_kad_post_content_style":"","_kad_post_vertical_padding":"","_kad_post_feature":"","_kad_post_feature_position":"","_kad_post_header":false,"_kad_post_footer":false,"_kad_post_classname":"","_jetpack_newsletter_access":"","_jetpack_dont_email_post_to_subs":false,"_jetpack_newsletter_tier_id":0,"_jetpack_memberships_contains_paywalled_content":false,"_jetpack_feature_clip_id":0,"_jetpack_memberships_contains_paid_content":false,"footnotes":"","jetpack_publicize_message":"","jetpack_publicize_feature_enabled":true,"jetpack_social_post_already_shared":true,"jetpack_social_options":{"image_generator_settings":{"template":"highway","default_image_id":0,"font":"","enabled":false},"version":2},"jetpack_post_was_ever_published":false},"categories":[903,1],"tags":[1024,18929,18020,1215],"class_list":["post-110345","post","type-post","status-publish","format-standard","has-post-thumbnail","hentry","category-1970-1979","category-portada","tag-1024","tag-belarmino-calvo-belarmo","tag-copa-1976-77","tag-rafael-iriondo"],"jetpack_publicize_connections":[],"jetpack_sharing_enabled":true,"jetpack_shortlink":"https:\/\/wp.me\/p1ij08-sHL","jetpack-related-posts":[],"jetpack_featured_media_url":"https:\/\/i0.wp.com\/www.manquepierda.com\/historiarealbetis\/files\/2026\/08\/Entrevista-Rafael-Iriondo-1977-NMP-Marca-25-06-1977.jpg?fit=733%2C835&ssl=1","_links":{"self":[{"href":"https:\/\/www.manquepierda.com\/historiarealbetis\/wp-json\/wp\/v2\/posts\/110345","targetHints":{"allow":["GET"]}}],"collection":[{"href":"https:\/\/www.manquepierda.com\/historiarealbetis\/wp-json\/wp\/v2\/posts"}],"about":[{"href":"https:\/\/www.manquepierda.com\/historiarealbetis\/wp-json\/wp\/v2\/types\/post"}],"author":[{"embeddable":true,"href":"https:\/\/www.manquepierda.com\/historiarealbetis\/wp-json\/wp\/v2\/users\/5"}],"replies":[{"embeddable":true,"href":"https:\/\/www.manquepierda.com\/historiarealbetis\/wp-json\/wp\/v2\/comments?post=110345"}],"version-history":[{"count":4,"href":"https:\/\/www.manquepierda.com\/historiarealbetis\/wp-json\/wp\/v2\/posts\/110345\/revisions"}],"predecessor-version":[{"id":110473,"href":"https:\/\/www.manquepierda.com\/historiarealbetis\/wp-json\/wp\/v2\/posts\/110345\/revisions\/110473"}],"wp:featuredmedia":[{"embeddable":true,"href":"https:\/\/www.manquepierda.com\/historiarealbetis\/wp-json\/wp\/v2\/media\/110346"}],"wp:attachment":[{"href":"https:\/\/www.manquepierda.com\/historiarealbetis\/wp-json\/wp\/v2\/media?parent=110345"}],"wp:term":[{"taxonomy":"category","embeddable":true,"href":"https:\/\/www.manquepierda.com\/historiarealbetis\/wp-json\/wp\/v2\/categories?post=110345"},{"taxonomy":"post_tag","embeddable":true,"href":"https:\/\/www.manquepierda.com\/historiarealbetis\/wp-json\/wp\/v2\/tags?post=110345"}],"curies":[{"name":"wp","href":"https:\/\/api.w.org\/{rel}","templated":true}]}}