{"id":110349,"date":"2026-09-03T11:00:00","date_gmt":"2026-09-03T09:00:00","guid":{"rendered":"https:\/\/www.manquepierda.com\/historiarealbetis\/?p=110349"},"modified":"2026-08-21T09:19:31","modified_gmt":"2026-08-21T07:19:31","slug":"alineacion-betis-real-madrid-liga-1962","status":"publish","type":"post","link":"https:\/\/www.manquepierda.com\/historiarealbetis\/alineacion-betis-real-madrid-liga-1962\/","title":{"rendered":"Alineaci\u00f3n Betis-Real Madrid Liga 1962."},"content":{"rendered":"<div class=\"wp-block-image\">\n<figure class=\"aligncenter size-large\"><img data-recalc-dims=\"1\" loading=\"lazy\" decoding=\"async\" width=\"960\" height=\"642\" src=\"https:\/\/i0.wp.com\/www.manquepierda.com\/historiarealbetis\/files\/2026\/08\/Alineacion-Betis-Real-Madrid-Liga-1962.jpg?resize=960%2C642&#038;ssl=1\" alt=\"\" class=\"wp-image-110350\" srcset=\"https:\/\/i0.wp.com\/www.manquepierda.com\/historiarealbetis\/files\/2026\/08\/Alineacion-Betis-Real-Madrid-Liga-1962.jpg?resize=960%2C642&amp;ssl=1 960w, https:\/\/i0.wp.com\/www.manquepierda.com\/historiarealbetis\/files\/2026\/08\/Alineacion-Betis-Real-Madrid-Liga-1962.jpg?resize=680%2C455&amp;ssl=1 680w, https:\/\/i0.wp.com\/www.manquepierda.com\/historiarealbetis\/files\/2026\/08\/Alineacion-Betis-Real-Madrid-Liga-1962.jpg?resize=220%2C147&amp;ssl=1 220w, https:\/\/i0.wp.com\/www.manquepierda.com\/historiarealbetis\/files\/2026\/08\/Alineacion-Betis-Real-Madrid-Liga-1962.jpg?resize=768%2C514&amp;ssl=1 768w, https:\/\/i0.wp.com\/www.manquepierda.com\/historiarealbetis\/files\/2026\/08\/Alineacion-Betis-Real-Madrid-Liga-1962.jpg?w=1067&amp;ssl=1 1067w\" sizes=\"auto, (max-width: 960px) 100vw, 960px\" \/><\/figure>\n<\/div>\n\n<p>\u00a0<\/p>\n<p>25 de febrero de 1962 en el Villamar\u00edn Betis 2 Real Madrid 1; jornada 25 del Campeonato de Liga de Primera Divisi\u00f3n.<\/p>\n<p>En la imagen arriba Corral, Areta. Kuszmann, Grau, Montaner y Bosch; abajo Llorens, Pallar\u00e9s, Yanko, Senekowitsch y Luis.<\/p>\n<p>Adelant\u00f3 F\u00e9lix Ruiz al Madrid en el minuto 15, pero remont\u00f3 el Betis con goles de Bosch en el 26 y Luis en el 29.<\/p>\n<p>Fernando Daucik entrenaba al Betis y Miguel Mu\u00f1oz al Real Madrid.\u00a0<\/p>\n<p>\u00a0<\/p>","protected":false},"excerpt":{"rendered":"<p>\u00a0 25 de febrero de 1962 en el Villamar\u00edn Betis 2 Real Madrid 1; jornada 25 del Campeonato de Liga de Primera Divisi\u00f3n. En la imagen arriba Corral, Areta. Kuszmann, Grau, Montaner y Bosch; abajo Llorens, Pallar\u00e9s, Yanko, Senekowitsch y Luis. Adelant\u00f3 F\u00e9lix Ruiz al Madrid en el minuto 15, pero remont\u00f3 el Betis con&#8230;<\/p>\n","protected":false},"author":5,"featured_media":110350,"comment_status":"open","ping_status":"open","sticky":false,"template":"","format":"standard","meta":{"_kad_post_transparent":"","_kad_post_title":"","_kad_post_layout":"","_kad_post_sidebar_id":"","_kad_post_content_style":"","_kad_post_vertical_padding":"","_kad_post_feature":"","_kad_post_feature_position":"","_kad_post_header":false,"_kad_post_footer":false,"_kad_post_classname":"","_jetpack_newsletter_access":"","_jetpack_dont_email_post_to_subs":false,"_jetpack_newsletter_tier_id":0,"_jetpack_memberships_contains_paywalled_content":false,"_jetpack_feature_clip_id":0,"_jetpack_memberships_contains_paid_content":false,"footnotes":"","jetpack_publicize_message":"","jetpack_publicize_feature_enabled":true,"jetpack_social_post_already_shared":true,"jetpack_social_options":{"image_generator_settings":{"template":"highway","default_image_id":0,"font":"","enabled":false},"version":2},"jetpack_post_was_ever_published":false},"categories":[902,1],"tags":[5369,1379,3159,1317,1615,4300,3508,5859,2203,17905,1456,1351,13362,1008],"class_list":["post-110349","post","type-post","status-publish","format-standard","has-post-thumbnail","hentry","category-1960-1969","category-portada","tag-5369","tag-andres-bosch","tag-antonio-pallares","tag-esteban-areta","tag-francisco-grau","tag-helmut-senekowitsch","tag-janos-kuszmann","tag-jose-maria-corral","tag-jose-maria-garcia-montaner","tag-liga-primera-1961-62","tag-luis-aragones","tag-luis-llorens","tag-real-madrid-cf","tag-yanko-daucick"],"jetpack_publicize_connections":[],"jetpack_sharing_enabled":true,"jetpack_shortlink":"https:\/\/wp.me\/p1ij08-sHP","jetpack-related-posts":[],"jetpack_featured_media_url":"https:\/\/i0.wp.com\/www.manquepierda.com\/historiarealbetis\/files\/2026\/08\/Alineacion-Betis-Real-Madrid-Liga-1962.jpg?fit=1067%2C714&ssl=1","_links":{"self":[{"href":"https:\/\/www.manquepierda.com\/historiarealbetis\/wp-json\/wp\/v2\/posts\/110349","targetHints":{"allow":["GET"]}}],"collection":[{"href":"https:\/\/www.manquepierda.com\/historiarealbetis\/wp-json\/wp\/v2\/posts"}],"about":[{"href":"https:\/\/www.manquepierda.com\/historiarealbetis\/wp-json\/wp\/v2\/types\/post"}],"author":[{"embeddable":true,"href":"https:\/\/www.manquepierda.com\/historiarealbetis\/wp-json\/wp\/v2\/users\/5"}],"replies":[{"embeddable":true,"href":"https:\/\/www.manquepierda.com\/historiarealbetis\/wp-json\/wp\/v2\/comments?post=110349"}],"version-history":[{"count":3,"href":"https:\/\/www.manquepierda.com\/historiarealbetis\/wp-json\/wp\/v2\/posts\/110349\/revisions"}],"predecessor-version":[{"id":110353,"href":"https:\/\/www.manquepierda.com\/historiarealbetis\/wp-json\/wp\/v2\/posts\/110349\/revisions\/110353"}],"wp:featuredmedia":[{"embeddable":true,"href":"https:\/\/www.manquepierda.com\/historiarealbetis\/wp-json\/wp\/v2\/media\/110350"}],"wp:attachment":[{"href":"https:\/\/www.manquepierda.com\/historiarealbetis\/wp-json\/wp\/v2\/media?parent=110349"}],"wp:term":[{"taxonomy":"category","embeddable":true,"href":"https:\/\/www.manquepierda.com\/historiarealbetis\/wp-json\/wp\/v2\/categories?post=110349"},{"taxonomy":"post_tag","embeddable":true,"href":"https:\/\/www.manquepierda.com\/historiarealbetis\/wp-json\/wp\/v2\/tags?post=110349"}],"curies":[{"name":"wp","href":"https:\/\/api.w.org\/{rel}","templated":true}]}}