{"id":11052,"date":"2011-05-08T07:53:38","date_gmt":"2011-05-08T06:53:38","guid":{"rendered":"http:\/\/www.manquepierda.com\/historiarealbetis\/?p=11052"},"modified":"2017-05-08T07:31:50","modified_gmt":"2017-05-08T05:31:50","slug":"catacumbas-beticas-de-antonio-burgos","status":"publish","type":"post","link":"https:\/\/www.manquepierda.com\/historiarealbetis\/catacumbas-beticas-de-antonio-burgos\/","title":{"rendered":"Catacumbas b\u00e9ticas, de Antonio Burgos"},"content":{"rendered":"<p>&nbsp;<\/p>\n<figure id=\"attachment_11053\" aria-describedby=\"caption-attachment-11053\" style=\"width: 106px\" class=\"wp-caption aligncenter\"><a href=\"https:\/\/i0.wp.com\/www.manquepierda.com\/historiarealbetis\/files\/2011\/05\/Catacumbas-b%C3%A9ticas-de-Antonio-Burgos-NMP-ABC-6-7-1989.jpg?ssl=1\"><img data-recalc-dims=\"1\" loading=\"lazy\" decoding=\"async\" class=\"size-medium wp-image-11053\" src=\"https:\/\/i0.wp.com\/www.manquepierda.com\/historiarealbetis\/files\/2011\/05\/Catacumbas-b%C3%A9ticas-de-Antonio-Burgos-NMP-ABC-6-7-1989.jpg?resize=106%2C300&#038;ssl=1\" alt=\"\" width=\"106\" height=\"300\" srcset=\"https:\/\/i0.wp.com\/www.manquepierda.com\/historiarealbetis\/files\/2011\/05\/Catacumbas-b%C3%A9ticas-de-Antonio-Burgos-NMP-ABC-6-7-1989.jpg?resize=106%2C300&amp;ssl=1 106w, https:\/\/i0.wp.com\/www.manquepierda.com\/historiarealbetis\/files\/2011\/05\/Catacumbas-b%C3%A9ticas-de-Antonio-Burgos-NMP-ABC-6-7-1989.jpg?zoom=2&amp;resize=106%2C300&amp;ssl=1 212w, https:\/\/i0.wp.com\/www.manquepierda.com\/historiarealbetis\/files\/2011\/05\/Catacumbas-b%C3%A9ticas-de-Antonio-Burgos-NMP-ABC-6-7-1989.jpg?zoom=3&amp;resize=106%2C300&amp;ssl=1 318w\" sizes=\"auto, (max-width: 106px) 100vw, 106px\" \/><\/a><figcaption id=\"caption-attachment-11053\" class=\"wp-caption-text\">Fuente: ABC 6 de Julio de 1989<\/figcaption><\/figure>\n<p>&nbsp;<\/p>\n<p>El 2 de Julio de 1989 se consumaba un nuevo descenso del Betis a Segunda Divisi\u00f3n. La victoria por 1-0 en el partido de vuelta de la Promoci\u00f3n a Primera Divisi\u00f3n fue insuficiente despu\u00e9s del ignominioso partido \u00abdisputado\u00bb por el equipo b\u00e9tico 4 d\u00edas antes en el Heliodoro Rodr\u00edguez, donde cay\u00f3 derrotado por 4 a 0.<\/p>\n<p>El Villamar\u00edn se llen\u00f3 para alentar a los suyos, y aunque desde muy pronto se vi\u00f3 que la misi\u00f3n era imposible nunca falt\u00f3 el apoyo de la grada. Un gol de Chano a falta de 10 minutos no sirvi\u00f3 para nada.<\/p>\n<p>Al finalizar el partido la afici\u00f3n core\u00f3 de forma espectacular el Beeetis, Beeetis, Beeetis, demostrando una vez m\u00e1s el apoyo sincero y sin condicionantes a la causa de las trece barras.<\/p>\n<p>El periodista Antonio Burgos en su Recuadro de ABC as\u00ed nos cont\u00f3 lo vivido 4 d\u00edas despu\u00e9s:<\/p>\n<p><span style=\"color: #008000\"><strong>Catacumbas b\u00e9ticas<\/strong><\/span><\/p>\n<p><span style=\"color: #008000\"><em>Ya est\u00e1bamos en Segunda. Los tinerfe\u00f1os disparaban cohetes, que sonaban sobre el cielo de Heli\u00f3polis como si estuvieran pasando las carretas de Dos Hermanas camino del Roc\u00edo. Todo estaba perdido, menos la afici\u00f3n. Y fue entonces que el \u00e1rbitro de cuyo nombre no debo acordarme \u00a0pit\u00f3 el final del partido, que se elev\u00f3 el grito, la ola, el clamor, el sentimiento, lento y solemne como una retirada honrosa, largo y emocionado como un adi\u00f3s: \u201cBeeeeeetis, Beeeeeetis, Beeeeeetis,\u2026\u201d<\/em><\/span><\/p>\n<p><span style=\"color: #008000\"><em>\u00bfHabr\u00e1 que decirles que me emocion\u00e9 oy\u00e9ndolo? No solamente me emocion\u00e9 oy\u00e9ndolo, sino que me volv\u00ed a emocionar cuando la otra ma\u00f1ana se lo contaba a Rogelio, el hijo de Trif\u00f3n:<\/em><\/span><\/p>\n<p><span style=\"color: #008000\">&#8211;\u00a0\u00a0\u00a0\u00a0\u00a0\u00a0\u00a0\u00a0\u00a0 <em> Mira Rogelio, y cuando m\u00e1s fuerte sonaba el grito era cuando el partido estaba ya perdido y est\u00e1bamos en Segunda: \u201cBeeeeeetis, Beeeeeetis, Beeeeeetis\u2026\u201d<\/em><\/span><\/p>\n<p><span style=\"color: #008000\"><em>Yo s\u00e9 que a Rogelio se le pusieron los vellos de punta sin que me lo dijera. Porque con el cuchillo de cortar jam\u00f3n en la mano, el honroso cetro que recibi\u00f3, con el beticismo, de su padre, me dijo:<\/em><\/span><\/p>\n<p><span style=\"color: #008000\">&#8211;\u00a0\u00a0\u00a0\u00a0\u00a0\u00a0\u00a0\u00a0\u00a0 <em>\u00a1Eso es lo m\u00e1s grande del mundo\u2026\u00a1 <\/em><\/span><\/p>\n<p><span style=\"color: #008000\"><em>Y me cont\u00f3 la historia de Trif\u00f3n. A Trif\u00f3n, que el Betis tenga en la verde yerba de su gloria, le dio un ataque muy malo al coraz\u00f3n y lo llevaron m\u00e1s muerto que vivo a la cl\u00ednica del Sagrado Coraz\u00f3n. Estaba all\u00ed el pobre Trif\u00f3n con una sonda nasal, con los cables del electrocardiograma, con otra sonda hacia el est\u00f3mago, con el suero puesto\u2026Un verdadero desastre cl\u00ednico. Pero era domingo, y jugaba el Betis con el Valencia, y fue entonces aquel parad\u00f3n que el mismo Kempes aplaudi\u00f3. Y son\u00f3 el grito, \u201cBeeeetis, Beeeetis, Beeeetis\u201d. El monta\u00f1\u00e9s Trif\u00f3n, medio en coma, lo o\u00eda, y no sab\u00eda si es que estaba ya en la misma gloria. Y fue que le pregunt\u00f3 al enfermero:<\/em><\/span><\/p>\n<p><span style=\"color: #008000\">&#8211;\u00a0\u00a0\u00a0\u00a0\u00a0\u00a0\u00a0\u00a0\u00a0 <em>\u00bfD\u00f3nde estoy?<\/em><\/span><\/p>\n<p><span style=\"color: #008000\">&#8211;\u00a0\u00a0\u00a0\u00a0\u00a0\u00a0\u00a0\u00a0\u00a0 <em>En la Cl\u00ednica del Sagrado Coraz\u00f3n\u2026<\/em><\/span><\/p>\n<p><span style=\"color: #008000\">&#8211;\u00a0\u00a0\u00a0\u00a0\u00a0\u00a0\u00a0\u00a0\u00a0 <em>S\u00ed, yo s\u00e9 que me ha dado una cosa, y que me han tra\u00eddo muy malo, \u00bfpero d\u00f3nde est\u00e1 esto?<\/em><\/span><\/p>\n<p><span style=\"color: #008000\">&#8211;\u00a0\u00a0\u00a0\u00a0\u00a0\u00a0\u00a0\u00a0\u00a0 <em>Pues junto al campo del Betis, le dijo el enfermero, mire usted\u2026<\/em><\/span><\/p>\n<p><span style=\"color: #008000\"><em>Y descorriendo un visillo, Trif\u00f3n pudo ver la tribuna de su Betis en toda la plenitud de la gloria. Y no s\u00f3lo recobr\u00f3 el conocimiento con la alegr\u00eda del sonido de victoria que tra\u00edan aquellos gritos, sino que aquella misma noche, le pudieron quitar el suero, la sonda y todas las gomas y los cables. La cercan\u00eda de la gracia hab\u00eda sanado a Trif\u00f3n.<\/em><\/span><\/p>\n<p><span style=\"color: #008000\"><em>Digo esto para demostrar algo que ha quedado claro en estos d\u00edas amargos del descenso a Segunda: al Betis le queda su afici\u00f3n, s\u00ed, y al Betis le queda ni m\u00e1s ni menos que algo tan grande como su propia mitolog\u00eda literaria, alimento de la afici\u00f3n. Hay que ser fieles para dejar la playa un domingo de julio, con la que estaba cayendo, y venir a Heli\u00f3polis y, despu\u00e9s de presenciar el mayor mitin que ha pegado el equipo en los \u00faltimos dos o tres siglos, tener todav\u00eda \u00e1nimos para, una vez terminado el partido, hacer la protestaci\u00f3n de fe que era ese grito largo, pausado, como un coro tr\u00e1gico que acompa\u00f1ara a un personaje marcado por la desgracia en su derrota y muerte: \u201cBeeeetis, Beeeetis, Beeeetis\u2026\u201d<\/em><\/span><\/p>\n<p><span style=\"color: #008000\"><em>A m\u00ed me sonaba aquel grito como el c\u00e1ntico de los cristianos perseguidos en las catacumbas de la Segunda Divisi\u00f3n, pero con todo honor y gloria. Los gritos de Heli\u00f3polis estaban volviendo a escribir el verso macho de Miguel Hern\u00e1ndez: \u201cComo el toro me crezco en el castigo\u2026\u201d All\u00ed estaba el Betis, crecido en el castigo, un mito en pi\u00e9, una literatura de escritura autom\u00e1tica.<\/em><\/span><\/p>\n<p><span style=\"color: #008000\"><em>Vendr\u00e1n, se\u00f1ores b\u00e9ticos, tardes de gloria. No hay mal que cien a\u00f1os dure ni Retamero que lo resista. Vendr\u00e1n esos d\u00edas. Esos d\u00edas de gloria est\u00e1n ya ganados desde las catacumbas, el calor de fuego de aquel purgatorio del domingo de julio, donde Rommel atacaba de nuevo en el desierto. <\/em><\/span><\/p>\n<p><em><span style=\"color: #008000\">Quien ante la adversidad tiene esa fe en el grito colectivo, es que existe. El Betis existe, pleno y honroso, que yo lo he o\u00eddo el domingo, desde las catacumbas de la calor. Tenemos afici\u00f3n. Tenemos mitolog\u00eda. Porque sabemos que el Betis es una filosof\u00eda de vida, un sentimiento tr\u00e1gico en esta tierra alegre\u2026 El Betis es B\u00e9cquer puro, porque tiene \u201calegre la tristeza y triste el vino\u201d.<\/span> <\/em><\/p>\n<p>&nbsp;<\/p>\n","protected":false},"excerpt":{"rendered":"<p>&nbsp; &nbsp; El 2 de Julio de 1989 se consumaba un nuevo descenso del Betis a Segunda Divisi\u00f3n. La victoria por 1-0 en el partido de vuelta de la Promoci\u00f3n a Primera Divisi\u00f3n fue insuficiente despu\u00e9s del ignominioso partido \u00abdisputado\u00bb por el equipo b\u00e9tico 4 d\u00edas antes en el Heliodoro Rodr\u00edguez, donde cay\u00f3 derrotado por&#8230;<\/p>\n","protected":false},"author":5,"featured_media":11053,"comment_status":"open","ping_status":"open","sticky":false,"template":"","format":"standard","meta":{"_kad_post_transparent":"","_kad_post_title":"","_kad_post_layout":"","_kad_post_sidebar_id":"","_kad_post_content_style":"","_kad_post_vertical_padding":"","_kad_post_feature":"","_kad_post_feature_position":"","_kad_post_header":false,"_kad_post_footer":false,"_kad_post_classname":"","_jetpack_memberships_contains_paid_content":false,"footnotes":"","jetpack_publicize_message":"","jetpack_publicize_feature_enabled":true,"jetpack_social_post_already_shared":false,"jetpack_social_options":{"image_generator_settings":{"template":"highway","default_image_id":0,"font":"","enabled":false},"version":2}},"categories":[1,1176],"tags":[2116],"class_list":["post-11052","post","type-post","status-publish","format-standard","has-post-thumbnail","hentry","category-portada","category-relatos-de-futbol","tag-antonio-burgos"],"jetpack_publicize_connections":[],"jetpack_featured_media_url":"https:\/\/i0.wp.com\/www.manquepierda.com\/historiarealbetis\/files\/2011\/05\/Catacumbas-b%C3%A9ticas-de-Antonio-Burgos-NMP-ABC-6-7-1989.jpg?fit=330%2C928&ssl=1","jetpack_sharing_enabled":true,"jetpack_shortlink":"https:\/\/wp.me\/p1ij08-2Sg","jetpack-related-posts":[],"_links":{"self":[{"href":"https:\/\/www.manquepierda.com\/historiarealbetis\/wp-json\/wp\/v2\/posts\/11052","targetHints":{"allow":["GET"]}}],"collection":[{"href":"https:\/\/www.manquepierda.com\/historiarealbetis\/wp-json\/wp\/v2\/posts"}],"about":[{"href":"https:\/\/www.manquepierda.com\/historiarealbetis\/wp-json\/wp\/v2\/types\/post"}],"author":[{"embeddable":true,"href":"https:\/\/www.manquepierda.com\/historiarealbetis\/wp-json\/wp\/v2\/users\/5"}],"replies":[{"embeddable":true,"href":"https:\/\/www.manquepierda.com\/historiarealbetis\/wp-json\/wp\/v2\/comments?post=11052"}],"version-history":[{"count":0,"href":"https:\/\/www.manquepierda.com\/historiarealbetis\/wp-json\/wp\/v2\/posts\/11052\/revisions"}],"wp:featuredmedia":[{"embeddable":true,"href":"https:\/\/www.manquepierda.com\/historiarealbetis\/wp-json\/wp\/v2\/media\/11053"}],"wp:attachment":[{"href":"https:\/\/www.manquepierda.com\/historiarealbetis\/wp-json\/wp\/v2\/media?parent=11052"}],"wp:term":[{"taxonomy":"category","embeddable":true,"href":"https:\/\/www.manquepierda.com\/historiarealbetis\/wp-json\/wp\/v2\/categories?post=11052"},{"taxonomy":"post_tag","embeddable":true,"href":"https:\/\/www.manquepierda.com\/historiarealbetis\/wp-json\/wp\/v2\/tags?post=11052"}],"curies":[{"name":"wp","href":"https:\/\/api.w.org\/{rel}","templated":true}]}}