{"id":11064,"date":"2011-05-09T06:15:55","date_gmt":"2011-05-09T05:15:55","guid":{"rendered":"http:\/\/www.manquepierda.com\/historiarealbetis\/?p=11064"},"modified":"2024-08-26T20:29:03","modified_gmt":"2024-08-26T18:29:03","slug":"fichaje-de-alfredo-megido-1976","status":"publish","type":"post","link":"https:\/\/www.manquepierda.com\/historiarealbetis\/fichaje-de-alfredo-megido-1976\/","title":{"rendered":"Fichaje de Alfredo Megido 1976"},"content":{"rendered":"<figure id=\"attachment_11066\" aria-describedby=\"caption-attachment-11066\" style=\"width: 300px\" class=\"wp-caption aligncenter\"><a href=\"https:\/\/i0.wp.com\/www.manquepierda.com\/historiarealbetis\/files\/2011\/05\/El-fichaje-de-Alfredo-Megido-1976-NMP-Nueva-Andaluc%C3%ADa-25-9-1976.jpg?ssl=1\"><img data-recalc-dims=\"1\" loading=\"lazy\" decoding=\"async\" class=\"size-medium wp-image-11066\" src=\"https:\/\/i0.wp.com\/www.manquepierda.com\/historiarealbetis\/files\/2011\/05\/El-fichaje-de-Alfredo-Megido-1976-NMP-Nueva-Andaluc%C3%ADa-25-9-1976.jpg?resize=300%2C190&#038;ssl=1\" alt=\"\" width=\"300\" height=\"190\" srcset=\"https:\/\/i0.wp.com\/www.manquepierda.com\/historiarealbetis\/files\/2011\/05\/El-fichaje-de-Alfredo-Megido-1976-NMP-Nueva-Andaluc%C3%ADa-25-9-1976.jpg?resize=300%2C190&amp;ssl=1 300w, https:\/\/i0.wp.com\/www.manquepierda.com\/historiarealbetis\/files\/2011\/05\/El-fichaje-de-Alfredo-Megido-1976-NMP-Nueva-Andaluc%C3%ADa-25-9-1976.jpg?w=988&amp;ssl=1 988w\" sizes=\"auto, (max-width: 300px) 100vw, 300px\" \/><\/a><figcaption id=\"caption-attachment-11066\" class=\"wp-caption-text\">Fuente: Nueva Andaluc\u00eda 25 de Septiembre de 1976<\/figcaption><\/figure>\n<p>Antonio Pichi, Ferenc Szusza y Alfredo Megido<\/p>\n<p>&nbsp;<\/p>\n<p>El 24 de Septiembre de 1976 el Betis anunciaba el fichaje de Alfredo Megido procedente del Granada por un importe de 12 millones de pesetas y la cesi\u00f3n al club rojiblanco de Jos\u00e9 Antonio Eulate, aunque \u00e9sta finalmente no se llevar\u00eda a acabo.<\/p>\n<figure id=\"attachment_11070\" aria-describedby=\"caption-attachment-11070\" style=\"width: 300px\" class=\"wp-caption aligncenter\"><a href=\"https:\/\/i0.wp.com\/www.manquepierda.com\/historiarealbetis\/files\/2011\/05\/El-fichaje-de-Alfredo-Megido-1976-2-NMP-Nueva-Andaluc%C3%ADa-25-9-1976.jpg?ssl=1\"><img data-recalc-dims=\"1\" loading=\"lazy\" decoding=\"async\" class=\"size-medium wp-image-11070\" src=\"https:\/\/i0.wp.com\/www.manquepierda.com\/historiarealbetis\/files\/2011\/05\/El-fichaje-de-Alfredo-Megido-1976-2-NMP-Nueva-Andaluc%C3%ADa-25-9-1976.jpg?resize=300%2C193&#038;ssl=1\" alt=\"\" width=\"300\" height=\"193\" srcset=\"https:\/\/i0.wp.com\/www.manquepierda.com\/historiarealbetis\/files\/2011\/05\/El-fichaje-de-Alfredo-Megido-1976-2-NMP-Nueva-Andaluc%C3%ADa-25-9-1976.jpg?resize=300%2C193&amp;ssl=1 300w, https:\/\/i0.wp.com\/www.manquepierda.com\/historiarealbetis\/files\/2011\/05\/El-fichaje-de-Alfredo-Megido-1976-2-NMP-Nueva-Andaluc%C3%ADa-25-9-1976.jpg?w=794&amp;ssl=1 794w\" sizes=\"auto, (max-width: 300px) 100vw, 300px\" \/><\/a><figcaption id=\"caption-attachment-11070\" class=\"wp-caption-text\">Fuente: Nueva Andaluc\u00eda 25 de Septiembre de 1976<\/figcaption><\/figure>\n<p>En la imagen Alfredo Megido es presentado a\u00a0 Vicente Montiel ante Adolfo Palomino, Rogelio Sosa y Julio Carde\u00f1osa<\/p>\n<p>&nbsp;<\/p>\n<p>Alfredo Megido era un jugador de gran calidad t\u00e9cnica que empez\u00f3 a jugar en el Sporting de Gij\u00f3n con 18 a\u00f1os con Luis Cid Carriega como entrenador. Internacional con la selecci\u00f3n sub-23 y con la absoluta pas\u00f3 posteriormente al Granada. En ambos equipos dej\u00f3 fama de jugador d\u00edscolo y conflictivo.<\/p>\n<p>El Betis se fij\u00f3 en \u00e9l para reforzar la delantera, tras unos malos comienzos en la pretemporada de la campa\u00f1a 1976-77 y 3 derrotas consecutivas en los\u00a0 primeros encuentros de Liga frente a H\u00e9rcules, Sevilla y Burgos, lo que le llev\u00f3 a los \u00faltimos lugares de la clasificaci\u00f3n, adem\u00e1s de\u00a0 una derrota en Copa frente al Baracaldo.<\/p>\n<p>Se le fich\u00f3 por lo tanto con la Liga comenzada, debutando en la quinta jornada en el campo de Mestalla un 3 de Octubre de 1976 donde el Betis se impuso 2-3.<\/p>\n<p>&nbsp;<\/p>\n<figure id=\"attachment_11069\" aria-describedby=\"caption-attachment-11069\" style=\"width: 121px\" class=\"wp-caption aligncenter\"><a href=\"https:\/\/i0.wp.com\/www.manquepierda.com\/historiarealbetis\/files\/2011\/05\/El-fichaje-de-Alfredo-Megido-1976-1-NMP-Nueva-Andaluc%C3%ADa-25-9-1976.jpg?ssl=1\"><img data-recalc-dims=\"1\" loading=\"lazy\" decoding=\"async\" class=\"size-medium wp-image-11069\" src=\"https:\/\/i0.wp.com\/www.manquepierda.com\/historiarealbetis\/files\/2011\/05\/El-fichaje-de-Alfredo-Megido-1976-1-NMP-Nueva-Andaluc%C3%ADa-25-9-1976.jpg?resize=121%2C300&#038;ssl=1\" alt=\"\" width=\"121\" height=\"300\" srcset=\"https:\/\/i0.wp.com\/www.manquepierda.com\/historiarealbetis\/files\/2011\/05\/El-fichaje-de-Alfredo-Megido-1976-1-NMP-Nueva-Andaluc%C3%ADa-25-9-1976.jpg?resize=121%2C300&amp;ssl=1 121w, https:\/\/i0.wp.com\/www.manquepierda.com\/historiarealbetis\/files\/2011\/05\/El-fichaje-de-Alfredo-Megido-1976-1-NMP-Nueva-Andaluc%C3%ADa-25-9-1976.jpg?resize=414%2C1024&amp;ssl=1 414w, https:\/\/i0.wp.com\/www.manquepierda.com\/historiarealbetis\/files\/2011\/05\/El-fichaje-de-Alfredo-Megido-1976-1-NMP-Nueva-Andaluc%C3%ADa-25-9-1976.jpg?w=418&amp;ssl=1 418w\" sizes=\"auto, (max-width: 121px) 100vw, 121px\" \/><\/a><figcaption id=\"caption-attachment-11069\" class=\"wp-caption-text\">Fuente: Nueva Andaluc\u00eda 25 de Septiembre de 1976<\/figcaption><\/figure>\n","protected":false},"excerpt":{"rendered":"<p>Antonio Pichi, Ferenc Szusza y Alfredo Megido &nbsp; El 24 de Septiembre de 1976 el Betis anunciaba el fichaje de Alfredo Megido procedente del Granada por un importe de 12 millones de pesetas y la cesi\u00f3n al club rojiblanco de Jos\u00e9 Antonio Eulate, aunque \u00e9sta finalmente no se llevar\u00eda a acabo. En la imagen Alfredo&#8230;<\/p>\n","protected":false},"author":5,"featured_media":11066,"comment_status":"open","ping_status":"open","sticky":false,"template":"","format":"standard","meta":{"_kad_post_transparent":"","_kad_post_title":"","_kad_post_layout":"","_kad_post_sidebar_id":"","_kad_post_content_style":"","_kad_post_vertical_padding":"","_kad_post_feature":"","_kad_post_feature_position":"","_kad_post_header":false,"_kad_post_footer":false,"_kad_post_classname":"","_jetpack_memberships_contains_paid_content":false,"footnotes":"","jetpack_publicize_message":"","jetpack_publicize_feature_enabled":true,"jetpack_social_post_already_shared":false,"jetpack_social_options":{"image_generator_settings":{"template":"highway","default_image_id":0,"font":"","enabled":false},"version":2}},"categories":[903,893],"tags":[1556,2238,1465,3099,1092,3134,1155,1396,1606],"class_list":["post-11064","post","type-post","status-publish","format-standard","has-post-thumbnail","hentry","category-1970-1979","category-jugadores-temas","tag-1556","tag-1976-77","tag-alfredo-megido","tag-antonio-picchi","tag-ferenc-szusza","tag-granada-cf","tag-julio-cardenosa","tag-rogelio-sosa","tag-vicente-montiel"],"jetpack_publicize_connections":[],"jetpack_featured_media_url":"https:\/\/i0.wp.com\/www.manquepierda.com\/historiarealbetis\/files\/2011\/05\/El-fichaje-de-Alfredo-Megido-1976-NMP-Nueva-Andaluc%C3%ADa-25-9-1976.jpg?fit=988%2C628&ssl=1","jetpack_sharing_enabled":true,"jetpack_shortlink":"https:\/\/wp.me\/p1ij08-2Ss","jetpack-related-posts":[],"_links":{"self":[{"href":"https:\/\/www.manquepierda.com\/historiarealbetis\/wp-json\/wp\/v2\/posts\/11064","targetHints":{"allow":["GET"]}}],"collection":[{"href":"https:\/\/www.manquepierda.com\/historiarealbetis\/wp-json\/wp\/v2\/posts"}],"about":[{"href":"https:\/\/www.manquepierda.com\/historiarealbetis\/wp-json\/wp\/v2\/types\/post"}],"author":[{"embeddable":true,"href":"https:\/\/www.manquepierda.com\/historiarealbetis\/wp-json\/wp\/v2\/users\/5"}],"replies":[{"embeddable":true,"href":"https:\/\/www.manquepierda.com\/historiarealbetis\/wp-json\/wp\/v2\/comments?post=11064"}],"version-history":[{"count":1,"href":"https:\/\/www.manquepierda.com\/historiarealbetis\/wp-json\/wp\/v2\/posts\/11064\/revisions"}],"predecessor-version":[{"id":97909,"href":"https:\/\/www.manquepierda.com\/historiarealbetis\/wp-json\/wp\/v2\/posts\/11064\/revisions\/97909"}],"wp:featuredmedia":[{"embeddable":true,"href":"https:\/\/www.manquepierda.com\/historiarealbetis\/wp-json\/wp\/v2\/media\/11066"}],"wp:attachment":[{"href":"https:\/\/www.manquepierda.com\/historiarealbetis\/wp-json\/wp\/v2\/media?parent=11064"}],"wp:term":[{"taxonomy":"category","embeddable":true,"href":"https:\/\/www.manquepierda.com\/historiarealbetis\/wp-json\/wp\/v2\/categories?post=11064"},{"taxonomy":"post_tag","embeddable":true,"href":"https:\/\/www.manquepierda.com\/historiarealbetis\/wp-json\/wp\/v2\/tags?post=11064"}],"curies":[{"name":"wp","href":"https:\/\/api.w.org\/{rel}","templated":true}]}}