{"id":11085,"date":"2011-05-08T18:30:56","date_gmt":"2011-05-08T17:30:56","guid":{"rendered":"http:\/\/www.manquepierda.com\/historiarealbetis\/?p=11085"},"modified":"2024-08-25T18:40:23","modified_gmt":"2024-08-25T16:40:23","slug":"1956-05-20-liguilla-real-betis-balompie-6-club-deportivo-alaves-0","status":"publish","type":"post","link":"https:\/\/www.manquepierda.com\/historiarealbetis\/1956-05-20-liguilla-real-betis-balompie-6-club-deportivo-alaves-0\/","title":{"rendered":"1956-05-20-Liguilla-Real Betis Balompi\u00e9-6 Club Deportivo Alav\u00e9s-0"},"content":{"rendered":"<p style=\"text-align: center\"><a href=\"https:\/\/i0.wp.com\/www.manquepierda.com\/historiarealbetis\/files\/2011\/05\/19550520.jpg?ssl=1\"><img data-recalc-dims=\"1\" loading=\"lazy\" decoding=\"async\" class=\"aligncenter size-full wp-image-11086\" src=\"https:\/\/i0.wp.com\/www.manquepierda.com\/historiarealbetis\/files\/2011\/05\/19550520.jpg?resize=640%2C411&#038;ssl=1\" alt=\"\" width=\"640\" height=\"411\" srcset=\"https:\/\/i0.wp.com\/www.manquepierda.com\/historiarealbetis\/files\/2011\/05\/19550520.jpg?w=640&amp;ssl=1 640w, https:\/\/i0.wp.com\/www.manquepierda.com\/historiarealbetis\/files\/2011\/05\/19550520.jpg?resize=300%2C192&amp;ssl=1 300w\" sizes=\"auto, (max-width: 640px) 100vw, 640px\" \/><\/a>Foto Miguel-gentilmente cedida por Jos\u00e9 Antonio \u00c1lvarez S\u00e1nchez.<\/p>\n<p style=\"text-align: center\"><strong>De pie y de izquierda a derecha:<\/strong><\/p>\n<p style=\"text-align: left\"><strong>AM\u00c9RICO Canas Mart\u00edn (Titular); PORTU-Jos\u00e9 Besteiro Fari\u00f1as, Julio G\u00f3mez VILARI\u00d1O, FELIPE Alberto Lu\u00eds, Jos\u00e9 CABRERA Baz\u00e1n, Manuel LORA Gancedo y EUGENIO V\u00e1zquez L\u00f3pez (Suplente).<\/strong><\/p>\n<p style=\"text-align: center\"><strong>Agachados, mismo orden:<\/strong><\/p>\n<p style=\"text-align: left\"><strong>Carlos Santiago de CELA Pereira, Tom\u00e1s GUERRERO Fern\u00e1ndez, BOTELLA-Jos\u00e9 Garc\u00eda Garc\u00eda, Eduardo SOBRADO V\u00e1zquez y Lu\u00eds DEL SOL Cascajares.<\/strong><\/p>\n<p style=\"text-align: left\"><strong>Domingo 20-Mayo-1956, 18&#8217;15 Horas.-3\u00aa Jornada-Liguilla Ascenso Primera Divisi\u00f3n-1955\/1956.-Tarde espl\u00e9ndida para la afici\u00f3n verdiblanca.<br \/>\n<\/strong><\/p>\n<p style=\"text-align: left\"><strong>Arbitr\u00f3 el colegiado navarro Daniel Mar\u00eda Zariquiegui Izco, discreto sin influir en el resultado.<\/strong><\/p>\n<p style=\"text-align: center\"><strong><a href=\"https:\/\/i0.wp.com\/www.manquepierda.com\/historiarealbetis\/files\/2011\/05\/escanear00721.jpg?ssl=1\"><img data-recalc-dims=\"1\" loading=\"lazy\" decoding=\"async\" class=\"aligncenter size-full wp-image-11087\" src=\"https:\/\/i0.wp.com\/www.manquepierda.com\/historiarealbetis\/files\/2011\/05\/escanear00721.jpg?resize=335%2C402&#038;ssl=1\" alt=\"\" width=\"335\" height=\"402\" srcset=\"https:\/\/i0.wp.com\/www.manquepierda.com\/historiarealbetis\/files\/2011\/05\/escanear00721.jpg?w=335&amp;ssl=1 335w, https:\/\/i0.wp.com\/www.manquepierda.com\/historiarealbetis\/files\/2011\/05\/escanear00721.jpg?resize=250%2C300&amp;ssl=1 250w\" sizes=\"auto, (max-width: 335px) 100vw, 335px\" \/><\/a>Presidente, don Benito Villamar\u00edn Prieto (1956-1957 \u00e1 1965-1966).<br \/>\n<\/strong><\/p>\n<p style=\"text-align: center\"><strong><a href=\"https:\/\/i0.wp.com\/www.manquepierda.com\/historiarealbetis\/files\/2011\/05\/escanear0005.jpg?ssl=1\"><img data-recalc-dims=\"1\" loading=\"lazy\" decoding=\"async\" class=\"aligncenter size-full wp-image-11088\" src=\"https:\/\/i0.wp.com\/www.manquepierda.com\/historiarealbetis\/files\/2011\/05\/escanear0005.jpg?resize=327%2C312&#038;ssl=1\" alt=\"\" width=\"327\" height=\"312\" srcset=\"https:\/\/i0.wp.com\/www.manquepierda.com\/historiarealbetis\/files\/2011\/05\/escanear0005.jpg?w=327&amp;ssl=1 327w, https:\/\/i0.wp.com\/www.manquepierda.com\/historiarealbetis\/files\/2011\/05\/escanear0005.jpg?resize=300%2C286&amp;ssl=1 300w\" sizes=\"auto, (max-width: 327px) 100vw, 327px\" \/><\/a>Entrenador, Jos\u00e9 Valera Nocera (a) \u00abPepe Valera\u00bb (1955-1956 \u00e1 1956-1957).<br \/>\n<\/strong><\/p>\n<p style=\"text-align: left\"><strong>REAL BETIS BALOMPI\u00c9-6 Goles.<\/strong><\/p>\n<p style=\"text-align: left\"><strong><em>1-0, 29 minutos: BOTELLA. <\/em><\/strong><\/p>\n<p style=\"text-align: left\"><strong><em>DEL SOL realiza una gran jugada. Desborda a Gorospe, parando en seco, y cuando el defensa queda desplazado centra hacia SOBRADO. Arburu est\u00e1 pendiente de \u00e9ste pero se interpone BOTELLA inopinadamente y dispara raso al \u00e1ngulo, batiendo sin remisi\u00f3n al depistado guardameta.<\/em><\/strong><\/p>\n<p style=\"text-align: left\"><strong><em>2-0, 46 minutos: Egusquiza en propia meta.<br \/>\n<\/em><\/strong><\/p>\n<p style=\"text-align: left\"><strong><em>Bal\u00f3n disputado entre Egusquiza y CELA. El zaguero, con infortunio, manda el cuero al \u00e1ngulo y bate a Arburu, que ya no volver\u00e1 a dar pie con bola en toda la tarde.<\/em><\/strong><\/p>\n<p style=\"text-align: left\"><strong><em>3-0, 49 minutos: SOBRADO.<br \/>\n<\/em><\/strong><\/p>\n<p style=\"text-align: left\"><strong><em>Hay un buen centro de CELA desde el lado derecho, el linier levanta el bander\u00edn, Zariquiegui no lo ve, y se registra el tanto de m\u00e1s bonita factura de la tarde, en certero cabezazo de SOBRADO.<\/em><\/strong><\/p>\n<p style=\"text-align: left\"><strong><em>4-0, 56 minutos: BOTELLLA.<br \/>\n<\/em><\/strong><\/p>\n<p style=\"text-align: left\"><strong><em>DEL SOL, con gran vista, lanza a BOTELLA, que est\u00e1 plenamente desmarcado en la posici\u00f3n te\u00f3rica de interior zurdo, Arburu sale por las buenas, y BOTELLA, muy tranquilo, dispara a las redes el cuarto gol.<\/em><\/strong><\/p>\n<p style=\"text-align: left\"><strong><em>5-0, 64 minutos: SOBRADO.<br \/>\n<\/em><\/strong><\/p>\n<p style=\"text-align: left\"><strong><em>CELA arranca con esplendidez, pasa a SOBRADO, sale Arburu a por tabaco y el bal\u00f3n le pasa entre las piernas, yendo por quinta vez a las mallas.<\/em><\/strong><\/p>\n<p style=\"text-align: left\"><strong><em>6-0, 66 minutos: CELA.<br \/>\n<\/em><\/strong><\/p>\n<p style=\"text-align: left\"><strong><em>CELA est\u00e1 en fuera de juego, pero un mal rechace de los \u00abbacks\u00bb contrarios lo pone en situaci\u00f3n legal, y aprovecha para batir a Arburu por sexta vez.<\/em><\/strong><\/p>\n<p style=\"text-align: left\"><strong><em>AM\u00c9RICO; PORTU, VILARI\u00d1O, CABRERA; LORA, FELIPE; CELA, GUERRERO, BOTELLA, SOBRADO y DEL SOL.<\/em><\/strong><\/p>\n<p style=\"text-align: left\"><strong><em>Destacaeon: DEL SOL, SOBRADO, CELA, LORA y AM\u00c9RICO.<br \/>\n<\/em><\/strong><\/p>\n<p style=\"text-align: left\"><strong><em>Vs. <\/em><\/strong><\/p>\n<p style=\"text-align: left\"><strong><em><a href=\"https:\/\/i0.wp.com\/www.manquepierda.com\/historiarealbetis\/files\/2011\/05\/2311.jpg?ssl=1\"><img data-recalc-dims=\"1\" loading=\"lazy\" decoding=\"async\" class=\"aligncenter size-full wp-image-11094\" src=\"https:\/\/i0.wp.com\/www.manquepierda.com\/historiarealbetis\/files\/2011\/05\/2311.jpg?resize=120%2C88&#038;ssl=1\" alt=\"\" width=\"120\" height=\"88\" \/><\/a><\/em><\/strong><\/p>\n<p style=\"text-align: center\">Presidente, don Lu\u00eds Molina (1955-1956).<\/p>\n<p style=\"text-align: center\"><a href=\"https:\/\/i0.wp.com\/www.manquepierda.com\/historiarealbetis\/files\/2011\/05\/Luis_Molina.jpg?ssl=1\"><img data-recalc-dims=\"1\" loading=\"lazy\" decoding=\"async\" class=\"aligncenter size-full wp-image-11095\" src=\"https:\/\/i0.wp.com\/www.manquepierda.com\/historiarealbetis\/files\/2011\/05\/Luis_Molina.jpg?resize=70%2C104&#038;ssl=1\" alt=\"\" width=\"70\" height=\"104\" \/><\/a><\/p>\n<p style=\"text-align: center\">Entrenador, Lu\u00eds Urquiri (1956-1958)<\/p>\n<p style=\"text-align: left\"><a href=\"https:\/\/i0.wp.com\/www.manquepierda.com\/historiarealbetis\/files\/2011\/05\/Luis-Urquiri.jpg?ssl=1\"><img data-recalc-dims=\"1\" loading=\"lazy\" decoding=\"async\" class=\"aligncenter size-full wp-image-11096\" src=\"https:\/\/i0.wp.com\/www.manquepierda.com\/historiarealbetis\/files\/2011\/05\/Luis-Urquiri.jpg?resize=70%2C104&#038;ssl=1\" alt=\"\" width=\"70\" height=\"104\" \/><\/a><\/p>\n<p style=\"text-align: left\">CLUB DEPORTIVO ALAV\u00c9S-0.<\/p>\n<p style=\"text-align: left\">ARBURU; Juan GOROSPE Bernaola, EGUSQUIZA, Jos\u00e9 Mar\u00eda EREZUMA Garachena; KAIKU-Jos\u00e9 Antonio Guisasola Yarz\u00e1, Miguel Antonio IBARRA Garechana;\u00a0 ARBEIZAR, ECHEAND\u00cdA, URCELAY, Pedro Irureta ECH\u00c1NIZ y Alfredo CONTRASTA Murua.<\/p>\n<p style=\"text-align: left\">No destac\u00f3 nadie.<\/p>\n<p style=\"text-align: left\">Fuentes: www.alaves.com; El Mundo Deportivo; ABC-SE.<\/p>\n<p style=\"text-align: left\">Colecci\u00f3n particular.<\/p>\n<p style=\"text-align: left\">\n<p style=\"text-align: left\">\n<p style=\"text-align: left\"><strong><em>\u00a0<\/em><\/strong><\/p>\n<p style=\"text-align: left\"><strong><em>\u00a0<\/em><\/strong><\/p>\n<p>&nbsp;<\/p>\n","protected":false},"excerpt":{"rendered":"<p>Foto Miguel-gentilmente cedida por Jos\u00e9 Antonio \u00c1lvarez S\u00e1nchez. De pie y de izquierda a derecha: AM\u00c9RICO Canas Mart\u00edn (Titular); PORTU-Jos\u00e9 Besteiro Fari\u00f1as, Julio G\u00f3mez VILARI\u00d1O, FELIPE Alberto Lu\u00eds, Jos\u00e9 CABRERA Baz\u00e1n, Manuel LORA Gancedo y EUGENIO V\u00e1zquez L\u00f3pez (Suplente). Agachados, mismo orden: Carlos Santiago de CELA Pereira, Tom\u00e1s GUERRERO Fern\u00e1ndez, BOTELLA-Jos\u00e9 Garc\u00eda Garc\u00eda, Eduardo SOBRADO&#8230;<\/p>\n","protected":false},"author":48,"featured_media":0,"comment_status":"open","ping_status":"open","sticky":false,"template":"","format":"standard","meta":{"_kad_post_transparent":"","_kad_post_title":"","_kad_post_layout":"","_kad_post_sidebar_id":"","_kad_post_content_style":"","_kad_post_vertical_padding":"","_kad_post_feature":"","_kad_post_feature_position":"","_kad_post_header":false,"_kad_post_footer":false,"_kad_post_classname":"","_jetpack_memberships_contains_paid_content":false,"footnotes":"","jetpack_publicize_message":"","jetpack_publicize_feature_enabled":true,"jetpack_social_post_already_shared":false,"jetpack_social_options":{"image_generator_settings":{"template":"highway","default_image_id":0,"font":"","enabled":false},"version":2}},"categories":[901,1],"tags":[4126,1239,984,17881],"class_list":["post-11085","post","type-post","status-publish","format-standard","hentry","category-1950-1959","category-portada","tag-1955-56","tag-1239","tag-deportivo-alaves","tag-liga-segunda-1955-56"],"jetpack_publicize_connections":[],"jetpack_featured_media_url":"","jetpack_sharing_enabled":true,"jetpack_shortlink":"https:\/\/wp.me\/p1ij08-2SN","jetpack-related-posts":[],"_links":{"self":[{"href":"https:\/\/www.manquepierda.com\/historiarealbetis\/wp-json\/wp\/v2\/posts\/11085","targetHints":{"allow":["GET"]}}],"collection":[{"href":"https:\/\/www.manquepierda.com\/historiarealbetis\/wp-json\/wp\/v2\/posts"}],"about":[{"href":"https:\/\/www.manquepierda.com\/historiarealbetis\/wp-json\/wp\/v2\/types\/post"}],"author":[{"embeddable":true,"href":"https:\/\/www.manquepierda.com\/historiarealbetis\/wp-json\/wp\/v2\/users\/48"}],"replies":[{"embeddable":true,"href":"https:\/\/www.manquepierda.com\/historiarealbetis\/wp-json\/wp\/v2\/comments?post=11085"}],"version-history":[{"count":1,"href":"https:\/\/www.manquepierda.com\/historiarealbetis\/wp-json\/wp\/v2\/posts\/11085\/revisions"}],"predecessor-version":[{"id":97822,"href":"https:\/\/www.manquepierda.com\/historiarealbetis\/wp-json\/wp\/v2\/posts\/11085\/revisions\/97822"}],"wp:attachment":[{"href":"https:\/\/www.manquepierda.com\/historiarealbetis\/wp-json\/wp\/v2\/media?parent=11085"}],"wp:term":[{"taxonomy":"category","embeddable":true,"href":"https:\/\/www.manquepierda.com\/historiarealbetis\/wp-json\/wp\/v2\/categories?post=11085"},{"taxonomy":"post_tag","embeddable":true,"href":"https:\/\/www.manquepierda.com\/historiarealbetis\/wp-json\/wp\/v2\/tags?post=11085"}],"curies":[{"name":"wp","href":"https:\/\/api.w.org\/{rel}","templated":true}]}}