{"id":11148,"date":"2011-05-11T03:39:02","date_gmt":"2011-05-11T02:39:02","guid":{"rendered":"http:\/\/www.manquepierda.com\/historiarealbetis\/?p=11148"},"modified":"2024-09-03T16:05:14","modified_gmt":"2024-09-03T14:05:14","slug":"1966-08-06-luis-bello-martinez","status":"publish","type":"post","link":"https:\/\/www.manquepierda.com\/historiarealbetis\/1966-08-06-luis-bello-martinez\/","title":{"rendered":"1966-08-06: Lu\u00eds Bell\u00f3 Mart\u00ednez"},"content":{"rendered":"<p style=\"text-align: center\"><a href=\"https:\/\/i0.wp.com\/www.manquepierda.com\/historiarealbetis\/files\/2011\/05\/escanear0010.jpg?ssl=1\"><img data-recalc-dims=\"1\" loading=\"lazy\" decoding=\"async\" class=\"aligncenter size-full wp-image-11149\" src=\"https:\/\/i0.wp.com\/www.manquepierda.com\/historiarealbetis\/files\/2011\/05\/escanear0010.jpg?resize=190%2C385&#038;ssl=1\" alt=\"\" width=\"190\" height=\"385\" srcset=\"https:\/\/i0.wp.com\/www.manquepierda.com\/historiarealbetis\/files\/2011\/05\/escanear0010.jpg?w=190&amp;ssl=1 190w, https:\/\/i0.wp.com\/www.manquepierda.com\/historiarealbetis\/files\/2011\/05\/escanear0010.jpg?resize=148%2C300&amp;ssl=1 148w\" sizes=\"auto, (max-width: 190px) 100vw, 190px\" \/><\/a>Lu\u00eds Bell\u00f3 Mart\u00ednez.-1966\/1967.<\/p>\n<p style=\"text-align: left\">Naci\u00f3 en Cieza (Murcia), lunes 07-Enero-1929.<\/p>\n<p style=\"text-align: left\">\u00abEl s\u00e1bado 06 de agosto a las diez de la ma\u00f1ana en el Estadio \u00abBenito Villamar\u00edn\u00bb comenz\u00f3 los entrenamientos del Real Betis Balompi\u00e9 con vista a la temporada 1966-1967 en Segunda Divisi\u00f3n-Grupo II.<\/p>\n<p style=\"text-align: left\">Hubo doble y nutrida presencia de jugadores y directivos.<\/p>\n<p style=\"text-align: left\">La plantilla oficial del Club, y toda la Junta de la Sociedad que preside don Andr\u00e9s Gavi\u00f1o Gordillo, y que componen:<\/p>\n<p style=\"text-align: left\">Juan Petralanda Ochandiano,\u00a0 Jos\u00e9 Mar\u00eda Domenech Romero,\u00a0 Julio De la Puerta Castro,\u00a0 Guillermo G\u00f3mez Zarranz,\u00a0 Antonio Mart\u00ednez \u00cd\u00f1iguez, Ventura Castell\u00f3 Hern\u00e1ndez,\u00a0 Adolfo Cu\u00e9llar Contreras,\u00a0 Enrique Ossorio Fern\u00e1ndez,\u00a0 Joaqu\u00edn Troncoso Rodr\u00edguez,\u00a0 Gonzalo Tavares Carmona,\u00a0 Juan Nieto Rodr\u00edguez,\u00a0 Jos\u00e9 Mar\u00eda Garmend\u00eda Erausqu\u00edn,\u00a0 Ram\u00f3n Rodr\u00edguez Del Valle,\u00a0 Joaqu\u00edn Garc\u00eda Garc\u00eda, etc.\u00a0 que quisieron estar presentes en \u00e9sta inicial ceremonia de la presentaci\u00f3n de jugadores y del comienzo de los ejercicios f\u00edsicos.<\/p>\n<p style=\"text-align: left\">El presidente del Real Betis Balompi\u00e9,\u00a0 se\u00f1or Gavi\u00f1o Gordillo present\u00f3,\u00a0 en primer lugar,\u00a0 al nuevo entrenador al cuadro de jugadores b\u00e9ticos que se hab\u00edan concentrado en el centro del terreno de juego.<\/p>\n<p style=\"text-align: left\">Lu\u00eds Bell\u00f3 salud\u00f3 a la plantilla, interes\u00e1ndose por el estado en que se encontraba cada uno despu\u00e9s de las vacaciones.<\/p>\n<p style=\"text-align: left\">A continuaci\u00f3n, don Andr\u00e9s Gavi\u00f1o pronunci\u00f3 unas palabras, exponiendo en primer lugar los motivos que hab\u00edan inducido al Club para fichar al nuevo preparador, el cual tiene en su haber un brillante, aunque breve, historial deportivo.<\/p>\n<p style=\"text-align: left\">Entrenando al Real Zaragoza consigui\u00f3 los t\u00edtulos de Copa del General\u00edsimo y de la Copa de Ferias. Luego,\u00a0 en la pasada temporada,\u00a0 fue entrenador del H\u00e9rcules de Alicante, cuyo equipo realiz\u00f3 una brillante campa\u00f1a, logrando el ascenso a la Divisi\u00f3n de Honor.<\/p>\n<p style=\"text-align: left\">El se\u00f1or Gavi\u00f1o coment\u00f3 elogiosamente como el se\u00f1or Bell\u00f3 hab\u00eda preferido venir al Real Betis Balompi\u00e9,\u00a0 decisi\u00f3n que tiene un gran m\u00e9rito,\u00a0 ya que equipos de Primera Divisi\u00f3n,\u00a0 deseaban sus servicios,\u00a0 incluso ofreci\u00e9ndole mejores condiciones que las del Betis.<\/p>\n<p style=\"text-align: left\">Ha tenido inter\u00e9s de venir al Betis Balompi\u00e9 porque considera que el cuadro de jugadores es excelente.<\/p>\n<p style=\"text-align: left\">A\u00f1adi\u00f3 que era un enamorado de la disciplina, ya que lo contrario lleva a que se malogren los triunfos.<\/p>\n<p style=\"text-align: left\">Ser futbolista&#8211;dijo&#8211;, no est\u00e1 re\u00f1ido con el buen trato y los buenos modales. Cualquier acto de desobediencia&#8211;dijo&#8211;,\u00a0 la Junta Directiva se ver\u00eda forzosamente obligada a aplicar severas medidas.<\/p>\n<p style=\"text-align: left\">El se\u00f1or Gavi\u00f1o Gordillo dijo que espera que en la pr\u00f3xima temporada se renovara de nuevo el coraje y la furia que siempre ha caracterizado al Real Betis Balompi\u00e9.<\/p>\n<p style=\"text-align: left\">Por \u00faltimo manifest\u00f3 que se hab\u00eda creado una comisi\u00f3n de fichajes que la compon\u00edan los se\u00f1ores Mart\u00ednez, Petralanda, Ossorio y G\u00f3mez, para renovar los contratos a todos los jugadores.<\/p>\n<p style=\"text-align: left\">Pidi\u00f3, finalmente,\u00a0 don Andr\u00e9s Gavi\u00f1o Gordillo,\u00a0 obediencia y que renovara el esp\u00edritu de lucha en el equipo para lograr el ascenso a la Divisi\u00f3n que nunca debi\u00f3 perder.<\/p>\n<p style=\"text-align: left\">A continuaci\u00f3n habl\u00f3 el entrenador Lu\u00eds Bell\u00f3 Mart\u00ednez,\u00a0 manifestando que para \u00e9l significaba una gran satisf acci\u00f3n y un gran honor venir a entrenar a un equipo de solera y de la historia del Betis.<\/p>\n<p style=\"text-align: left\">A\u00f1adi\u00f3 que ten\u00eda raz\u00f3n el presidente del Club,\u00a0 se\u00f1or Gavi\u00f1o,\u00a0 al afirmar que hab\u00eda elegido al Real Betis,\u00a0 mejor que a un equipo de Primera Divisi\u00f3n porque ten\u00eda informes de la gran plantilla b\u00e9tica.<\/p>\n<p style=\"text-align: left\">Por todo eso-dijo&#8211;,\u00a0 hay un trabajo que hacer y llevarlo a la realidad,\u00a0 ya que un club como el Real Betis Balompi\u00e9 no debe estar en Segunda Divisi\u00f3n.<\/p>\n<p style=\"text-align: left\">Dijo que hab\u00eda que empezar la tarea con humildad,\u00a0 porque puede imperar el espejismo de creerse un equipo grande por los resultados tan sorprendentes como en la Copa pasada;\u00a0 la Segunda Divisi\u00f3n es muy dif\u00edcil y no debe creerse que todo est\u00e1 ya ganado.<\/p>\n<p style=\"text-align: left\">Pidi\u00f3 a los jugadores tres cosas importantes:<\/p>\n<p style=\"text-align: left\">Disciplina absoluta,\u00a0 sentido de la responsabilidad y esp\u00edritu de lucha, confiando al final dar una gran alegr\u00eda a los aficionados al volver de nuevo el equipo a ocupar el lugar que le corresponde.<\/p>\n<p style=\"text-align: left\">Por \u00faltimo dese\u00f3 suerte a los jugadores y que nunca se pierda un partido\u00a0 por negligencia,\u00a0 sino porque el contrario fue mejor y habiendo hecho lo posible por no perderlo.<\/p>\n<p style=\"text-align: left\">Terminadas las palabras del nuevo entrenador,\u00a0 el presidente don Andr\u00e9s Gavi\u00f1o llam\u00f3 a los tres jugadores b\u00e9ticos que hab\u00edan tomado parte <strong>en los Campeonatos Universitarios Mundiales de F\u00fatbol, que tan brillantemente gan\u00f3 Espa\u00f1a:<\/strong><\/p>\n<p style=\"text-align: center\"><strong><a href=\"https:\/\/i0.wp.com\/www.manquepierda.com\/historiarealbetis\/files\/2011\/05\/escanear00111.jpg?ssl=1\"><img data-recalc-dims=\"1\" loading=\"lazy\" decoding=\"async\" class=\"aligncenter size-full wp-image-11151\" src=\"https:\/\/i0.wp.com\/www.manquepierda.com\/historiarealbetis\/files\/2011\/05\/escanear00111.jpg?resize=784%2C538&#038;ssl=1\" alt=\"\" width=\"784\" height=\"538\" srcset=\"https:\/\/i0.wp.com\/www.manquepierda.com\/historiarealbetis\/files\/2011\/05\/escanear00111.jpg?w=784&amp;ssl=1 784w, https:\/\/i0.wp.com\/www.manquepierda.com\/historiarealbetis\/files\/2011\/05\/escanear00111.jpg?resize=300%2C205&amp;ssl=1 300w\" sizes=\"auto, (max-width: 784px) 100vw, 784px\" \/><\/a>QUINO,\u00a0 ANT\u00d3N\u00a0 y DIONI. <\/strong><\/p>\n<p style=\"text-align: left\"><strong>Tanto el presidente como el entrenador,\u00a0 les felicitaron\u00a0 cordialmente por la labor realizada en Compostela.<\/strong><\/p>\n<p style=\"text-align: center\"><strong><a href=\"https:\/\/i0.wp.com\/www.manquepierda.com\/historiarealbetis\/files\/2011\/05\/escanear0009.jpg?ssl=1\"><img data-recalc-dims=\"1\" loading=\"lazy\" decoding=\"async\" class=\"aligncenter size-full wp-image-11152\" src=\"https:\/\/i0.wp.com\/www.manquepierda.com\/historiarealbetis\/files\/2011\/05\/escanear0009.jpg?resize=640%2C333&#038;ssl=1\" alt=\"\" width=\"640\" height=\"333\" srcset=\"https:\/\/i0.wp.com\/www.manquepierda.com\/historiarealbetis\/files\/2011\/05\/escanear0009.jpg?w=640&amp;ssl=1 640w, https:\/\/i0.wp.com\/www.manquepierda.com\/historiarealbetis\/files\/2011\/05\/escanear0009.jpg?resize=300%2C156&amp;ssl=1 300w\" sizes=\"auto, (max-width: 640px) 100vw, 640px\" \/><\/a>A este primer entrenamiento acudieron los siguientes jugadores:<\/strong><\/p>\n<p style=\"text-align: left\"><strong>Antonio PALLAR\u00c9S Huertas,\u00a0 Fernando GIR\u00d3N De la Fuente,\u00a0 Manuel CRUZ Gen\u00eds,\u00a0 Miguel AZC\u00c1RATE Iceta,\u00a0 Jos\u00e9 GONZ\u00c1LEZ Gonz\u00e1lez,\u00a0 Antonio EZEQUIEL Manaute Pinto,\u00a0 Andr\u00e9s M\u00daJICA Arregui,\u00a0 ZACARIZO-Antonio Cano Bejarano,\u00a0 Jes\u00fas Mar\u00eda LANDA Barasategui,\u00a0 Francisco Labrado TELECH\u00cdA,\u00a0 DIONI-Dionisio G\u00f3mez Alfaro,\u00a0 Francisco GRAU Pl\u00e1,\u00a0 Jos\u00e9 Mar\u00eda Garc\u00eda MONTANER,\u00a0 QUINO-Joaqu\u00edn Sierra Vallejo,\u00a0 ANT\u00d3N-Antonio Manuel Mart\u00ednez Morales,\u00a0 Manuel VEGA Ojeda,\u00a0 \u00c1ngel SU\u00c1REZ Mart\u00ednez,\u00a0 \u00c1ngel DE LA FUENTE Rubio,\u00a0 Manuel CAMPOS Espinosa,\u00a0 Jos\u00e9 CRISTO V\u00e1zquez,\u00a0 PAQUITO-Francisco Faleato Ochoantesana,\u00a0 VILAR,\u00a0 FALI,\u00a0 DEMETRIO Oliver S\u00e1nchez y ROGELIO Sosa Ram\u00edrez.<\/strong><\/p>\n<p style=\"text-align: left\"><strong>En la nueva plantilla b\u00e9tica hay un plantel de jugadores del Triana Balompi\u00e9 que forman la \u00abnueva ola\u00bb del Real Betis Balompi\u00e9 y que pasar\u00e1n al primer equipo.<\/strong><\/p>\n<p style=\"text-align: left\"><strong>Tras estos actos protocolarios de presentaci\u00f3n,\u00a0 Lu\u00eds Bell\u00f3 Mart\u00ednez empez\u00f3 a dirigir la primera sesi\u00f3n de entrenamientos, comprobando el estado de la plantilla despu\u00e9s de las cortas vacaciones veraniegas.<\/strong><\/p>\n<p style=\"text-align: left\"><strong>Hubo ejercicios f\u00edsicos y de bal\u00f3n prolong\u00e1ndose por m\u00e1s de una hora este primer contacto del equipo.<\/strong><\/p>\n<p style=\"text-align: left\"><strong>El Real Betis Balompi\u00e9,\u00a0 se dispone a prepararse concienzudamente para dar toda clase de satisfacciones a los aficionados en esta nueva temporada que se aproxima con enormes dificultades por la ambiciones del equipo\u00bb.<\/strong><\/p>\n<p style=\"text-align: left\"><strong>F. G.-\u00abEl Correo de Andaluc\u00eda\u00bb.<br \/>\n<\/strong><\/p>\n<p style=\"text-align: left\">&nbsp;<\/p>\n<p style=\"text-align: left\">&nbsp;<\/p>\n","protected":false},"excerpt":{"rendered":"<p>Lu\u00eds Bell\u00f3 Mart\u00ednez.-1966\/1967. Naci\u00f3 en Cieza (Murcia), lunes 07-Enero-1929. \u00abEl s\u00e1bado 06 de agosto a las diez de la ma\u00f1ana en el Estadio \u00abBenito Villamar\u00edn\u00bb comenz\u00f3 los entrenamientos del Real Betis Balompi\u00e9 con vista a la temporada 1966-1967 en Segunda Divisi\u00f3n-Grupo II. Hubo doble y nutrida presencia de jugadores y directivos. La plantilla oficial del&#8230;<\/p>\n","protected":false},"author":48,"featured_media":0,"comment_status":"open","ping_status":"open","sticky":false,"template":"","format":"standard","meta":{"_kad_post_transparent":"","_kad_post_title":"","_kad_post_layout":"","_kad_post_sidebar_id":"","_kad_post_content_style":"","_kad_post_vertical_padding":"","_kad_post_feature":"","_kad_post_feature_position":"","_kad_post_header":false,"_kad_post_footer":false,"_kad_post_classname":"","_jetpack_memberships_contains_paid_content":false,"footnotes":"","jetpack_publicize_message":"","jetpack_publicize_feature_enabled":true,"jetpack_social_post_already_shared":false,"jetpack_social_options":{"image_generator_settings":{"template":"highway","default_image_id":0,"font":"","enabled":false},"version":2}},"categories":[902,892],"tags":[2224,340],"class_list":["post-11148","post","type-post","status-publish","format-standard","hentry","category-1960-1969","category-entrenadores-temas","tag-1966-67","tag-entrenamientos"],"jetpack_publicize_connections":[],"jetpack_featured_media_url":"","jetpack_sharing_enabled":true,"jetpack_shortlink":"https:\/\/wp.me\/p1ij08-2TO","jetpack-related-posts":[],"_links":{"self":[{"href":"https:\/\/www.manquepierda.com\/historiarealbetis\/wp-json\/wp\/v2\/posts\/11148","targetHints":{"allow":["GET"]}}],"collection":[{"href":"https:\/\/www.manquepierda.com\/historiarealbetis\/wp-json\/wp\/v2\/posts"}],"about":[{"href":"https:\/\/www.manquepierda.com\/historiarealbetis\/wp-json\/wp\/v2\/types\/post"}],"author":[{"embeddable":true,"href":"https:\/\/www.manquepierda.com\/historiarealbetis\/wp-json\/wp\/v2\/users\/48"}],"replies":[{"embeddable":true,"href":"https:\/\/www.manquepierda.com\/historiarealbetis\/wp-json\/wp\/v2\/comments?post=11148"}],"version-history":[{"count":1,"href":"https:\/\/www.manquepierda.com\/historiarealbetis\/wp-json\/wp\/v2\/posts\/11148\/revisions"}],"predecessor-version":[{"id":97067,"href":"https:\/\/www.manquepierda.com\/historiarealbetis\/wp-json\/wp\/v2\/posts\/11148\/revisions\/97067"}],"wp:attachment":[{"href":"https:\/\/www.manquepierda.com\/historiarealbetis\/wp-json\/wp\/v2\/media?parent=11148"}],"wp:term":[{"taxonomy":"category","embeddable":true,"href":"https:\/\/www.manquepierda.com\/historiarealbetis\/wp-json\/wp\/v2\/categories?post=11148"},{"taxonomy":"post_tag","embeddable":true,"href":"https:\/\/www.manquepierda.com\/historiarealbetis\/wp-json\/wp\/v2\/tags?post=11148"}],"curies":[{"name":"wp","href":"https:\/\/api.w.org\/{rel}","templated":true}]}}