{"id":11183,"date":"2011-05-12T20:35:07","date_gmt":"2011-05-12T19:35:07","guid":{"rendered":"http:\/\/www.manquepierda.com\/historiarealbetis\/?p=11183"},"modified":"2026-01-21T05:45:46","modified_gmt":"2026-01-21T04:45:46","slug":"jose-cristo-vazquez-d-e-p","status":"publish","type":"post","link":"https:\/\/www.manquepierda.com\/historiarealbetis\/jose-cristo-vazquez-d-e-p\/","title":{"rendered":"Jos\u00e9 CRISTO V\u00e1zquez"},"content":{"rendered":"<p>&nbsp;<\/p>\n<p><a href=\"https:\/\/i0.wp.com\/www.manquepierda.com\/historiarealbetis\/files\/2011\/05\/Cristo.jpg?ssl=1\"><img data-recalc-dims=\"1\" loading=\"lazy\" decoding=\"async\" class=\"aligncenter size-full wp-image-11184\" src=\"https:\/\/i0.wp.com\/www.manquepierda.com\/historiarealbetis\/files\/2011\/05\/Cristo.jpg?resize=282%2C420&#038;ssl=1\" alt=\"\" width=\"282\" height=\"420\" srcset=\"https:\/\/i0.wp.com\/www.manquepierda.com\/historiarealbetis\/files\/2011\/05\/Cristo.jpg?w=282&amp;ssl=1 282w, https:\/\/i0.wp.com\/www.manquepierda.com\/historiarealbetis\/files\/2011\/05\/Cristo.jpg?resize=201%2C300&amp;ssl=1 201w\" sizes=\"auto, (max-width: 282px) 100vw, 282px\" \/><\/a><\/p>\n<p style=\"text-align: left\"><strong>Naci\u00f3 en Sevilla, mi\u00e9rcoles 12 de marzo de 1947; 27 de mayo de 2010; 63 a\u00f1os. D. E. P.<\/strong><\/p>\n<p style=\"text-align: left\"><strong>\u00abJugador formado desde su comienzo en las filas del Real Betis Balompi\u00e9, escalando posiciones desde el Infantil y equipo de Aficionados.<\/strong><\/p>\n<p style=\"text-align: left\"><strong>Extremo de ambos lados se ha afianzado como algo m\u00e1s que una esperanza y lleva jugados todos los partidos disputados, en la actual competici\u00f3n\u00bb.-\u00abEl Mundo Deportivo\u00bb de Barcelona, domingo 29-Octubre-1967.<br \/>\n<\/strong><\/p>\n<p style=\"text-align: center\"><strong>1967-1968 Primera Divisi\u00f3n: Cer0 Tarjetas amarillas\/rojas.<\/strong><\/p>\n<p style=\"text-align: left\"><strong>**10 partidos completos como titular jugando pues 900 minutos.<\/strong><\/p>\n<p style=\"text-align: left\"><strong>*01\u00aa Jornada: 09-septiembre-1967, s\u00e1bado.-Mestalla.-Arbitr\u00f3 el colegiado catal\u00e1n Pintado.<\/strong><\/p>\n<p style=\"text-align: center\"><strong>Entrenador: Edmundo Su\u00e1rez Trabarco.<br \/>\n<\/strong><\/p>\n<p style=\"text-align: left\"><strong>Valencia CF-Equipaci\u00f3n blanca-2 Goles\u00a0 (1-0: Fernando Ansola Sanmart\u00edn, 33 minutos y 2-1: Roberto Gil Esteve, 67 minutos).<\/strong><\/p>\n<p style=\"text-align: left\"><strong>Abelardo; Sol, Mestre, Tatono; Paquito, Roberto; Guillot, Waldo, Ansola, Claramunt y Jara.<br \/>\n<\/strong><\/p>\n<p style=\"text-align: left\"><strong>Vs. <\/strong><\/p>\n<p style=\"text-align: center\"><strong>Entrenador: C\u00e9sar Rodr\u00edguez \u00c1lvarez (1\u00aa hasta la 7\u00aa Jornada, ambas inclusives).<\/strong><\/p>\n<p style=\"text-align: left\"><strong><a href=\"https:\/\/i0.wp.com\/www.manquepierda.com\/historiarealbetis\/files\/2011\/05\/C%C3%A9sarRodr%C3%ADguez.jpg?ssl=1\"><img data-recalc-dims=\"1\" loading=\"lazy\" decoding=\"async\" class=\"aligncenter size-full wp-image-11185\" src=\"https:\/\/i0.wp.com\/www.manquepierda.com\/historiarealbetis\/files\/2011\/05\/C%C3%A9sarRodr%C3%ADguez.jpg?resize=126%2C172&#038;ssl=1\" alt=\"\" width=\"126\" height=\"172\" \/><\/a>Real Betis Balompi\u00e9-1 Tanto (1-1: CRISTO, 59 Minutos; 01\u00ba\/05).<\/strong><\/p>\n<p style=\"text-align: left\"><strong>Campillo; Aparicio, Eusebio R\u00edos, Ant\u00f3n; Frasco, Azc\u00e1rate; Dioni, Quino, Landa, Pach\u00f3n y Jos\u00e9 CRISTO V\u00e1zquez.<\/strong><\/p>\n<p style=\"text-align: left\"><strong>*02\u00aa Jornada: 17-septiembre-1967, domingo: \u00abBenito Villamar\u00edn\u00bb, arbitr\u00f3 Oliva.<\/strong><\/p>\n<p style=\"text-align: left\"><strong>Real Betis Balompi\u00e9-4 Goles (1-1: Landa, 31 minutos; 2-1: Ant\u00f3n, 41 minutos; 3-1: CRISTO, 43 Minutos-02\u00ba\/05; 4-1: Quino, 45 minutos).<br \/>\n<\/strong><\/p>\n<p style=\"text-align: left\"><strong>Campillo; Aparicio, Azc\u00e1rate, Ant\u00f3n; Frasco, Pach\u00f3n; Jos\u00e9 CRISTO V\u00e1zquez, Quino, Landa, Jos\u00e9 Gonz\u00e1lez Gonz\u00e1lez y Rogelio.<br \/>\n<\/strong><\/p>\n<p style=\"text-align: left\"><strong>Vs.<\/strong><\/p>\n<p style=\"text-align: center\"><strong>Entrenador: Lu\u00eds Molowny Arbelo.<br \/>\n<\/strong><\/p>\n<p style=\"text-align: left\"><strong>UD Las Palmas-2 Tantos (0-1: Jos\u00e9 Manuel Le\u00f3n Talavera, 30 minutos; 4-2: Guedes, 87 minutos).<br \/>\n<\/strong><\/p>\n<p style=\"text-align: left\"><strong>Ulecia; Aparicio, Tonono, Jos\u00e9 Lu\u00eds; Niz, Castellanos; Le\u00f3n, Germ\u00e1n, Jos\u00e9 Juan, Guedes y Gilberto I.<\/strong><\/p>\n<p style=\"text-align: left\"><strong>*03\u00aa Jornada, 24-septiembre-1967, domingo Estadio \u00abBenito Villamar\u00edn\u00bb.-Arbitr\u00f3 Urrestarazu.<\/strong><\/p>\n<p style=\"text-align: left\"><strong>Real Betis Balompi\u00e9-2 Goles (1-2: Rogelio, 23 minutos; 2-2: Jos\u00e9 CRISTO V\u00e1zquez, 53 minutos-03\u00ba\/05 marcados).<br \/>\n<\/strong><\/p>\n<p style=\"text-align: left\"><strong>Campillo; Aparicio, Eusebio R\u00edos (Capit\u00e1n), Ant\u00f3n; Frasco, Azc\u00e1rate; Jos\u00e9 CRISTO V\u00e1zquez, Quino, Demetrio, Jos\u00e9 Gonz\u00e1lez y Rogelio.<\/strong><\/p>\n<p style=\"text-align: left\"><strong><a href=\"https:\/\/i0.wp.com\/www.manquepierda.com\/historiarealbetis\/files\/2011\/05\/escanear0013.jpg?ssl=1\"><img data-recalc-dims=\"1\" loading=\"lazy\" decoding=\"async\" class=\"aligncenter size-full wp-image-11186\" src=\"https:\/\/i0.wp.com\/www.manquepierda.com\/historiarealbetis\/files\/2011\/05\/escanear0013.jpg?resize=251%2C368&#038;ssl=1\" alt=\"\" width=\"251\" height=\"368\" srcset=\"https:\/\/i0.wp.com\/www.manquepierda.com\/historiarealbetis\/files\/2011\/05\/escanear0013.jpg?w=251&amp;ssl=1 251w, https:\/\/i0.wp.com\/www.manquepierda.com\/historiarealbetis\/files\/2011\/05\/escanear0013.jpg?resize=204%2C300&amp;ssl=1 204w\" sizes=\"auto, (max-width: 251px) 100vw, 251px\" \/><\/a>Vs.<\/strong><\/p>\n<p style=\"text-align: center\"><strong>Entrenador: Pasieguito-Bernardino P\u00e9rez Elizar\u00e1n.<br \/>\n<\/strong><\/p>\n<p style=\"text-align: left\"><strong>Centro de Deportes Sabadell-3 Tantos (0-1: Seminario, 10 minutos; 0-2: Vall, 13 minutos; 2-3: Seminario, 61 minutos).<br \/>\n<\/strong><\/p>\n<p style=\"text-align: left\"><strong>Mart\u00ednez;\u00a0 Isidro S\u00e1nchez Garc\u00eda-Figueras (Capit\u00e1n), Pini, Casado; Mara\u00f1\u00f3n, Montesinos; Palau, Seminario, Vidal y Zaballa.<\/strong><\/p>\n<p style=\"text-align: left\"><strong>*04\u00aa Jornada, 08-octubre-1967, domingo.-Arc\u00e1ngel.-Arbitr\u00f3 el se\u00f1or Oliva.<\/strong><\/p>\n<p style=\"text-align: left\"><strong>Entrenador: Marcel Domingo Alagara (01\u00aa \u00e1 28\u00aa jornada Liga).<br \/>\n<\/strong><\/p>\n<p style=\"text-align: left\"><strong>C\u00f3rdoba CF-3 Tantos (1-0: Navarro, 09 minutos; 2-0: Riera, 38 minutos; 3-0: Juan\u00edn-Juan Garc\u00eda D\u00edaz, 55 minutos).<br \/>\n<\/strong><\/p>\n<p style=\"text-align: left\"><strong>Garc\u00eda; Simonet, Navarro, L\u00f3pez; Mart\u00ed, Ricardo Costa \u00c1lvarez; Riera, Juan\u00edn, Arana, Alfonso, y Lu\u00eds Costa Juan.<br \/>\n<\/strong><\/p>\n<p style=\"text-align: left\"><strong>Vs. <\/strong><\/p>\n<p style=\"text-align: left\"><strong>Real Betis Balompi\u00e9-0.<\/strong><\/p>\n<p style=\"text-align: left\"><strong>Villanova; Aparicio, Eusebio R\u00edos, Ant\u00f3n; Frasco, Azc\u00e1rate; Jos\u00e9 CRISTO V\u00e1zquez, Pach\u00f3n, Demetrio, Jos\u00e9 Gonz\u00e1lez y Rogelio.<\/strong><\/p>\n<p style=\"text-align: left\"><strong>*05\u00aa Jornada, 15-octubre-1967, domingo, Estadio \u00abBenito Villamar\u00edn\u00bb.-Arbitr\u00f3 el se\u00f1or Mart\u00edn \u00c1lvarez.<\/strong><\/p>\n<p style=\"text-align: left\"><strong>Real Betis Balompi\u00e9-1 Gol (1-0: Jos\u00e9 Gonz\u00e1lez Gonz\u00e1lez, 19 minutos).<br \/>\n<\/strong><\/p>\n<p style=\"text-align: left\"><strong>Villanova; Aparicio, Telech\u00eda, Ant\u00f3n; Frasco, Pach\u00f3n; Jos\u00e9 CRISTO V\u00e1zquez, Quino, Jos\u00e9 Gonz\u00e1lez, Demetrio y Rogelio.<br \/>\n<\/strong><\/p>\n<p style=\"text-align: left\"><strong>Vs.<\/strong><\/p>\n<p style=\"text-align: left\"><strong>Entrenador: Alfredo Di St\u00e9fano Lahul\u00e9 (01\u00aa \u00e1 15\u00aa jornadas).<\/strong><\/p>\n<p style=\"text-align: left\"><strong>Elche CF-0 Tanto.<\/strong><\/p>\n<p style=\"text-align: left\"><strong>Pazos; Ponce, Iborra, Can\u00f3s; Lico, Llompart; Casco, Goywaerts, Vav\u00e1, Meca y G\u00f3mez.<\/strong><\/p>\n<p style=\"text-align: left\"><strong>*06 Jornada, 22-octubre-1967, domingo, \u00abNou Camp\u00bb.-Arbitr\u00f3 Rigo.<\/strong><\/p>\n<p style=\"text-align: center\"><strong>Entrenador: Salvador Artigas Sah\u00fan.<\/strong><\/p>\n<p style=\"text-align: left\"><strong>FC Barcelona-2 Tantos (1-0: Fust\u00e9, 05 minutos; 2-0: Oliveros, 59 minutos).<br \/>\n<\/strong><\/p>\n<p style=\"text-align: left\"><strong>Sadurn\u00ed; Ben\u00edtez, Gallego, Torres; Muller, Zabalza; Oliveros, Zald\u00faa, Mendon\u00e7a, Fust\u00e9 y Rexach.<br \/>\n<\/strong><\/p>\n<p style=\"text-align: left\"><strong>Vs.<\/strong><\/p>\n<p style=\"text-align: left\"><strong>Real Betis Balompi\u00e9-1 Gol (2-1: Jos\u00e9 Gonz\u00e1lez Gonz\u00e1lez, 86 minutos).<br \/>\n<\/strong><\/p>\n<p style=\"text-align: left\"><strong>Villanova; Aparicio, Eusebio R\u00edos, Ant\u00f3n; Frasco, Azc\u00e1rate; Macario, Pach\u00f3n, Pepe Gonz\u00e1lez, Rogelio y Jos\u00e9 CRISTO V\u00e1zquez.<\/strong><\/p>\n<p style=\"text-align: left\"><strong>*07\u00aa Jornada, 05-noviembre-1967, domingo, Estadio \u00abBenito Villamar\u00edn\u00bb.-Arbitr\u00f3 el se\u00f1or Oliva.<\/strong><\/p>\n<p style=\"text-align: left\"><strong>Real Betis Balompi\u00e9-0 Tanto.<\/strong><\/p>\n<p style=\"text-align: left\"><strong>Villanova; Aparicio, Telech\u00eda, Ant\u00f3n; Pach\u00f3n, Azc\u00e1rate; Macario, Demetrio, Jos\u00e9 Gonz\u00e1lez, Rogelio y Jos\u00e9 CRISTO V\u00e1zquez.<br \/>\n<\/strong><\/p>\n<p style=\"text-align: left\"><strong>Vs.<\/strong><\/p>\n<p style=\"text-align: center\"><strong>Entrenador: Jos\u00e9 H\u00e9ctor Rial Lagu\u00eda.<\/strong><\/p>\n<p style=\"text-align: left\"><strong>Pontevedra CF-1 Gol (0-1: Jos\u00e9 Miguel Odriozola G\u00fcezmes).<br \/>\n<\/strong><\/p>\n<p style=\"text-align: left\"><strong>Cobo; Irulegui, Batalla, Cholo; Calleja, Vallejo; Fuertes, Mart\u00edn-Esperanza, Neme, Fern\u00e1ndez y Odriozola.<\/strong><\/p>\n<p style=\"text-align: left\"><strong>*09\u00aa Jornada, 19-noviembre-1967, domingo, Estadio Benito Villamar\u00edn.-Arbitr\u00f3 el se\u00f1or Camacho.<br \/>\n<\/strong><\/p>\n<p style=\"text-align: center\"><strong><a href=\"https:\/\/i0.wp.com\/www.manquepierda.com\/historiarealbetis\/files\/2011\/05\/escanear0014.jpg?ssl=1\"><img data-recalc-dims=\"1\" loading=\"lazy\" decoding=\"async\" class=\"aligncenter size-full wp-image-11187\" src=\"https:\/\/i0.wp.com\/www.manquepierda.com\/historiarealbetis\/files\/2011\/05\/escanear0014.jpg?resize=358%2C200&#038;ssl=1\" alt=\"\" width=\"358\" height=\"200\" srcset=\"https:\/\/i0.wp.com\/www.manquepierda.com\/historiarealbetis\/files\/2011\/05\/escanear0014.jpg?w=358&amp;ssl=1 358w, https:\/\/i0.wp.com\/www.manquepierda.com\/historiarealbetis\/files\/2011\/05\/escanear0014.jpg?resize=300%2C167&amp;ssl=1 300w\" sizes=\"auto, (max-width: 358px) 100vw, 358px\" \/><\/a>\u00abUna espl\u00e9ndida parada de Catal\u00e1, protegido por Chuzo, en un remate de CRISTO\u00bb.-Foto Seraf\u00edn \u00abHoja del Lunes\u00bb.<\/strong><\/p>\n<p style=\"text-align: center\"><strong>Entrenador: Jos\u00e9 Valera Nocera (08\u00aa \u00e1 16\u00aa Jornadas).<\/strong><\/p>\n<p style=\"text-align: center\"><strong><a href=\"https:\/\/i0.wp.com\/www.manquepierda.com\/historiarealbetis\/files\/2011\/05\/PValera.jpg?ssl=1\"><img data-recalc-dims=\"1\" loading=\"lazy\" decoding=\"async\" class=\"aligncenter size-full wp-image-11188\" src=\"https:\/\/i0.wp.com\/www.manquepierda.com\/historiarealbetis\/files\/2011\/05\/PValera.jpg?resize=153%2C226&#038;ssl=1\" alt=\"\" width=\"153\" height=\"226\" \/><\/a><\/strong><\/p>\n<p style=\"text-align: left\"><strong>Real Betis Balompi\u00e9-2 Goles (Jos\u00e9 CRISTO V\u00e1zquez a los 32 y 87 minutos-04\u00ba y 05\u00ba logrados en la Temporada 1967-1968-Primera Divisi\u00f3n).<br \/>\n<\/strong><\/p>\n<p style=\"text-align: left\"><strong>Villanova; Aparicio, Telech\u00eda, Ant\u00f3n; Frasco, Azc\u00e1rate; Macario, Jos\u00e9 Gonz\u00e1lez, Landa, Pach\u00f3n y Jos\u00e9 CRISTO V\u00e1zquez.<\/strong><\/p>\n<p style=\"text-align: left\"><strong>Vs.<\/strong><\/p>\n<p style=\"text-align: left\"><strong>Entrenador: Pedro Otto Bumbel (08\u00aa \u00e1 30\u00aa Jornadas).<\/strong><\/p>\n<p style=\"text-align: left\"><strong>Club Deportivo M\u00e1laga-0 Tanto.<\/strong><\/p>\n<p style=\"text-align: left\"><strong>Catal\u00e1; Montero, Arias, Vallejo; Mart\u00ednez, Chuzo; Oti\u00f1ano, Migueli, Cabral, Berruezo y Antonio Ruiz Robles.<\/strong><\/p>\n<p style=\"text-align: left\"><strong>*13\u00aa Jornada: domingo 17-diciembre-1967, Estadio \u00abBenito Villamar\u00edn\u00bb.-Arbitr\u00f3 Mart\u00edn \u00c1lvarez.<\/strong><\/p>\n<p style=\"text-align: left\"><strong>Real Betis Balompi\u00e9-1 Gol (1-4: Macario-Manuel P\u00e9rez Orihuela, 81 minutos).<br \/>\n<\/strong><\/p>\n<p style=\"text-align: left\"><strong>Villanova; Aparicio, Telech\u00eda, Ant\u00f3n; Pach\u00f3n, Azc\u00e1rate; Macario, Quino, Landa, Jos\u00e9 Gonz\u00e1lez y Jos\u00e9 CRISTO V\u00e1zquez.<br \/>\n<\/strong><\/p>\n<p style=\"text-align: left\"><strong>Vs.<\/strong><\/p>\n<p style=\"text-align: center\"><strong>Entrenador: Jeno Kalmar.<br \/>\n<\/strong><\/p>\n<p style=\"text-align: left\"><strong>RCD Espa\u00f1ol-4 Tantos (0-1: Jos\u00e9 Mar\u00eda Garc\u00eda Lavilla, 35 minutos; 0-2: Cayetano Re, 38 minutos; 0-3: Jos\u00e9 Mar\u00eda Garc\u00eda Lavilla, 60 minutos; 0-4: Marcial, 75 minutos).<br \/>\n<\/strong><\/p>\n<p style=\"text-align: left\"><strong>Romero; Osorio, Riera, Mart\u00ednez; Ram\u00edrez, Ramon\u00ed; Amas, Rodilla, Cayetano Re, Marcial y Jos\u00e9 Mar\u00eda Garc\u00eda Lavilla.<\/strong><\/p>\n<p style=\"text-align: left\"><strong>*20\u00aa Jornada, domingo 11-febrero-1968, Estadio \u00abAltabix\u00bb.-Arbitr\u00f3 el se\u00f1or Ruiz de Alciturri.<\/strong><\/p>\n<p style=\"text-align: center\"><strong>Encuentro televisado a toda Espa\u00f1a por TVE1<br \/>\n<\/strong><\/p>\n<p style=\"text-align: left\"><strong>Entrenador: Fernando Daucik (16\u00aa \u00e1 30\u00aa Jornadas).<\/strong><\/p>\n<p style=\"text-align: left\"><strong>Elche CF-1 Tanto (1-0: Vav\u00e1-Luciano S\u00e1nchez Garc\u00eda).<br \/>\n<\/strong><\/p>\n<p style=\"text-align: left\"><strong>Pazos; Ballester, Iborra, Can\u00f3s; Lico, Llompart; Casco, Goyvaerts, Vav\u00e1, Lezcano y Asensi. <\/strong><\/p>\n<p style=\"text-align: left\"><strong>Vs.<\/strong><\/p>\n<p style=\"text-align: center\"><strong><a href=\"https:\/\/i0.wp.com\/www.manquepierda.com\/historiarealbetis\/files\/2011\/05\/Sabino-Barinaga1.jpg?ssl=1\"><img data-recalc-dims=\"1\" loading=\"lazy\" decoding=\"async\" class=\"aligncenter size-full wp-image-11189\" src=\"https:\/\/i0.wp.com\/www.manquepierda.com\/historiarealbetis\/files\/2011\/05\/Sabino-Barinaga1.jpg?resize=220%2C207&#038;ssl=1\" alt=\"\" width=\"220\" height=\"207\" \/><\/a>Entrenador: Sabino Barinaga Alberdi (17\u00aa \u00e1 30\u00aa jornadas).<\/strong><\/p>\n<p style=\"text-align: left\"><strong>Real Betis Balompi\u00e9-0 Gol.<\/strong><\/p>\n<p style=\"text-align: left\"><strong>Villanova; Aparicio, Telech\u00eda, Grau; Azc\u00e1rate, Ant\u00f3n; Jos\u00e9 CRISTO V\u00e1zquez, Quino, Jos\u00e9 Gonz\u00e1lez, Pach\u00f3n y Rogelio.<\/strong><\/p>\n<p style=\"text-align: center\"><strong>Goleadores Real Betis Balompi\u00e9-Primera Divisi\u00f3n 1967\/1968, con:<br \/>\n<\/strong><\/p>\n<p style=\"text-align: left\"><strong>7: Jes\u00fas Mar\u00eda Landa Barasategui: 1.890&#8242;<br \/>\n<\/strong><\/p>\n<p style=\"text-align: left\"><strong>6.-QUINO-Joaqu\u00edn Sierra Vallejo: 2.160&#8242;<br \/>\n<\/strong><\/p>\n<p style=\"text-align: left\"><strong>5.-Jos\u00e9 CRISTO V\u00e1zquez, en\u00a0 900 Minutos Jugados.<\/strong><\/p>\n<p style=\"text-align: left\"><strong>5.-Jos\u00e9 Gonz\u00e1lez Gonz\u00e1lez: 2.070&#8242;<br \/>\n<\/strong><\/p>\n<p style=\"text-align: left\"><strong>3.-Rogelio Sosa Ram\u00edrez: 2.374&#8242;<br \/>\n<\/strong><\/p>\n<p style=\"text-align: left\"><strong>1.-Antonio Ezequiel Manaute Pinto: 540&#8242;<\/strong><\/p>\n<p style=\"text-align: left\"><strong>1.-Demetrio Oliver S\u00e1nchez: 810&#8242;<\/strong><\/p>\n<p style=\"text-align: left\"><strong>1.-Macario-Manuel P\u00e9rez Orihuela: 1.440 minutos.<\/strong><\/p>\n<p style=\"text-align: center\"><strong>CAPEONATO DE ESPA\u00d1A-Copa del General\u00edsimo.<\/strong><\/p>\n<p style=\"text-align: left\"><strong>19-Mayo-1968, domingo.-Estadio \u00abBenito Villamar\u00edn\u00bb.-Partido de Ida-1\/16 de Final, arbitrado por el se\u00f1or Barrag\u00e1n.<br \/>\n<\/strong><\/p>\n<p style=\"text-align: left\"><strong>Real Betis Balompi\u00e9-0 Gol.<\/strong><\/p>\n<p style=\"text-align: left\"><strong>Villanova; Aparicio, Ezequiel, Grau; Azc\u00e1rate, Ant\u00f3n; Jos\u00e9 CRISTO V\u00e1zquez, Pepe Gonz\u00e1lez, Demetrio, Quino y Rogelio.<\/strong><\/p>\n<p style=\"text-align: left\"><strong>Vs. <\/strong><\/p>\n<p style=\"text-align: left\"><strong>CF Badalona-1 Tanto (0-1: Casta\u00f1o, 50 minutos).<br \/>\n<\/strong><\/p>\n<p style=\"text-align: left\"><strong>Casans; Franch, Matamala, Romea; Ort\u00ed, Taulats; Juan Lu\u00eds, D\u00edaz, Ilunda\u00edn, Casta\u00f1o y Mart\u00ed.<br \/>\n<\/strong><\/p>\n<p style=\"text-align: left\"><strong>1967-Octubre 22, domingo.-Estadio Municipal de Luxemburgo, encuentro de selecciones nacionales Sub-23 a\u00f1os.<\/strong><\/p>\n<p style=\"text-align: left\"><strong>LUXEMBURGO-1 Tanto (1-1: Dubl\u00edn, 59 minutos).<br \/>\n<\/strong><\/p>\n<p style=\"text-align: left\"><strong>Ren\u00e9 Hoffmann; Hofstetter, Smitch, Jeitz; Ewen, Reiland; Pilot, Klein, Leonard, Dubl\u00edn y Kirchens.<br \/>\n<\/strong><\/p>\n<p style=\"text-align: left\"><strong>Vs.<\/strong><\/p>\n<p style=\"text-align: left\"><strong>Seleccionador: Domingo Balmany\u00e1 Perera.<br \/>\n<\/strong><\/p>\n<p style=\"text-align: left\"><strong>ESPA\u00d1A-1 Gol (0-1: Berruezo, 20 minutos).<br \/>\n<\/strong><\/p>\n<p style=\"text-align: left\"><strong>Zubiarra\u00edn (58&#8242; por lesi\u00f3n, entr\u00f3 Abelardo); Isabelo, Ramon\u00ed, Llompart; Can\u00f3s (75 minutos entr\u00f3: ANT\u00d3N-Antonio Manuel Mart\u00ednez Morales), Lico;\u00a0 Claramunt, Jos\u00e9 CRISTO V\u00e1zquez (2\u00ba tiempo entre el 58-75 minutos: Pellicer), Arieta, Berruezo y Rexach.<\/strong><\/p>\n<p style=\"text-align: left\"><strong>1968-1969.-Temporada-Real Betis Balompi\u00e9 en Segunda Divisi\u00f3n.<\/strong><\/p>\n<p style=\"text-align: center\"><strong>ENTREVISTAS:<br \/>\n<\/strong><\/p>\n<p style=\"text-align: left\"><strong><em>\u00abCRISTO, un jugador sacrificado.-Hace 10 a\u00f1os que busca en el Real Betis Balompi\u00e9 una consagraci\u00f3n que ahora espera encontrar en&#8230;Sabadell\u00bb.<\/em><\/strong><\/p>\n<p style=\"text-align: left\"><strong><em>Ya notificamos la permuta de CRISTO, delantero-extremo del Betis, al Sabadell, a cambio de los vallesanos\u00a0 Francisco Javier Torrens Yoldi y Francisco Frigols Lila.<br \/>\n<\/em><\/strong><\/p>\n<p style=\"text-align: left\"><strong><em>CRISTO, ha vuelto a ser sacrificado, en aras de las necesidades y de la salvaci\u00f3n. <\/em><\/strong><\/p>\n<p style=\"text-align: left\"><strong><em>De las necesidades y de la salvaci\u00f3n del Real Betis Balompi\u00e9. Porque es obvio explicar que continuamos tratando de Jos\u00e9 Cristo V\u00e1zquez, jugador de f\u00fatbol profesional, natural y residente de Sevilla, desde 1947 a\u00f1o en que naci\u00f3 en la popular calle del Sol.<\/em><\/strong><\/p>\n<p style=\"text-align: left\"><strong><em>&#8211;\u00bfQui\u00e9n eres, profesionalmente? le preguntamos cuando le abordamos para perge\u00f1ar un reportaje-presentaci\u00f3n con destinos a los lectores de \u00abEl Mundo Deportivo\u00bb de Barcelona, jueves 24 de julio de 1969.<br \/>\n<\/em><\/strong><\/p>\n<p style=\"text-align: left\"><strong><em>&#8211;\u00a1 Pues, ya se lo puede figurar \u00a1 Un jugador que busca desde hace 10 a\u00f1os la consagraci\u00f3n.<\/em><\/strong><\/p>\n<p style=\"text-align: left\"><strong><em>&#8211;\u00bfY porqu\u00e9 no las ha logrado todav\u00eda?<\/em><\/strong><\/p>\n<p style=\"text-align: left\"><strong><em>&#8211;Soy popular, gracias al Real Betis Balompi\u00e9, pero a\u00fan puedo llegar a m\u00e1s.<\/em><\/strong><\/p>\n<p style=\"text-align: left\"><strong><em>&#8211;\u00bfY porqu\u00e9 no la has logrado satisfacer esta reciente transferencia al Sabadell?<\/em><\/strong><\/p>\n<p style=\"text-align: left\"><strong><em>&#8211;Es posible. El Sabadell es equipo propicio para ello. Equipo de historia y con huecos para los que buscan oportunidades. Tambi\u00e9n me satisface la transferencia por volver a Primera Divisi\u00f3n.<\/em><\/strong><\/p>\n<p style=\"text-align: left\"><strong><em>&#8211;\u00bfQu\u00e9 duraci\u00f3n tiene tu compromiso con el club catal\u00e1n?<\/em><\/strong><\/p>\n<p style=\"text-align: left\"><strong><em>&#8211;Una temporada; la que va a empezar.<\/em><\/strong><\/p>\n<p style=\"text-align: left\"><strong><em>&#8211;\u00bfY t\u00fa cuando empezaste a jugar?<\/em><\/strong><\/p>\n<p style=\"text-align: left\"><strong><em>&#8211;Hace diez a\u00f1os&#8230;<\/em><\/strong><\/p>\n<p style=\"text-align: left\"><strong><em>&#8211;\u00bfC\u00f3mo distribu\u00edstes esos diez a\u00f1os de actividades futbol\u00edsticas?<\/em><\/strong><\/p>\n<p style=\"text-align: left\"><strong><em>&#8211;Seis, en el juvenil del Triana Balompi\u00e9; dos ,en el titular del Triana Balompi\u00e9; ya como profesional y actuando en Tercera Divisi\u00f3n y los dos \u00faltimos en el titular del Real Betis Balompi\u00e9.<\/em><\/strong><\/p>\n<p style=\"text-align: left\"><strong><em>&#8211;\u00bfTe incorporaste al Betis, por lo tanto, el a\u00f1o 1967?<\/em><\/strong><\/p>\n<p style=\"text-align: left\"><strong><em>&#8211;En efecto, en el per\u00edodo 1967-1968.<\/em><\/strong><\/p>\n<p style=\"text-align: left\"><strong><em>&#8211;Luego, \u00bfno eres nuevo en la Primera Divisi\u00f3n?<\/em><\/strong><\/p>\n<p style=\"text-align: left\"><strong><em>&#8211;No. Precisamente empec\u00e9 jugando en el Real Betis Balompi\u00e9, en dicha categor\u00eda. En el primer partido de la Liga, tras las \u00faltimas reincorporaci\u00f3n a la misma: fue en Valencia.<\/em><\/strong><\/p>\n<p style=\"text-align: left\"><strong><em>&#8211;\u00bfY desde entonces, cu\u00e1ntos partidos has jugado en el Betis Balompi\u00e9?<\/em><\/strong><\/p>\n<p style=\"text-align: left\"><strong><em>&#8211;En Primera Divisi\u00f3n, once; en Segunda, el a\u00f1o pasado o en la Liga \u00faltima, once. <\/em><\/strong><\/p>\n<p style=\"text-align: left\"><strong><em>Soy hombre sacrificado que actu\u00f3 como \u00abcomod\u00edn\u00bb en los extremos de la delantera y que adem\u00e1s he padecido buenos golpes en canchas que me inhabilitaron en distintas circunstancias, envi\u00e1ndome a la enfermer\u00eda.<\/em><\/strong><\/p>\n<p style=\"text-align: left\"><strong><em>&#8211;\u00bfAcaso tu caracter\u00edstica deportiva es el estoicismo?<\/em><\/strong><\/p>\n<p style=\"text-align: left\"><strong><em>&#8211;\u00a1 Bien sabe usted que no \u00a1 Soy hombre que domina el \u00abdribling\u00bb, muy r\u00e1pido y de duro y \u00e1gil tiro.<\/em><\/strong><\/p>\n<p style=\"text-align: left\"><strong><em>&#8211;\u00bfSiempre jugaste de extremo bilateral?<\/em><\/strong><\/p>\n<p style=\"text-align: left\"><strong><em>&#8211;Al incorporarme al Triana titular actu\u00e9 17 veces consecutivas como delantero centro y me alc\u00e9 entonces con el t\u00edtulo de \u00abm\u00e1ximo goleador\u00bb del Grupo. <\/em><\/strong><\/p>\n<p style=\"text-align: left\"><strong><em>Pero generalmente he jugado como extremo.<\/em><\/strong><\/p>\n<p style=\"text-align: left\"><strong><em>&#8211;\u00bfEn qu\u00e9 lugar preferentemente?<\/em><\/strong><\/p>\n<p style=\"text-align: left\"><strong><em>&#8211;Me va bien en ambos, pero prefiero el derecho.<\/em><\/strong><\/p>\n<p style=\"text-align: left\"><strong><em>&#8211;\u00bfCu\u00e1ntos goles has marcado en el Real Betis Balompi\u00e9?<\/em><\/strong><\/p>\n<p style=\"text-align: left\"><strong><em>&#8211;No llevo relaci\u00f3n. La temporada anterior pocos: tres o cuatro a lo sumo, en once partidos. \u00a1 All\u00ed estaba Quino que se encargaba del menester \u00a1<\/em><\/strong><\/p>\n<p style=\"text-align: left\"><strong><em>&#8211;\u00bfJug\u00e1bais para \u00e9l?<\/em><\/strong><\/p>\n<p style=\"text-align: left\"><strong><em>&#8211;No. Pero hombre m\u00e1s en \u00abpunta\u00bb, el palmar\u00e9s de goles se lo llev\u00f3 \u00e9l.<\/em><\/strong><\/p>\n<p style=\"text-align: left\"><strong><em>&#8211;De todos modos cuatro o cinco goles en once encuentros no est\u00e1 nada mal.<\/em><\/strong><\/p>\n<p style=\"text-align: left\"><strong><em>&#8211;\u00a1 Y hubiese sido mayor el porcentaje de no haber estorbado la suerte o la madera \u00a1 Sobre todo la suerte&#8230;<\/em><\/strong><\/p>\n<p style=\"text-align: left\"><strong><em>\u00a1 Ya hemos dicho que CRISTO es un jugador sacrificado \u00a1 Como lo acaba de demostrar ahora al dejarse intercambiar por TORRENS y FRIGOLS, ya que la base de estos fichajes ha sido esencialmente el dinero&#8230;\u00bb<\/em><\/strong><\/p>\n<p style=\"text-align: center\"><strong><em>\u00abNuevo en Sabadell\u00bb<\/em><\/strong><\/p>\n<p style=\"text-align: left\"><strong><em>\u00abAl jugador CRISTO, lo descubri\u00f3 C\u00c9SAR, en el Infantil del Real Betis Balompi\u00e9\u00bb.<\/em><\/strong><\/p>\n<p style=\"text-align: left\"><strong><em>Es Cristo, el nuevo jugador del Sabadell, procedente del Betis Balompi\u00e9 de Sevilla.<\/em><\/strong><\/p>\n<p style=\"text-align: left\"><strong><em>&#8211;\u00bfNombre y apellidos?<\/em><\/strong><\/p>\n<p style=\"text-align: left\"><strong><em>&#8211;Me llamo exactamente: Jos\u00e9 Cristo V\u00e1zquez.<\/em><\/strong><\/p>\n<p style=\"text-align: left\"><strong><em>&#8211;Tengo entendido que es usted de Triana.<\/em><\/strong><\/p>\n<p style=\"text-align: left\"><strong><em>&#8211;No. Ahora s\u00ed. Es en Triana donde tengo residencia. Pero yo he nacido en Sevilla, por la Macarena.<\/em><\/strong><\/p>\n<p style=\"text-align: left\"><strong><em>&#8211;\u00bfD\u00f3nde, Puerta Osario?<\/em><\/strong><\/p>\n<p style=\"text-align: left\"><strong><em>&#8211;Eso. A la vera de Puerta Osario. En la calle del Sol.<\/em><\/strong><\/p>\n<p style=\"text-align: left\"><strong><em>&#8211;El veneno del f\u00fatbol d\u00f3nde empez\u00f3. Supongo que de infantil y por la calle.<\/em><\/strong><\/p>\n<p style=\"text-align: left\"><strong><em>&#8211;Pues&#8230;s\u00ed. En equipos de barrio, hasta que me vinieron a buscar; para jugar m\u00e1s seriamente.<\/em><\/strong><\/p>\n<p style=\"text-align: left\"><strong><em>Pas\u00e9 a los infantiles del Real Betis Balompi\u00e9, desde el Escard\u00f3n Balompi\u00e9. He pasado por toda la escala de categor\u00edas en el club b\u00e9tico y poco llevo escrito. Soy muy joven todav\u00eda.<\/em><\/strong><\/p>\n<p style=\"text-align: left\"><strong><em>&#8211;\u00bfInterregional, primero?<\/em><\/strong><\/p>\n<p style=\"text-align: left\"><strong><em>&#8211;Eso. Jugamos contra Norte de \u00c1frica; selecci\u00f3n Tinerfe\u00f1a, Selecci\u00f3n Catalana&#8230;y alg\u00fan otro combinado.<\/em><\/strong><\/p>\n<p style=\"text-align: left\"><strong><em>&#8211;\u00bfQui\u00e9n estaba de entrenador del Real Betis cuando usted pas\u00f3 a ser titular del primer equipo?<\/em><\/strong><\/p>\n<p style=\"text-align: left\"><strong><em>&#8211;C\u00e9sar Rodr\u00edguez \u00c1lvarez. \u00c9l fue qui\u00e9n me sac\u00f3 del primero del Triana Balompi\u00e9, jugando en Tercera Divisi\u00f3n, y me incorpor\u00f3 al Real Betis Balompi\u00e9.<\/em><\/strong><\/p>\n<p style=\"text-align: left\"><strong><em>&#8211;\u00bfY qu\u00e9 ha ocurrido que despu\u00e9s no jug\u00f3 asiduamente?<\/em><\/strong><\/p>\n<p style=\"text-align: left\"><strong><em>&#8211;Pues cosas que no se comprenden. Jugu\u00e9 menos y, en cambio, me llevaron a la Selecci\u00f3n Nacional de los 23 a\u00f1os.<\/em><\/strong><\/p>\n<p style=\"text-align: left\"><strong><em>&#8211;\u00bfQui\u00e9n era el seleccionador?<\/em><\/strong><\/p>\n<p style=\"text-align: left\"><strong><em>&#8211;Domingo Balmany\u00e1 Perera. \u00c9l tuvo fe en m\u00ed y me seleccion\u00f3.<\/em><\/strong><\/p>\n<p style=\"text-align: left\"><strong><em>&#8211;\u00bfCu\u00e1ntos entrenadores ha conocido usted, siendo jugador del Real Betis Balompi\u00e9?<\/em><\/strong><\/p>\n<p style=\"text-align: left\"><strong><em>&#8211;He conocido a C\u00e9sar, Valera, Barinaga y Areta II-Esteban Areta V\u00e9lez.<\/em><\/strong><\/p>\n<p style=\"text-align: left\"><strong><em>&#8211;\u00bfCon cu\u00e1l de ellos se sinti\u00f3 usted comprendido? \u00bfMejor interpretado?<\/em><\/strong><\/p>\n<p style=\"text-align: left\"><strong><em>&#8211;Con C\u00e9sar. Me dio muchos \u00e1nimos. Mucha confianza en mi mismo.<\/em><\/strong><\/p>\n<p style=\"text-align: left\"><strong><em>&#8211;\u00bfQui\u00e9n pudo haberse interesado en el Sabadell para hacerlo aqu\u00ed?<\/em><\/strong><\/p>\n<p style=\"text-align: left\"><strong><em>&#8211;No lo s\u00e9. Alguien habr\u00e1 sido. Pero la directiva ser\u00e1 la que lo sepa.<\/em><\/strong><\/p>\n<p style=\"text-align: left\"><strong><em>&#8211;\u00bfDe qu\u00e9 forma le gusta jugar? \u00bfLanz\u00e1ndose por piernas, o replegado, prestando apoyo a la l\u00ednea media?<\/em><\/strong><\/p>\n<p style=\"text-align: left\"><strong><em>&#8211;Yo me considero r\u00e1pido. Me gusta llevar la pelota prendida en los pies y lo mismo internarme, si se me pide jugar as\u00ed, que combinando con el interior o con el volante&#8230;<\/em><\/strong><\/p>\n<p style=\"text-align: left\"><strong><em>&#8211;\u00bfMetiendo goles o esperando a que los metan los dem\u00e1s?<\/em><\/strong><\/p>\n<p style=\"text-align: left\"><strong><em>&#8211;Yo he metido muchos. Me interno en diagonal, si hay espacio, y cedo el bal\u00f3n al compa\u00f1ero mejor situado, o chuto sobre la marcha, si me corresponde terminar la jugada a m\u00ed.<\/em><\/strong><\/p>\n<p style=\"text-align: left\"><strong><em>&#8211;\u00bfTiene usted alguna profesi\u00f3n iniciada?<\/em><\/strong><\/p>\n<p style=\"text-align: left\"><strong><em>&#8211;No. Estudiaba bachillerato&#8230;pero el f\u00fatbol intervino y&#8230;Ya ver\u00e1 usted.<\/em><\/strong><\/p>\n<p style=\"text-align: left\"><strong><em>&#8211;\u00a1 Vaya \u00a1 Profesional; esperando triunfal. \u00bfMuchos hermanos?<\/em><\/strong><\/p>\n<p style=\"text-align: left\"><strong><em>&#8211;Tres. Uno mayor que yo y otro m\u00e1s chico. Todos varones. El peque\u00f1o anda ya con los juveniles del Real Betis Balompi\u00e9 y promete mucho.<\/em><\/strong><\/p>\n<p style=\"text-align: left\"><strong><em>&#8211;\u00bfLa edad de usted?<\/em><\/strong><\/p>\n<p style=\"text-align: left\"><strong><em>&#8211;Veintid\u00f3s a\u00f1os.<\/em><\/strong><\/p>\n<p style=\"text-align: left\"><strong><em>&#8211;\u00bfServicio Militar?<\/em><\/strong><\/p>\n<p style=\"text-align: left\"><strong><em>&#8211;Lo hice en Infanter\u00eda.<\/em><\/strong><\/p>\n<p style=\"text-align: left\"><strong><em>&#8211;Bien. \u00bfHincha del Betis?<\/em><\/strong><\/p>\n<p style=\"text-align: left\"><strong><em>&#8211;Siempre. \u00abManque pierda&#8230;\u00bb.<\/em><\/strong><\/p>\n<p style=\"text-align: left\"><strong><em>Entrevista de Olle Bertan en el diario de Barcelona, \u00abEl Mundo Deportivo\u00bb, lunes 11 de agosto de 1969.<br \/>\n<\/em><\/strong><\/p>\n<p style=\"text-align: left\"><strong> <\/strong><\/p>\n<p style=\"text-align: center\"><strong> <\/strong><\/p>\n<p style=\"text-align: center\"><strong> <\/strong><\/p>\n<p><strong><br \/>\n<\/strong><\/p>\n<p><strong><br \/>\n<\/strong><\/p>\n<p><strong><br \/>\n<\/strong><\/p>\n<p style=\"text-align: center\">&nbsp;<\/p>\n","protected":false},"excerpt":{"rendered":"<p>&nbsp; Naci\u00f3 en Sevilla, mi\u00e9rcoles 12 de marzo de 1947; 27 de mayo de 2010; 63 a\u00f1os. D. E. P. \u00abJugador formado desde su comienzo en las filas del Real Betis Balompi\u00e9, escalando posiciones desde el Infantil y equipo de Aficionados. Extremo de ambos lados se ha afianzado como algo m\u00e1s que una esperanza y&#8230;<\/p>\n","protected":false},"author":48,"featured_media":0,"comment_status":"open","ping_status":"open","sticky":false,"template":"","format":"standard","meta":{"_kad_post_transparent":"","_kad_post_title":"","_kad_post_layout":"","_kad_post_sidebar_id":"","_kad_post_content_style":"","_kad_post_vertical_padding":"","_kad_post_feature":"","_kad_post_feature_position":"","_kad_post_header":false,"_kad_post_footer":false,"_kad_post_classname":"","_jetpack_memberships_contains_paid_content":false,"footnotes":"","jetpack_publicize_message":"","jetpack_publicize_feature_enabled":true,"jetpack_social_post_already_shared":false,"jetpack_social_options":{"image_generator_settings":{"template":"highway","default_image_id":0,"font":"","enabled":false},"version":2}},"categories":[902,893],"tags":[4201,1381],"class_list":["post-11183","post","type-post","status-publish","format-standard","hentry","category-1960-1969","category-jugadores-temas","tag-4201","tag-jose-cristo"],"jetpack_publicize_connections":[],"jetpack_featured_media_url":"","jetpack_sharing_enabled":true,"jetpack_shortlink":"https:\/\/wp.me\/p1ij08-2Un","jetpack-related-posts":[],"_links":{"self":[{"href":"https:\/\/www.manquepierda.com\/historiarealbetis\/wp-json\/wp\/v2\/posts\/11183","targetHints":{"allow":["GET"]}}],"collection":[{"href":"https:\/\/www.manquepierda.com\/historiarealbetis\/wp-json\/wp\/v2\/posts"}],"about":[{"href":"https:\/\/www.manquepierda.com\/historiarealbetis\/wp-json\/wp\/v2\/types\/post"}],"author":[{"embeddable":true,"href":"https:\/\/www.manquepierda.com\/historiarealbetis\/wp-json\/wp\/v2\/users\/48"}],"replies":[{"embeddable":true,"href":"https:\/\/www.manquepierda.com\/historiarealbetis\/wp-json\/wp\/v2\/comments?post=11183"}],"version-history":[{"count":1,"href":"https:\/\/www.manquepierda.com\/historiarealbetis\/wp-json\/wp\/v2\/posts\/11183\/revisions"}],"predecessor-version":[{"id":94783,"href":"https:\/\/www.manquepierda.com\/historiarealbetis\/wp-json\/wp\/v2\/posts\/11183\/revisions\/94783"}],"wp:attachment":[{"href":"https:\/\/www.manquepierda.com\/historiarealbetis\/wp-json\/wp\/v2\/media?parent=11183"}],"wp:term":[{"taxonomy":"category","embeddable":true,"href":"https:\/\/www.manquepierda.com\/historiarealbetis\/wp-json\/wp\/v2\/categories?post=11183"},{"taxonomy":"post_tag","embeddable":true,"href":"https:\/\/www.manquepierda.com\/historiarealbetis\/wp-json\/wp\/v2\/tags?post=11183"}],"curies":[{"name":"wp","href":"https:\/\/api.w.org\/{rel}","templated":true}]}}