{"id":11247,"date":"2011-05-14T17:06:50","date_gmt":"2011-05-14T16:06:50","guid":{"rendered":"http:\/\/www.manquepierda.com\/historiarealbetis\/?p=11247"},"modified":"2024-09-10T23:11:49","modified_gmt":"2024-09-10T21:11:49","slug":"fundado-en-1907-secretarias-real-betis-balompie","status":"publish","type":"post","link":"https:\/\/www.manquepierda.com\/historiarealbetis\/fundado-en-1907-secretarias-real-betis-balompie\/","title":{"rendered":"\u00abFundado en 1907\u00bb Secretar\u00edas Real Betis Balompi\u00e9"},"content":{"rendered":"<p style=\"text-align: left\"><strong><em>1915-1916.-Calle Hita del Castillo N\u00ba 5.<\/em><\/strong><\/p>\n<p style=\"text-align: left\"><strong><em>1916-1917.-Calle Santander N\u00ba 1.<\/em><\/strong><\/p>\n<p style=\"text-align: left\"><strong><em>1922-1923.-Calle Rivero N\u00ba 12.<\/em><\/strong><\/p>\n<p style=\"text-align: left\"><strong><em>1924.-Calle Santa Ana.-Campo de deportes: Real Patronato Obrero (144 metros de largo por 120 metros de ancho con capacidad para 10.000 espectadores)-Casas Baratas, barrio de \u00abEl Porvenir\u00bb.<\/em><\/strong><\/p>\n<p style=\"text-align: left\"><strong><em>1925-1926.-Calle Fern\u00e1ndez y Gonz\u00e1lez N\u00ba 14.-\u00abSu campo de juego est\u00e1 situado en el barrio Borbolla. Tiene 111&#215;75 metros. con capacidad de 5.000 espectadores.-El uniforme es jersey Blanco y Verde a rayas verticales, y pantal\u00f3n Blanco. (Anuario Federaci\u00f3n Espa\u00f1ola de F\u00fatbol 1926).<br \/>\n<\/em><\/strong><\/p>\n<p style=\"text-align: left\"><strong><em>1926-1927 y 1927-1928: Calle Argote de Molina N\u00ba 16.<\/em><\/strong><\/p>\n<p style=\"text-align: left\"><a href=\"https:\/\/i0.wp.com\/www.manquepierda.com\/historiarealbetis\/files\/2011\/05\/%C3%81lvarez-Quintero2.jpg?ssl=1\"><img data-recalc-dims=\"1\" loading=\"lazy\" decoding=\"async\" class=\"aligncenter size-full wp-image-12838\" src=\"https:\/\/i0.wp.com\/www.manquepierda.com\/historiarealbetis\/files\/2011\/05\/%C3%81lvarez-Quintero2.jpg?resize=160%2C167&#038;ssl=1\" alt=\"\" width=\"160\" height=\"167\" \/><\/a><strong><em><\/em><\/strong><strong><em>1928.-Calle \u00c1lvarez Quintero N\u00ba 31.- Presidente, don Ignacio S\u00e1nchez Mej\u00edas.- Campo de Deportes: Real Patronato Obrero-Casas Baratas-\u00abEl Porvenir\u00bb.- Taquillas: Bar Jerezano, frente al Banco de Espa\u00f1a.\u00a0 <\/em><\/strong><\/p>\n<p style=\"text-align: left\"><strong><em><br \/>\n<\/em><\/strong><\/p>\n<p style=\"text-align: left\"><a href=\"https:\/\/i0.wp.com\/www.manquepierda.com\/historiarealbetis\/files\/2011\/05\/escanear00091.jpg?ssl=1\"><img data-recalc-dims=\"1\" loading=\"lazy\" decoding=\"async\" class=\"aligncenter size-full wp-image-12837\" src=\"https:\/\/i0.wp.com\/www.manquepierda.com\/historiarealbetis\/files\/2011\/05\/escanear00091.jpg?resize=258%2C261&#038;ssl=1\" alt=\"\" width=\"258\" height=\"261\" \/><\/a><strong><em>1930 Marzo<\/em><\/strong>:\u00a0 <strong>Secretar\u00eda del Real Betis, calle Vel\u00e1zquez N\u00ba 3.<\/strong><\/p>\n<p style=\"text-align: left\"><strong><em><a href=\"https:\/\/i0.wp.com\/www.manquepierda.com\/historiarealbetis\/files\/2011\/05\/escanear0004.jpg?ssl=1\"><img data-recalc-dims=\"1\" loading=\"lazy\" decoding=\"async\" class=\"aligncenter size-full wp-image-12136\" src=\"https:\/\/i0.wp.com\/www.manquepierda.com\/historiarealbetis\/files\/2011\/05\/escanear0004.jpg?resize=275%2C254&#038;ssl=1\" alt=\"\" width=\"275\" height=\"254\" \/><\/a>1930-Agosto.-Secretar\u00eda calle Mart\u00edn Villa n\u00ba 7-Entresuelo.<\/em><\/strong><\/p>\n<p style=\"text-align: left\"><strong><em>1931.-Calle Garc\u00eda de Vinuesa N\u00ba 7.<\/em><\/strong><\/p>\n<p style=\"text-align: left\"><a href=\"https:\/\/i0.wp.com\/www.manquepierda.com\/historiarealbetis\/files\/2011\/05\/Santa-Mar%C3%ADa-de-Gracia-7-11.jpg?ssl=1\"><img data-recalc-dims=\"1\" loading=\"lazy\" decoding=\"async\" class=\"aligncenter size-full wp-image-12899\" src=\"https:\/\/i0.wp.com\/www.manquepierda.com\/historiarealbetis\/files\/2011\/05\/Santa-Mar%C3%ADa-de-Gracia-7-11.jpg?resize=239%2C218&#038;ssl=1\" alt=\"\" width=\"239\" height=\"218\" \/><\/a><strong><em>1931.-Calle Santa Mar\u00eda de Gracia.-Altos del Bar Plata.<\/em><\/strong><\/p>\n<p style=\"text-align: left\"><strong><em>1931-1932.-Calle O&#8217;Donnell N\u00ba 7-Piso 2\u00ba<\/em><\/strong>.<\/p>\n<p style=\"text-align: left\"><strong><em>1932-1933.-Calle San Pablo N\u00ba 10.<\/em><\/strong><\/p>\n<p style=\"text-align: left\"><strong><em>1933-1934+1934-1935: calle Bilbao n\u00ba 2. <\/em><\/strong><\/p>\n<p style=\"text-align: left\"><strong><em><a href=\"https:\/\/i0.wp.com\/www.manquepierda.com\/historiarealbetis\/files\/2011\/05\/escanear0020.jpg?ssl=1\"><img data-recalc-dims=\"1\" loading=\"lazy\" decoding=\"async\" class=\"aligncenter size-full wp-image-11249\" src=\"https:\/\/i0.wp.com\/www.manquepierda.com\/historiarealbetis\/files\/2011\/05\/escanear0020.jpg?resize=351%2C319&#038;ssl=1\" alt=\"\" width=\"351\" height=\"319\" srcset=\"https:\/\/i0.wp.com\/www.manquepierda.com\/historiarealbetis\/files\/2011\/05\/escanear0020.jpg?w=351&amp;ssl=1 351w, https:\/\/i0.wp.com\/www.manquepierda.com\/historiarealbetis\/files\/2011\/05\/escanear0020.jpg?resize=300%2C272&amp;ssl=1 300w\" sizes=\"auto, (max-width: 351px) 100vw, 351px\" \/><\/a>1940-Abril.-Calle Sierpes N\u00ba 9.-Tel\u00e9fono n\u00ba 28179.-<\/em><em>Presidente, don Antonio Moreno Sevillano.- <\/em><em>Campo de Deportes: Estadio de la Exposici\u00f3n Iberoamericana de Sevilla-1929.<\/em><\/strong><\/p>\n<p style=\"text-align: left\"><strong><em><a href=\"https:\/\/i0.wp.com\/www.manquepierda.com\/historiarealbetis\/files\/2011\/05\/escanear00212.jpg?ssl=1\"><img data-recalc-dims=\"1\" loading=\"lazy\" decoding=\"async\" class=\"aligncenter size-full wp-image-11252\" src=\"https:\/\/i0.wp.com\/www.manquepierda.com\/historiarealbetis\/files\/2011\/05\/escanear00212.jpg?resize=414%2C143&#038;ssl=1\" alt=\"\" width=\"414\" height=\"143\" srcset=\"https:\/\/i0.wp.com\/www.manquepierda.com\/historiarealbetis\/files\/2011\/05\/escanear00212.jpg?w=414&amp;ssl=1 414w, https:\/\/i0.wp.com\/www.manquepierda.com\/historiarealbetis\/files\/2011\/05\/escanear00212.jpg?resize=300%2C103&amp;ssl=1 300w\" sizes=\"auto, (max-width: 414px) 100vw, 414px\" \/><\/a><\/em><\/strong><\/p>\n<p style=\"text-align: left\"><strong><em>1946-Enero.-Calle Sierpes n\u00ba 9-Principal.-Fundado en 1907.-Tel\u00e9fono n\u00ba 28179.- Sub Campe\u00f3n de Espa\u00f1a 1930-1931.- Campe\u00f3n Nacional de Liga 2\u00aa Divisi\u00f3n 1931-1932 y 1941-1942.- Campe\u00f3n Nacional de Liga 1\u00aa Divisi\u00f3n 1934-1935.- Presidente, don Eduardo Benjumea V\u00e1zquez y Armero.- Campo de Deportes: Estadio Avenida Victoria (antes Paseo de la Palmera), tel\u00e9fono n\u00ba 31765.<\/em><\/strong><\/p>\n<p style=\"text-align: center\"><strong><em><a href=\"https:\/\/i0.wp.com\/www.manquepierda.com\/historiarealbetis\/files\/2011\/05\/Secretar%C3%ADa-Betis.jpg?ssl=1\"><img data-recalc-dims=\"1\" loading=\"lazy\" decoding=\"async\" class=\"aligncenter size-full wp-image-12222\" src=\"https:\/\/i0.wp.com\/www.manquepierda.com\/historiarealbetis\/files\/2011\/05\/Secretar%C3%ADa-Betis.jpg?resize=640%2C98&#038;ssl=1\" alt=\"\" width=\"640\" height=\"98\" srcset=\"https:\/\/i0.wp.com\/www.manquepierda.com\/historiarealbetis\/files\/2011\/05\/Secretar%C3%ADa-Betis.jpg?w=640&amp;ssl=1 640w, https:\/\/i0.wp.com\/www.manquepierda.com\/historiarealbetis\/files\/2011\/05\/Secretar%C3%ADa-Betis.jpg?resize=300%2C45&amp;ssl=1 300w\" sizes=\"auto, (max-width: 640px) 100vw, 640px\" \/><\/a><\/em><\/strong><\/p>\n<p style=\"text-align: left\"><strong>1942.-Calle Santa Mar\u00eda de Gracia N\u00ba 7 y 11.<\/strong><\/p>\n<p style=\"text-align: center\"><strong><em><a href=\"https:\/\/i0.wp.com\/www.manquepierda.com\/historiarealbetis\/files\/2011\/05\/escanear0022.jpg?ssl=1\"><img data-recalc-dims=\"1\" loading=\"lazy\" decoding=\"async\" class=\"aligncenter size-full wp-image-11253\" src=\"https:\/\/i0.wp.com\/www.manquepierda.com\/historiarealbetis\/files\/2011\/05\/escanear0022.jpg?resize=669%2C211&#038;ssl=1\" alt=\"\" width=\"669\" height=\"211\" srcset=\"https:\/\/i0.wp.com\/www.manquepierda.com\/historiarealbetis\/files\/2011\/05\/escanear0022.jpg?w=669&amp;ssl=1 669w, https:\/\/i0.wp.com\/www.manquepierda.com\/historiarealbetis\/files\/2011\/05\/escanear0022.jpg?resize=300%2C94&amp;ssl=1 300w\" sizes=\"auto, (max-width: 669px) 100vw, 669px\" \/><\/a><\/em><\/strong><\/p>\n<p style=\"text-align: left\"><strong><em>1949-Marzo.-Calle Tom\u00e1s de Ibarra N\u00ba 20.-Fundado en 1907.- Subcampe\u00f3n de Espa\u00f1a 1930-1931.- Campe\u00f3n Nacional de Liga 2\u00aa Divisi\u00f3n: 1931-1932, 1941-1942.- Campe\u00f3n Nacional de Liga 1\u00aa Divisi\u00f3n 1934-1935.- Presidente, don Pascual Aparicio Garc\u00eda.-Campo de deportes: Estadio-Avenida de la Victoria (antes Paseo de la Palmera), tel\u00e9fono n\u00ba 31765.<\/em><\/strong><\/p>\n<p style=\"text-align: left\"><strong><em><a href=\"https:\/\/i0.wp.com\/www.manquepierda.com\/historiarealbetis\/files\/2011\/05\/escanear0002.jpg?ssl=1\"><img data-recalc-dims=\"1\" loading=\"lazy\" decoding=\"async\" class=\"aligncenter size-full wp-image-12125\" src=\"https:\/\/i0.wp.com\/www.manquepierda.com\/historiarealbetis\/files\/2011\/05\/escanear0002.jpg?resize=226%2C99&#038;ssl=1\" alt=\"\" width=\"226\" height=\"99\" \/><\/a>1949-1950.-Secretar\u00eda calle Tom\u00e1s de Ibarra N\u00ba 20.-Saca a concurso en junio 28, la cantina y Servicios de Bar del Estadio de Heli\u00f3polis.<br \/>\n<\/em><\/strong><\/p>\n<p style=\"text-align: left\"><strong><em><a href=\"https:\/\/i0.wp.com\/www.manquepierda.com\/historiarealbetis\/files\/2011\/05\/escanear0023.jpg?ssl=1\"><img data-recalc-dims=\"1\" loading=\"lazy\" decoding=\"async\" class=\"aligncenter size-full wp-image-11254\" src=\"https:\/\/i0.wp.com\/www.manquepierda.com\/historiarealbetis\/files\/2011\/05\/escanear0023.jpg?resize=381%2C334&#038;ssl=1\" alt=\"\" width=\"381\" height=\"334\" srcset=\"https:\/\/i0.wp.com\/www.manquepierda.com\/historiarealbetis\/files\/2011\/05\/escanear0023.jpg?w=381&amp;ssl=1 381w, https:\/\/i0.wp.com\/www.manquepierda.com\/historiarealbetis\/files\/2011\/05\/escanear0023.jpg?resize=300%2C262&amp;ssl=1 300w\" sizes=\"auto, (max-width: 381px) 100vw, 381px\" \/><\/a><\/em><\/strong><\/p>\n<p style=\"text-align: left\"><strong><em>1951-Julio 26, jueves-Inauguraci\u00f3n 21&#8217;00 Horas: Calle Mateos Gago N\u00ba 23.-Presidente, don Pascual Aparicio Garc\u00eda.<\/em><\/strong><\/p>\n<p style=\"text-align: left\"><strong><em><a href=\"https:\/\/i0.wp.com\/www.manquepierda.com\/historiarealbetis\/files\/2011\/05\/escanear0001.jpg?ssl=1\"><img data-recalc-dims=\"1\" loading=\"lazy\" decoding=\"async\" class=\"aligncenter size-full wp-image-12117\" src=\"https:\/\/i0.wp.com\/www.manquepierda.com\/historiarealbetis\/files\/2011\/05\/escanear0001.jpg?resize=468%2C538&#038;ssl=1\" alt=\"\" width=\"468\" height=\"538\" srcset=\"https:\/\/i0.wp.com\/www.manquepierda.com\/historiarealbetis\/files\/2011\/05\/escanear0001.jpg?w=468&amp;ssl=1 468w, https:\/\/i0.wp.com\/www.manquepierda.com\/historiarealbetis\/files\/2011\/05\/escanear0001.jpg?resize=260%2C300&amp;ssl=1 260w\" sizes=\"auto, (max-width: 468px) 100vw, 468px\" \/><\/a>1951.-Secretar\u00eda calle Mateos Gago n\u00ba 23.<br \/>\n<\/em><\/strong><\/p>\n<p style=\"text-align: center\"><strong><em><a href=\"https:\/\/i0.wp.com\/www.manquepierda.com\/historiarealbetis\/files\/2011\/05\/escanear0058.jpg?ssl=1\"><img data-recalc-dims=\"1\" loading=\"lazy\" decoding=\"async\" class=\"aligncenter size-full wp-image-11255\" src=\"https:\/\/i0.wp.com\/www.manquepierda.com\/historiarealbetis\/files\/2011\/05\/escanear0058.jpg?resize=487%2C147&#038;ssl=1\" alt=\"\" width=\"487\" height=\"147\" srcset=\"https:\/\/i0.wp.com\/www.manquepierda.com\/historiarealbetis\/files\/2011\/05\/escanear0058.jpg?w=487&amp;ssl=1 487w, https:\/\/i0.wp.com\/www.manquepierda.com\/historiarealbetis\/files\/2011\/05\/escanear0058.jpg?resize=300%2C90&amp;ssl=1 300w\" sizes=\"auto, (max-width: 487px) 100vw, 487px\" \/><\/a><\/em><\/strong><\/p>\n<p style=\"text-align: left\"><strong><em>1957-Abril.-Calle Alemanes n\u00ba 11.-Fundado en 1907.-Tel\u00e9fono n\u00ba 24454.-Presidente, don Benito Villamar\u00edn Prieto.-Campo de deportes: ESTADIO.-Avenida Victoria (antes Paseo de la Palmera), tel\u00e9fono n\u00ba 31765.<\/em><\/strong><\/p>\n<p style=\"text-align: center\"><strong><em><a href=\"https:\/\/i0.wp.com\/www.manquepierda.com\/historiarealbetis\/files\/2011\/05\/escanear0059.jpg?ssl=1\"><img data-recalc-dims=\"1\" loading=\"lazy\" decoding=\"async\" class=\"aligncenter size-full wp-image-11256\" src=\"https:\/\/i0.wp.com\/www.manquepierda.com\/historiarealbetis\/files\/2011\/05\/escanear0059.jpg?resize=510%2C127&#038;ssl=1\" alt=\"\" width=\"510\" height=\"127\" srcset=\"https:\/\/i0.wp.com\/www.manquepierda.com\/historiarealbetis\/files\/2011\/05\/escanear0059.jpg?w=510&amp;ssl=1 510w, https:\/\/i0.wp.com\/www.manquepierda.com\/historiarealbetis\/files\/2011\/05\/escanear0059.jpg?resize=300%2C74&amp;ssl=1 300w\" sizes=\"auto, (max-width: 510px) 100vw, 510px\" \/><\/a><\/em><\/strong><\/p>\n<p style=\"text-align: left\"><strong><em>Calle Conde de Barajas n\u00ba23.-Fundado en 1907.-Tel\u00e9fonos n\u00ba 224454 y 229924.-Campo de Deportes: Estadio Benito Villamar\u00edn.-Tel\u00e9fono n\u00ba 610340.-Sevilla-2-.<\/em><\/strong><\/p>\n<p style=\"text-align: center\"><strong><em>BETIS DEPORTIVO BALOMPI\u00c9.<br \/>\n<\/em><\/strong><\/p>\n<p style=\"text-align: center\"><strong><em><a href=\"https:\/\/i0.wp.com\/www.manquepierda.com\/historiarealbetis\/files\/2011\/05\/escanear0060.jpg?ssl=1\"><img data-recalc-dims=\"1\" loading=\"lazy\" decoding=\"async\" class=\"aligncenter size-full wp-image-11257\" src=\"https:\/\/i0.wp.com\/www.manquepierda.com\/historiarealbetis\/files\/2011\/05\/escanear0060.jpg?resize=510%2C144&#038;ssl=1\" alt=\"\" width=\"510\" height=\"144\" srcset=\"https:\/\/i0.wp.com\/www.manquepierda.com\/historiarealbetis\/files\/2011\/05\/escanear0060.jpg?w=510&amp;ssl=1 510w, https:\/\/i0.wp.com\/www.manquepierda.com\/historiarealbetis\/files\/2011\/05\/escanear0060.jpg?resize=300%2C84&amp;ssl=1 300w\" sizes=\"auto, (max-width: 510px) 100vw, 510px\" \/><\/a>1976.<br \/>\n<\/em><\/strong><\/p>\n<p style=\"text-align: center\"><strong><em><br \/>\n<\/em><\/strong><\/p>\n<p style=\"text-align: left\"><strong><em><br \/>\n<\/em><\/strong><\/p>\n<p style=\"text-align: center\"><strong><em><br \/>\n<\/em><\/strong><\/p>\n<p style=\"text-align: center\"><strong><em><br \/>\n<\/em><\/strong><\/p>\n<p style=\"text-align: left\"><strong><em><br \/>\n<\/em><\/strong><\/p>\n<p style=\"text-align: center\"><strong><em><br \/>\n<\/em><\/strong><\/p>\n<p style=\"text-align: center\"><strong><em><br \/>\n<\/em><\/strong><\/p>\n","protected":false},"excerpt":{"rendered":"<p>1915-1916.-Calle Hita del Castillo N\u00ba 5. 1916-1917.-Calle Santander N\u00ba 1. 1922-1923.-Calle Rivero N\u00ba 12. 1924.-Calle Santa Ana.-Campo de deportes: Real Patronato Obrero (144 metros de largo por 120 metros de ancho con capacidad para 10.000 espectadores)-Casas Baratas, barrio de \u00abEl Porvenir\u00bb. 1925-1926.-Calle Fern\u00e1ndez y Gonz\u00e1lez N\u00ba 14.-\u00abSu campo de juego est\u00e1 situado en el barrio&#8230;<\/p>\n","protected":false},"author":48,"featured_media":0,"comment_status":"open","ping_status":"open","sticky":false,"template":"","format":"standard","meta":{"_kad_post_transparent":"","_kad_post_title":"","_kad_post_layout":"","_kad_post_sidebar_id":"","_kad_post_content_style":"","_kad_post_vertical_padding":"","_kad_post_feature":"","_kad_post_feature_position":"","_kad_post_header":false,"_kad_post_footer":false,"_kad_post_classname":"","_jetpack_memberships_contains_paid_content":false,"footnotes":"","jetpack_publicize_message":"","jetpack_publicize_feature_enabled":true,"jetpack_social_post_already_shared":false,"jetpack_social_options":{"image_generator_settings":{"template":"highway","default_image_id":0,"font":"","enabled":false},"version":2}},"categories":[896,898,899,900,901,902,903,904],"tags":[2516,2517,355,4046,2673,2518,2515,2657,2677,2660,1744,2511,2512,2679,2659],"class_list":["post-11247","post","type-post","status-publish","format-standard","hentry","category-1908-1919","category-1920-1929","category-1930-1939","category-1940-1949","category-1950-1959","category-1960-1969","category-1970-1979","category-1980-1989","tag-alemanes-11","tag-conde-de-barajas-23","tag-estadio-benito-villamarin","tag-fernandez-y-gonzalez-n-14","tag-hita-del-castillo-5","tag-martin-villa-7-entresuelo","tag-mateos-gago-23","tag-munoz-olive-n-7","tag-odonnell-7-2-piso","tag-santa-ana","tag-secretarias","tag-sierpes-9","tag-sierpes-9-principal","tag-tarifa-3-altos-kursaal","tag-tomas-de-ibarra-n-20"],"jetpack_publicize_connections":[],"jetpack_featured_media_url":"","jetpack_sharing_enabled":true,"jetpack_shortlink":"https:\/\/wp.me\/p1ij08-2Vp","jetpack-related-posts":[],"_links":{"self":[{"href":"https:\/\/www.manquepierda.com\/historiarealbetis\/wp-json\/wp\/v2\/posts\/11247","targetHints":{"allow":["GET"]}}],"collection":[{"href":"https:\/\/www.manquepierda.com\/historiarealbetis\/wp-json\/wp\/v2\/posts"}],"about":[{"href":"https:\/\/www.manquepierda.com\/historiarealbetis\/wp-json\/wp\/v2\/types\/post"}],"author":[{"embeddable":true,"href":"https:\/\/www.manquepierda.com\/historiarealbetis\/wp-json\/wp\/v2\/users\/48"}],"replies":[{"embeddable":true,"href":"https:\/\/www.manquepierda.com\/historiarealbetis\/wp-json\/wp\/v2\/comments?post=11247"}],"version-history":[{"count":1,"href":"https:\/\/www.manquepierda.com\/historiarealbetis\/wp-json\/wp\/v2\/posts\/11247\/revisions"}],"predecessor-version":[{"id":99053,"href":"https:\/\/www.manquepierda.com\/historiarealbetis\/wp-json\/wp\/v2\/posts\/11247\/revisions\/99053"}],"wp:attachment":[{"href":"https:\/\/www.manquepierda.com\/historiarealbetis\/wp-json\/wp\/v2\/media?parent=11247"}],"wp:term":[{"taxonomy":"category","embeddable":true,"href":"https:\/\/www.manquepierda.com\/historiarealbetis\/wp-json\/wp\/v2\/categories?post=11247"},{"taxonomy":"post_tag","embeddable":true,"href":"https:\/\/www.manquepierda.com\/historiarealbetis\/wp-json\/wp\/v2\/tags?post=11247"}],"curies":[{"name":"wp","href":"https:\/\/api.w.org\/{rel}","templated":true}]}}