{"id":11511,"date":"2011-06-07T06:17:17","date_gmt":"2011-06-07T05:17:17","guid":{"rendered":"http:\/\/www.manquepierda.com\/historiarealbetis\/?p=11511"},"modified":"2024-09-01T11:53:58","modified_gmt":"2024-09-01T09:53:58","slug":"alineacion-betis-sevilla-liga-1972","status":"publish","type":"post","link":"https:\/\/www.manquepierda.com\/historiarealbetis\/alineacion-betis-sevilla-liga-1972\/","title":{"rendered":"Alineaci\u00f3n Betis-Sevilla Liga 1972"},"content":{"rendered":"<p>&nbsp;<\/p>\n<figure id=\"attachment_11560\" aria-describedby=\"caption-attachment-11560\" style=\"width: 632px\" class=\"wp-caption aligncenter\"><a href=\"https:\/\/i0.wp.com\/www.manquepierda.com\/historiarealbetis\/files\/2011\/06\/Alineaci%C3%B3n-Betis-Sevilla-Liga-1972-NMP-As-Color.jpg?ssl=1\"><img data-recalc-dims=\"1\" loading=\"lazy\" decoding=\"async\" class=\"size-full wp-image-11560\" src=\"https:\/\/i0.wp.com\/www.manquepierda.com\/historiarealbetis\/files\/2011\/06\/Alineaci%C3%B3n-Betis-Sevilla-Liga-1972-NMP-As-Color.jpg?resize=632%2C532&#038;ssl=1\" alt=\"\" width=\"632\" height=\"532\" srcset=\"https:\/\/i0.wp.com\/www.manquepierda.com\/historiarealbetis\/files\/2011\/06\/Alineaci%C3%B3n-Betis-Sevilla-Liga-1972-NMP-As-Color.jpg?w=632&amp;ssl=1 632w, https:\/\/i0.wp.com\/www.manquepierda.com\/historiarealbetis\/files\/2011\/06\/Alineaci%C3%B3n-Betis-Sevilla-Liga-1972-NMP-As-Color.jpg?resize=300%2C252&amp;ssl=1 300w\" sizes=\"auto, (max-width: 632px) 100vw, 632px\" \/><\/a><figcaption id=\"caption-attachment-11560\" class=\"wp-caption-text\">Fuente: As Color 28 de Marzo de 1972<\/figcaption><\/figure>\n<p>19 de Marzo de 1972 en el Benito Villamar\u00edn Betis 1 Sevilla 1; jornada 26 del Campeonato de Liga de Primera Divisi\u00f3n.<\/p>\n<p>&nbsp;<\/p>\n<p>En la imagen arriba: Pesudo, Telech\u00eda, Bizcocho, Casasas, Ir\u00edzar y Cobo; abajo: Macario, Gonz\u00e1lez, L\u00f3pez, Rogelio y Ben\u00edtez.<\/p>\n<p>Los goles fueron marcados por Macario en el minuto 44 y Acosta en el 58.<\/p>\n<p>Ferenc Szusza entrenaba al Betis y Vic Buckingham al Sevilla.<\/p>\n<p>&nbsp;<\/p>\n<p>&nbsp;<\/p>\n","protected":false},"excerpt":{"rendered":"<p>&nbsp; 19 de Marzo de 1972 en el Benito Villamar\u00edn Betis 1 Sevilla 1; jornada 26 del Campeonato de Liga de Primera Divisi\u00f3n. &nbsp; En la imagen arriba: Pesudo, Telech\u00eda, Bizcocho, Casasas, Ir\u00edzar y Cobo; abajo: Macario, Gonz\u00e1lez, L\u00f3pez, Rogelio y Ben\u00edtez. Los goles fueron marcados por Macario en el minuto 44 y Acosta en&#8230;<\/p>\n","protected":false},"author":5,"featured_media":11560,"comment_status":"open","ping_status":"open","sticky":false,"template":"","format":"standard","meta":{"_kad_post_transparent":"","_kad_post_title":"","_kad_post_layout":"","_kad_post_sidebar_id":"","_kad_post_content_style":"","_kad_post_vertical_padding":"","_kad_post_feature":"","_kad_post_feature_position":"","_kad_post_header":false,"_kad_post_footer":false,"_kad_post_classname":"","_jetpack_memberships_contains_paid_content":false,"footnotes":"","jetpack_publicize_message":"","jetpack_publicize_feature_enabled":true,"jetpack_social_post_already_shared":false,"jetpack_social_options":{"image_generator_settings":{"template":"highway","default_image_id":0,"font":"","enabled":false},"version":2}},"categories":[903,1],"tags":[2317,1091,1120,1245,2086,1178,2319,1313,2318,1181,17892,1619,1040,1396,916],"class_list":["post-11511","post","type-post","status-publish","format-standard","has-post-thumbnail","hentry","category-1970-1979","category-portada","tag-1971-72","tag-1091","tag-antonio-benitez","tag-francisco-bizcocho","tag-francisco-telechia","tag-javier-lopez","tag-jesus-maria-irizar","tag-jose-manuel-pesudo","tag-juan-casasas","tag-juan-manuel-cobo","tag-liga-primera-1971-72","tag-manuel-perez-macario","tag-pepe-gonzalez","tag-rogelio-sosa","tag-sevilla-fc"],"jetpack_publicize_connections":[],"jetpack_featured_media_url":"https:\/\/i0.wp.com\/www.manquepierda.com\/historiarealbetis\/files\/2011\/06\/Alineaci%C3%B3n-Betis-Sevilla-Liga-1972-NMP-As-Color.jpg?fit=632%2C532&ssl=1","jetpack_sharing_enabled":true,"jetpack_shortlink":"https:\/\/wp.me\/p1ij08-2ZF","jetpack-related-posts":[],"_links":{"self":[{"href":"https:\/\/www.manquepierda.com\/historiarealbetis\/wp-json\/wp\/v2\/posts\/11511","targetHints":{"allow":["GET"]}}],"collection":[{"href":"https:\/\/www.manquepierda.com\/historiarealbetis\/wp-json\/wp\/v2\/posts"}],"about":[{"href":"https:\/\/www.manquepierda.com\/historiarealbetis\/wp-json\/wp\/v2\/types\/post"}],"author":[{"embeddable":true,"href":"https:\/\/www.manquepierda.com\/historiarealbetis\/wp-json\/wp\/v2\/users\/5"}],"replies":[{"embeddable":true,"href":"https:\/\/www.manquepierda.com\/historiarealbetis\/wp-json\/wp\/v2\/comments?post=11511"}],"version-history":[{"count":1,"href":"https:\/\/www.manquepierda.com\/historiarealbetis\/wp-json\/wp\/v2\/posts\/11511\/revisions"}],"predecessor-version":[{"id":95945,"href":"https:\/\/www.manquepierda.com\/historiarealbetis\/wp-json\/wp\/v2\/posts\/11511\/revisions\/95945"}],"wp:featuredmedia":[{"embeddable":true,"href":"https:\/\/www.manquepierda.com\/historiarealbetis\/wp-json\/wp\/v2\/media\/11560"}],"wp:attachment":[{"href":"https:\/\/www.manquepierda.com\/historiarealbetis\/wp-json\/wp\/v2\/media?parent=11511"}],"wp:term":[{"taxonomy":"category","embeddable":true,"href":"https:\/\/www.manquepierda.com\/historiarealbetis\/wp-json\/wp\/v2\/categories?post=11511"},{"taxonomy":"post_tag","embeddable":true,"href":"https:\/\/www.manquepierda.com\/historiarealbetis\/wp-json\/wp\/v2\/tags?post=11511"}],"curies":[{"name":"wp","href":"https:\/\/api.w.org\/{rel}","templated":true}]}}