{"id":11697,"date":"2011-06-15T06:39:12","date_gmt":"2011-06-15T05:39:12","guid":{"rendered":"http:\/\/www.manquepierda.com\/historiarealbetis\/?p=11697"},"modified":"2024-09-01T11:52:58","modified_gmt":"2024-09-01T09:52:58","slug":"celebracion-ascenso-1979","status":"publish","type":"post","link":"https:\/\/www.manquepierda.com\/historiarealbetis\/celebracion-ascenso-1979\/","title":{"rendered":"Celebraci\u00f3n Ascenso 1979"},"content":{"rendered":"<p><a href=\"https:\/\/i0.wp.com\/www.manquepierda.com\/historiarealbetis\/files\/2011\/06\/Ascenso-1979-Le%C3%B3n-Lasa-a-hombros.jpg?ssl=1\"><img data-recalc-dims=\"1\" loading=\"lazy\" decoding=\"async\" class=\"aligncenter size-full wp-image-11698\" src=\"https:\/\/i0.wp.com\/www.manquepierda.com\/historiarealbetis\/files\/2011\/06\/Ascenso-1979-Le%C3%B3n-Lasa-a-hombros.jpg?resize=975%2C670&#038;ssl=1\" alt=\"\" width=\"975\" height=\"670\" srcset=\"https:\/\/i0.wp.com\/www.manquepierda.com\/historiarealbetis\/files\/2011\/06\/Ascenso-1979-Le%C3%B3n-Lasa-a-hombros.jpg?w=975&amp;ssl=1 975w, https:\/\/i0.wp.com\/www.manquepierda.com\/historiarealbetis\/files\/2011\/06\/Ascenso-1979-Le%C3%B3n-Lasa-a-hombros.jpg?resize=300%2C206&amp;ssl=1 300w\" sizes=\"auto, (max-width: 975px) 100vw, 975px\" \/><\/a><\/p>\n<p>&nbsp;<\/p>\n<p>17 de Junio de 1979 en el Benito Villamar\u00edn\u00a0 Betis 2 Granada 1;\u00a0 jornada 38 del Campeonato de Liga de Segunda Divisi\u00f3n.<\/p>\n<p>&nbsp;<\/p>\n<p>En la imagen el entrenador Le\u00f3n Lasa es paseado a hombros por Gordillo, Anzarda, Cobo, Mani, Pozo y Esnaola.<\/p>\n<p>Un dram\u00e1tico partido en la \u00faltima jornada de liga que se disput\u00f3 un domingo de junio a las 5 de la tarde con m\u00e1s de 40 grados, y en el que Betis y Granada sub\u00edan a Primera Divisi\u00f3n si ganaban el partido, adem\u00e1s de que el Elche no ganara al Getafe.<\/p>\n<p>El Granada se adelant\u00f3 en la primera parte con gol de Jos\u00e9 Luis, pero en la segunda parte el equipo b\u00e9tico remont\u00f3 con goles de Ben\u00edtez y Hugo Cabezas.\u00a0 Getafe y Elche empataron a 1, con lo que el delirio desbord\u00f3 el Benito Villamar\u00edn.<\/p>\n","protected":false},"excerpt":{"rendered":"<p>&nbsp; 17 de Junio de 1979 en el Benito Villamar\u00edn\u00a0 Betis 2 Granada 1;\u00a0 jornada 38 del Campeonato de Liga de Segunda Divisi\u00f3n. &nbsp; En la imagen el entrenador Le\u00f3n Lasa es paseado a hombros por Gordillo, Anzarda, Cobo, Mani, Pozo y Esnaola. Un dram\u00e1tico partido en la \u00faltima jornada de liga que se disput\u00f3&#8230;<\/p>\n","protected":false},"author":5,"featured_media":11698,"comment_status":"open","ping_status":"open","sticky":false,"template":"","format":"standard","meta":{"_kad_post_transparent":"","_kad_post_title":"","_kad_post_layout":"","_kad_post_sidebar_id":"","_kad_post_content_style":"","_kad_post_vertical_padding":"","_kad_post_feature":"","_kad_post_feature_position":"","_kad_post_header":false,"_kad_post_footer":false,"_kad_post_classname":"","_jetpack_memberships_contains_paid_content":false,"footnotes":"","jetpack_publicize_message":"","jetpack_publicize_feature_enabled":true,"jetpack_social_post_already_shared":false,"jetpack_social_options":{"image_generator_settings":{"template":"highway","default_image_id":0,"font":"","enabled":false},"version":2}},"categories":[903,1],"tags":[2227,1033,1179,2376,3134,1302,1181,1504,1319,17798,1305],"class_list":["post-11697","post","type-post","status-publish","format-standard","has-post-thumbnail","hentry","category-1970-1979","category-portada","tag-1978-79","tag-1033","tag-eduardo-anzarda","tag-german-baya-mani","tag-granada-cf","tag-jose-ramon-esnaola","tag-juan-manuel-cobo","tag-juan-pozo","tag-leon-lasa","tag-liga-segunda-1978-79","tag-rafael-gordillo"],"jetpack_publicize_connections":[],"jetpack_featured_media_url":"https:\/\/i0.wp.com\/www.manquepierda.com\/historiarealbetis\/files\/2011\/06\/Ascenso-1979-Le%C3%B3n-Lasa-a-hombros.jpg?fit=975%2C670&ssl=1","jetpack_sharing_enabled":true,"jetpack_shortlink":"https:\/\/wp.me\/p1ij08-32F","jetpack-related-posts":[],"_links":{"self":[{"href":"https:\/\/www.manquepierda.com\/historiarealbetis\/wp-json\/wp\/v2\/posts\/11697","targetHints":{"allow":["GET"]}}],"collection":[{"href":"https:\/\/www.manquepierda.com\/historiarealbetis\/wp-json\/wp\/v2\/posts"}],"about":[{"href":"https:\/\/www.manquepierda.com\/historiarealbetis\/wp-json\/wp\/v2\/types\/post"}],"author":[{"embeddable":true,"href":"https:\/\/www.manquepierda.com\/historiarealbetis\/wp-json\/wp\/v2\/users\/5"}],"replies":[{"embeddable":true,"href":"https:\/\/www.manquepierda.com\/historiarealbetis\/wp-json\/wp\/v2\/comments?post=11697"}],"version-history":[{"count":1,"href":"https:\/\/www.manquepierda.com\/historiarealbetis\/wp-json\/wp\/v2\/posts\/11697\/revisions"}],"predecessor-version":[{"id":96174,"href":"https:\/\/www.manquepierda.com\/historiarealbetis\/wp-json\/wp\/v2\/posts\/11697\/revisions\/96174"}],"wp:featuredmedia":[{"embeddable":true,"href":"https:\/\/www.manquepierda.com\/historiarealbetis\/wp-json\/wp\/v2\/media\/11698"}],"wp:attachment":[{"href":"https:\/\/www.manquepierda.com\/historiarealbetis\/wp-json\/wp\/v2\/media?parent=11697"}],"wp:term":[{"taxonomy":"category","embeddable":true,"href":"https:\/\/www.manquepierda.com\/historiarealbetis\/wp-json\/wp\/v2\/categories?post=11697"},{"taxonomy":"post_tag","embeddable":true,"href":"https:\/\/www.manquepierda.com\/historiarealbetis\/wp-json\/wp\/v2\/tags?post=11697"}],"curies":[{"name":"wp","href":"https:\/\/api.w.org\/{rel}","templated":true}]}}