{"id":11724,"date":"2011-06-18T06:36:48","date_gmt":"2011-06-18T05:36:48","guid":{"rendered":"http:\/\/www.manquepierda.com\/historiarealbetis\/?p=11724"},"modified":"2024-09-27T18:13:41","modified_gmt":"2024-09-27T16:13:41","slug":"alineacion-granada-betis-liga-1940","status":"publish","type":"post","link":"https:\/\/www.manquepierda.com\/historiarealbetis\/alineacion-granada-betis-liga-1940\/","title":{"rendered":"Alineaci\u00f3n Granada-Betis Liga 1940"},"content":{"rendered":"<p><a href=\"https:\/\/i0.wp.com\/www.manquepierda.com\/historiarealbetis\/files\/2011\/06\/Alineaci%C3%B3n-Granada-Betis-Liga-19401.jpg?ssl=1\"><img data-recalc-dims=\"1\" loading=\"lazy\" decoding=\"async\" class=\"aligncenter size-large wp-image-11729\" src=\"https:\/\/i0.wp.com\/www.manquepierda.com\/historiarealbetis\/files\/2011\/06\/Alineaci%C3%B3n-Granada-Betis-Liga-19401.jpg?resize=620%2C408&#038;ssl=1\" alt=\"\" width=\"620\" height=\"408\" srcset=\"https:\/\/i0.wp.com\/www.manquepierda.com\/historiarealbetis\/files\/2011\/06\/Alineaci%C3%B3n-Granada-Betis-Liga-19401.jpg?resize=1024%2C675&amp;ssl=1 1024w, https:\/\/i0.wp.com\/www.manquepierda.com\/historiarealbetis\/files\/2011\/06\/Alineaci%C3%B3n-Granada-Betis-Liga-19401.jpg?resize=300%2C197&amp;ssl=1 300w, https:\/\/i0.wp.com\/www.manquepierda.com\/historiarealbetis\/files\/2011\/06\/Alineaci%C3%B3n-Granada-Betis-Liga-19401.jpg?w=1282&amp;ssl=1 1282w\" sizes=\"auto, (max-width: 620px) 100vw, 620px\" \/><\/a><\/p>\n<p>&nbsp;<\/p>\n<p>24 de Noviembre de 1940 en Los C\u00e1rmenes\u00a0 Granada\u00a0 3\u00a0 Betis 0; jornada 9 del Campeonato de Liga de Segunda Divisi\u00f3n.<\/p>\n<p>&nbsp;<\/p>\n<p>En la imagen arriba: Mu\u00f1oz, Castrillo,\u00a0 Coll, Morera, Inchausti, Valera y Peral; abajo: Caballero, Ruiz, Tomas\u00edn y Melito.<\/p>\n<p>Con 2 tantos de Chol\u00edn y uno de G\u00e1rate el Granada se impuso claramente al equipo b\u00e9tico.<\/p>\n<p>Victoriano Santos entrenaba al Granada y Patrick O\u00b4Connell al Betis<\/p>\n","protected":false},"excerpt":{"rendered":"<p>&nbsp; 24 de Noviembre de 1940 en Los C\u00e1rmenes\u00a0 Granada\u00a0 3\u00a0 Betis 0; jornada 9 del Campeonato de Liga de Segunda Divisi\u00f3n. &nbsp; En la imagen arriba: Mu\u00f1oz, Castrillo,\u00a0 Coll, Morera, Inchausti, Valera y Peral; abajo: Caballero, Ruiz, Tomas\u00edn y Melito. Con 2 tantos de Chol\u00edn y uno de G\u00e1rate el Granada se impuso claramente&#8230;<\/p>\n","protected":false},"author":5,"featured_media":11729,"comment_status":"open","ping_status":"open","sticky":false,"template":"","format":"standard","meta":{"_kad_post_transparent":"","_kad_post_title":"","_kad_post_layout":"","_kad_post_sidebar_id":"","_kad_post_content_style":"","_kad_post_vertical_padding":"","_kad_post_feature":"","_kad_post_feature_position":"","_kad_post_header":false,"_kad_post_footer":false,"_kad_post_classname":"","_jetpack_memberships_contains_paid_content":false,"footnotes":"","jetpack_publicize_message":"","jetpack_publicize_feature_enabled":true,"jetpack_social_post_already_shared":false,"jetpack_social_options":{"image_generator_settings":{"template":"highway","default_image_id":0,"font":"","enabled":false},"version":2}},"categories":[900,1],"tags":[48,2378,2381,3134,1932,1182,17913,17888,2380,2379,1467,1042,2020,2382,1447],"class_list":["post-11724","post","type-post","status-publish","format-standard","has-post-thumbnail","hentry","category-1940-1949","category-portada","tag-48","tag-1940-41","tag-antonio-ruiz-i","tag-granada-cf","tag-guillermo-coll","tag-jose-caballero","tag-jose-suarez-peral","tag-liga-segunda-1940-41","tag-manuel-castrillo","tag-manuel-munoz","tag-manuel-torres-melito","tag-mario-inchausti","tag-pepe-valera","tag-rafael-holguin-tomasin","tag-vicente-morera"],"jetpack_publicize_connections":[],"jetpack_featured_media_url":"https:\/\/i0.wp.com\/www.manquepierda.com\/historiarealbetis\/files\/2011\/06\/Alineaci%C3%B3n-Granada-Betis-Liga-19401.jpg?fit=1282%2C846&ssl=1","jetpack_sharing_enabled":true,"jetpack_shortlink":"https:\/\/wp.me\/p1ij08-336","jetpack-related-posts":[],"_links":{"self":[{"href":"https:\/\/www.manquepierda.com\/historiarealbetis\/wp-json\/wp\/v2\/posts\/11724","targetHints":{"allow":["GET"]}}],"collection":[{"href":"https:\/\/www.manquepierda.com\/historiarealbetis\/wp-json\/wp\/v2\/posts"}],"about":[{"href":"https:\/\/www.manquepierda.com\/historiarealbetis\/wp-json\/wp\/v2\/types\/post"}],"author":[{"embeddable":true,"href":"https:\/\/www.manquepierda.com\/historiarealbetis\/wp-json\/wp\/v2\/users\/5"}],"replies":[{"embeddable":true,"href":"https:\/\/www.manquepierda.com\/historiarealbetis\/wp-json\/wp\/v2\/comments?post=11724"}],"version-history":[{"count":1,"href":"https:\/\/www.manquepierda.com\/historiarealbetis\/wp-json\/wp\/v2\/posts\/11724\/revisions"}],"predecessor-version":[{"id":99110,"href":"https:\/\/www.manquepierda.com\/historiarealbetis\/wp-json\/wp\/v2\/posts\/11724\/revisions\/99110"}],"wp:featuredmedia":[{"embeddable":true,"href":"https:\/\/www.manquepierda.com\/historiarealbetis\/wp-json\/wp\/v2\/media\/11729"}],"wp:attachment":[{"href":"https:\/\/www.manquepierda.com\/historiarealbetis\/wp-json\/wp\/v2\/media?parent=11724"}],"wp:term":[{"taxonomy":"category","embeddable":true,"href":"https:\/\/www.manquepierda.com\/historiarealbetis\/wp-json\/wp\/v2\/categories?post=11724"},{"taxonomy":"post_tag","embeddable":true,"href":"https:\/\/www.manquepierda.com\/historiarealbetis\/wp-json\/wp\/v2\/tags?post=11724"}],"curies":[{"name":"wp","href":"https:\/\/api.w.org\/{rel}","templated":true}]}}