{"id":11793,"date":"2011-06-15T17:43:23","date_gmt":"2011-06-15T16:43:23","guid":{"rendered":"http:\/\/www.manquepierda.com\/historiarealbetis\/?p=11793"},"modified":"2024-09-02T19:04:24","modified_gmt":"2024-09-02T17:04:24","slug":"1964-08-30-real-madrid-2-c-atco-boca-juniors-0","status":"publish","type":"post","link":"https:\/\/www.manquepierda.com\/historiarealbetis\/1964-08-30-real-madrid-2-c-atco-boca-juniors-0\/","title":{"rendered":"1964-Agosto 30-C\u00e1diz-Final Consolaci\u00f3nReal Madrid-2 C.Atco. Boca Juniors-0"},"content":{"rendered":"<p style=\"text-align: left\"><a href=\"https:\/\/i0.wp.com\/www.manquepierda.com\/historiarealbetis\/files\/2011\/06\/escanear00251.jpg?ssl=1\"><img data-recalc-dims=\"1\" loading=\"lazy\" decoding=\"async\" class=\"aligncenter size-full wp-image-11803\" src=\"https:\/\/i0.wp.com\/www.manquepierda.com\/historiarealbetis\/files\/2011\/06\/escanear00251.jpg?resize=402%2C175&#038;ssl=1\" alt=\"\" width=\"402\" height=\"175\" srcset=\"https:\/\/i0.wp.com\/www.manquepierda.com\/historiarealbetis\/files\/2011\/06\/escanear00251.jpg?w=402&amp;ssl=1 402w, https:\/\/i0.wp.com\/www.manquepierda.com\/historiarealbetis\/files\/2011\/06\/escanear00251.jpg?resize=300%2C130&amp;ssl=1 300w\" sizes=\"auto, (max-width: 402px) 100vw, 402px\" \/><\/a>Entrada Final de Consolaci\u00f3n, domingo 30-Agosto-1964, tarde: 165 Pesetas.-Gentilmente cedida por \u00abB\u00e9tico Helv\u00e9tico\u00bb.<\/p>\n<p style=\"text-align: left\">Estadio \u00abRam\u00f3n de Carranza\u00bb: \u00abOtro llenazo, el viento con una fuerza enorme, casi insoportable.<\/p>\n<p style=\"text-align: left\">Arbitr\u00f3:\u00a0 Sr. Heymann, suizo, auxiliado por los andaluces Piserra y Montesinos.-Aunque siguiendo el juego muy lejos, su labor fue correcta.<\/p>\n<p style=\"text-align: left\">\u00abEl suizo se\u00f1or Haymann nos recibe, amabil\u00edsimo y sonriente expres\u00e1ndose en un castellano-franc\u00e9s que se entend\u00eda perfectamente.<\/p>\n<p style=\"text-align: left\">&#8211;Ha sido un partido muy dif\u00edcil, los dos equipos estaban nerviosos. Magn\u00edficos conjuntos, victoria justa.<\/p>\n<p style=\"text-align: left\">&#8211;\u00bfCree mejor al Benfica de ayer?<\/p>\n<p style=\"text-align: left\">&#8211;Pues s\u00ed, me parece mejor preparado.<\/p>\n<p style=\"text-align: left\">&#8211;\u00bfSatisfecho de su gira?<\/p>\n<p style=\"text-align: left\">&#8211;Much\u00edsimo, mucha amabilidad, atenciones, todo bueno, todo magn\u00edfico, muy satisfecho\u00bb.<\/p>\n<p style=\"text-align: left\"><a href=\"https:\/\/i0.wp.com\/www.manquepierda.com\/historiarealbetis\/files\/2011\/06\/escanear0026.jpg?ssl=1\"><img data-recalc-dims=\"1\" loading=\"lazy\" decoding=\"async\" class=\"aligncenter size-full wp-image-11795\" src=\"https:\/\/i0.wp.com\/www.manquepierda.com\/historiarealbetis\/files\/2011\/06\/escanear0026.jpg?resize=384%2C245&#038;ssl=1\" alt=\"\" width=\"384\" height=\"245\" srcset=\"https:\/\/i0.wp.com\/www.manquepierda.com\/historiarealbetis\/files\/2011\/06\/escanear0026.jpg?w=384&amp;ssl=1 384w, https:\/\/i0.wp.com\/www.manquepierda.com\/historiarealbetis\/files\/2011\/06\/escanear0026.jpg?resize=300%2C191&amp;ssl=1 300w\" sizes=\"auto, (max-width: 384px) 100vw, 384px\" \/><\/a>\u00abEl Madrid con la copa de consolaci\u00f3n, en el grupo falta Isidro, que fue expulsado\u00bb.-Foto Espionosa-\u00abLa Informaci\u00f3n del Lunes\u00bb-C\u00e1diz 31-08-1964.<\/p>\n<p style=\"text-align: center\">Presidente, don Santiago Bernab\u00e9u de Yeste.<\/p>\n<p style=\"text-align: left\">Entrenador, Miguel Mu\u00f1oz Moz\u00fan:<\/p>\n<p style=\"text-align: left\">&#8211;C\u00f3mo habr\u00e1 visto, el partido ha sido bueno, nos anticipamos a todas las jugadas, luchamos con un viento enorme y no creo que se nos pueda pedir m\u00e1s.<\/p>\n<p style=\"text-align: left\">&#8211;\u00bfC\u00f3mo ha visto al Boca Juniors, con relaci\u00f3n a Casablanca?<\/p>\n<p style=\"text-align: left\">&#8211;Siempre es un gran equipo, pero aqu\u00ed sin las benevolencia de all\u00ed lo superamos.<\/p>\n<p style=\"text-align: left\">&#8211;No le gusta que le hablen de Di St\u00e9fano \u00bfPor qu\u00e9?<\/p>\n<p style=\"text-align: left\">&#8211;No es que no me guste, sino que son cosas que ya no hay que hablarlas, yo tengo mucho trabajo en el Madrid y debo mirar el futuro, pasado y Di St\u00e9fano, son ya de \u00e9l.<\/p>\n<p style=\"text-align: left\">&#8211;\u00bfCree que el Madrid tiene suficientes jugadores para ser el gran equipo de siempre?<\/p>\n<p style=\"text-align: left\">&#8211;S\u00ed, estamos en los primeros encuentros y el equipo ir\u00e1 a m\u00e1s, creo y tengo confianza en ellos.<\/p>\n<p style=\"text-align: left\">&#8211;\u00bfNo necesita refuerzos?<\/p>\n<p style=\"text-align: left\">&#8211;Hombre, refuerzos cuando son excepcionales, los necesita cualquiera, pero ya le digo que tengo confianza en los actuales.<\/p>\n<p style=\"text-align: left\">&#8211;\u00bfNo jug\u00f3 el Madrid la pr\u00f3rroga con cierta desgana?<\/p>\n<p style=\"text-align: left\">&#8211;La mala suerte en los tiros y el gol de Torres, nos hundi\u00f3 un poco la moral.<\/p>\n<p style=\"text-align: left\">&#8211;\u00bfSatisfecho del Carranza?<\/p>\n<p style=\"text-align: left\">&#8211;Del Carranza s\u00ed, pero no del resultado. Para nosotros siempre es una alegr\u00eda el triunfo en \u00e9l\u00bb.<\/p>\n<p style=\"text-align: center\">REAL MADRID CF-2 Goles (Yanko Daucik; Francisco Gento).<\/p>\n<p style=\"text-align: left\">1-0, 27 minutos:<\/p>\n<p style=\"text-align: left\">Saque de puerta muy flojo que recoge Grosso, pasa adelantado a Yanko, que salvando la entrada del meta, tira raso marcando el primer gol.<\/p>\n<p style=\"text-align: left\"><a href=\"https:\/\/i0.wp.com\/www.manquepierda.com\/historiarealbetis\/files\/2011\/06\/escanear0027.jpg?ssl=1\"><img data-recalc-dims=\"1\" loading=\"lazy\" decoding=\"async\" class=\"aligncenter size-full wp-image-11796\" src=\"https:\/\/i0.wp.com\/www.manquepierda.com\/historiarealbetis\/files\/2011\/06\/escanear0027.jpg?resize=383%2C247&#038;ssl=1\" alt=\"\" width=\"383\" height=\"247\" srcset=\"https:\/\/i0.wp.com\/www.manquepierda.com\/historiarealbetis\/files\/2011\/06\/escanear0027.jpg?w=383&amp;ssl=1 383w, https:\/\/i0.wp.com\/www.manquepierda.com\/historiarealbetis\/files\/2011\/06\/escanear0027.jpg?resize=300%2C193&amp;ssl=1 300w\" sizes=\"auto, (max-width: 383px) 100vw, 383px\" \/><\/a>2-0, 43 minutos: Jugada personal de Gento que desde medio campo, tira muy fuerte y con efecto, que ayudado por el viento, entra con enorme fuerza.<\/p>\n<p style=\"text-align: left\">GUARDAMETA: Antonio BETANCORT Barrera.<\/p>\n<p style=\"text-align: left\">ZAGUEROS: Vicente MIERA Campos, Jos\u00e9 Emilio SANTAMAR\u00cdA Iglesias, Pedro CASADO Bucho (ISIDRO S\u00e1nchez Garc\u00eda-Figueras).<\/p>\n<p style=\"text-align: left\">MEDIOS: Lucien MULLER Schmidt, Ignacio ZOCO Esparza.<\/p>\n<p style=\"text-align: left\">DELANTEROS:<\/p>\n<p style=\"text-align: center\"><a href=\"https:\/\/i0.wp.com\/www.manquepierda.com\/historiarealbetis\/files\/2011\/06\/escanear0029.jpg?ssl=1\"><img data-recalc-dims=\"1\" loading=\"lazy\" decoding=\"async\" class=\"aligncenter size-full wp-image-11798\" src=\"https:\/\/i0.wp.com\/www.manquepierda.com\/historiarealbetis\/files\/2011\/06\/escanear0029.jpg?resize=210%2C346&#038;ssl=1\" alt=\"\" width=\"210\" height=\"346\" srcset=\"https:\/\/i0.wp.com\/www.manquepierda.com\/historiarealbetis\/files\/2011\/06\/escanear0029.jpg?w=210&amp;ssl=1 210w, https:\/\/i0.wp.com\/www.manquepierda.com\/historiarealbetis\/files\/2011\/06\/escanear0029.jpg?resize=182%2C300&amp;ssl=1 182w\" sizes=\"auto, (max-width: 210px) 100vw, 210px\" \/><\/a>Manuel BUENO Cabral.-\u00abDiario de C\u00e1diz\u00bb 29-08-1964.<\/p>\n<p style=\"text-align: left\">Ram\u00f3n Moreno GROSSO.<\/p>\n<p style=\"text-align: center\"><a href=\"https:\/\/i0.wp.com\/www.manquepierda.com\/historiarealbetis\/files\/2011\/06\/escanear0030.jpg?ssl=1\"><img data-recalc-dims=\"1\" loading=\"lazy\" decoding=\"async\" class=\"aligncenter size-full wp-image-11799\" src=\"https:\/\/i0.wp.com\/www.manquepierda.com\/historiarealbetis\/files\/2011\/06\/escanear0030.jpg?resize=203%2C343&#038;ssl=1\" alt=\"\" width=\"203\" height=\"343\" srcset=\"https:\/\/i0.wp.com\/www.manquepierda.com\/historiarealbetis\/files\/2011\/06\/escanear0030.jpg?w=203&amp;ssl=1 203w, https:\/\/i0.wp.com\/www.manquepierda.com\/historiarealbetis\/files\/2011\/06\/escanear0030.jpg?resize=177%2C300&amp;ssl=1 177w\" sizes=\"auto, (max-width: 203px) 100vw, 203px\" \/><\/a>YANKO Daucik Ciboch.-\u00abDiario de C\u00e1diz\u00bb 31-08-1964.<\/p>\n<p style=\"text-align: center\"><a href=\"https:\/\/i0.wp.com\/www.manquepierda.com\/historiarealbetis\/files\/2011\/06\/escanear0028.jpg?ssl=1\"><img data-recalc-dims=\"1\" loading=\"lazy\" decoding=\"async\" class=\"aligncenter size-full wp-image-11797\" src=\"https:\/\/i0.wp.com\/www.manquepierda.com\/historiarealbetis\/files\/2011\/06\/escanear0028.jpg?resize=212%2C338&#038;ssl=1\" alt=\"\" width=\"212\" height=\"338\" srcset=\"https:\/\/i0.wp.com\/www.manquepierda.com\/historiarealbetis\/files\/2011\/06\/escanear0028.jpg?w=212&amp;ssl=1 212w, https:\/\/i0.wp.com\/www.manquepierda.com\/historiarealbetis\/files\/2011\/06\/escanear0028.jpg?resize=188%2C300&amp;ssl=1 188w\" sizes=\"auto, (max-width: 212px) 100vw, 212px\" \/><\/a>Alberto SU\u00c1REZ Su\u00e1rez (a) PIPI.-Foto \u00abDiario de C\u00e1diz\u00bb 29-08-1964.<\/p>\n<p style=\"text-align: left\">Y Francisco GENTO L\u00f3pez.<\/p>\n<p style=\"text-align: center\">INCIDENCIAS:<\/p>\n<p style=\"text-align: left\">En la segunda parte, Puskas sustituye a Gento, pasando Manol\u00edn Bueno a la izquierda y Grosso a a la derecha.-Isidro S\u00e1nchez sustituy\u00f3 a Casado.<\/p>\n<p style=\"text-align: left\">Vs.<\/p>\n<p style=\"text-align: left\">Presidente, don Alberto J. Armando.<\/p>\n<p style=\"text-align: left\">Don Lisardo Garc\u00eda.-Directivo:<\/p>\n<p style=\"text-align: left\">&#8211;Le hablo yo porque el preparador D&#8217; Ambrossio\u00a0 est\u00e1 ocupado con los muchachos. D\u00edgame&#8230;<\/p>\n<p style=\"text-align: left\">&#8211;\u00bfC\u00f3mo ha visto al Real Madrid?<\/p>\n<p style=\"text-align: left\">&#8211;Con demasiada violencia. Algunos han jugado con mala intenci\u00f3n.<\/p>\n<p style=\"text-align: left\">&#8211;\u00bfEso cree?<\/p>\n<p style=\"text-align: left\">&#8211;Naturalmente. Y las consecuencias de ese juego malintencionado ha sido la baja de dos de los nuestros m\u00e1s calificados futbolistas: Rub\u00edn Magdaleno y Barale.<\/p>\n<p style=\"text-align: left\">&#8211;\u00bfLesiones importantes?<\/p>\n<p style=\"text-align: left\">&#8211;No se sabe a\u00fan. Pero la de Magdaleno parece que s\u00ed.<\/p>\n<p style=\"text-align: left\">&#8211;\u00bfDestaca a alg\u00fan madridista como bueno?<\/p>\n<p style=\"text-align: left\">&#8211;A Santamar\u00eda, que ya le conozco de all\u00e1, y a M\u00fcller.<\/p>\n<p style=\"text-align: left\">&#8211;\u00bfQui\u00e9n no le gust\u00f3?<\/p>\n<p style=\"text-align: left\">&#8211;Yanko; muy violento. Y el \u00e1rbitro le consinti\u00f3 todo.<\/p>\n<p style=\"text-align: left\">&#8211;\u00bfQu\u00e9 impresi\u00f3n se lleva de nuestro Trofeo?<\/p>\n<p style=\"text-align: left\">&#8211;\u00a1\u00a1 Ah \u00a1\u00a1 Diga que lo que m\u00e1s siento es no haber podido ofrecer a esta tierra andaluza, tan gentil, todo el juego de que es capaz el Club Atl\u00e9tico Boca Juniors. Pero el viento ha impedido el control del bal\u00f3n. El aire nos ha convertido en colistas del X Trofeo Carranza\u00bb.<\/p>\n<p style=\"text-align: center\">CLUB ATL\u00c9TICO BOCA JUNIORS-0.<\/p>\n<p style=\"text-align: left\">Errea;\u00a0 Rub\u00edn Magdalen0 (Rodr\u00edguez), Orlando, Ayres; Ratt\u00edn, Barale (Silveira); Rully, Rojas, Plantti, Silveira (Abeledo) y Gonz\u00e1lez.<\/p>\n<p style=\"text-align: left\">Incidencias:<\/p>\n<p style=\"text-align: left\">A los 40 minutos, el central Magdaleno, es retirado lesionado al chocar con Yanko Daucik, tuvo que ser llevado a la caseta.<\/p>\n<p style=\"text-align: center\">RECORTES DE PRENSA:<\/p>\n<p style=\"text-align: left\">\u00abLa Informaci\u00f3n del Lunes\u00bb.-C\u00e1diz 31-Agosto-1964, por Valle:<\/p>\n<p style=\"text-align: center\"><strong><em>\u00abBuen partido del Madrid en la Consolaci\u00f3n\u00bb.<\/em><\/strong><\/p>\n<p style=\"text-align: center\"><strong><em>\u00abOtro fin de fiesta criollo\u00bb.<\/em><\/strong><\/p>\n<p style=\"text-align: left\">\u00abABC-Edici\u00f3n de Andaluc\u00eda-Sevilla, 01-Septiembre-1964:<\/p>\n<p style=\"text-align: center\"><strong><em>\u00abSe impuso el Madrid en el choque de Consolaci\u00f3n\u00bb.<\/em><\/strong><\/p>\n<p style=\"text-align: left\">\n","protected":false},"excerpt":{"rendered":"<p>Entrada Final de Consolaci\u00f3n, domingo 30-Agosto-1964, tarde: 165 Pesetas.-Gentilmente cedida por \u00abB\u00e9tico Helv\u00e9tico\u00bb. Estadio \u00abRam\u00f3n de Carranza\u00bb: \u00abOtro llenazo, el viento con una fuerza enorme, casi insoportable. Arbitr\u00f3:\u00a0 Sr. Heymann, suizo, auxiliado por los andaluces Piserra y Montesinos.-Aunque siguiendo el juego muy lejos, su labor fue correcta. \u00abEl suizo se\u00f1or Haymann nos recibe, amabil\u00edsimo y&#8230;<\/p>\n","protected":false},"author":48,"featured_media":0,"comment_status":"open","ping_status":"open","sticky":false,"template":"","format":"standard","meta":{"_kad_post_transparent":"","_kad_post_title":"","_kad_post_layout":"","_kad_post_sidebar_id":"","_kad_post_content_style":"","_kad_post_vertical_padding":"","_kad_post_feature":"","_kad_post_feature_position":"","_kad_post_header":false,"_kad_post_footer":false,"_kad_post_classname":"","_jetpack_memberships_contains_paid_content":false,"footnotes":"","jetpack_publicize_message":"","jetpack_publicize_feature_enabled":true,"jetpack_social_post_already_shared":false,"jetpack_social_options":{"image_generator_settings":{"template":"highway","default_image_id":0,"font":"","enabled":false},"version":2}},"categories":[902,2064],"tags":[4033,2900,2386,13362,2394],"class_list":["post-11793","post","type-post","status-publish","format-standard","hentry","category-1960-1969","category-trofeos-de-verano","tag-4033","tag-1964-65","tag-club-atletico-boca-juniors","tag-real-madrid-cf","tag-x-trofeo-ramon-de-carranza"],"jetpack_publicize_connections":[],"jetpack_featured_media_url":"","jetpack_sharing_enabled":true,"jetpack_shortlink":"https:\/\/wp.me\/p1ij08-34d","jetpack-related-posts":[],"_links":{"self":[{"href":"https:\/\/www.manquepierda.com\/historiarealbetis\/wp-json\/wp\/v2\/posts\/11793","targetHints":{"allow":["GET"]}}],"collection":[{"href":"https:\/\/www.manquepierda.com\/historiarealbetis\/wp-json\/wp\/v2\/posts"}],"about":[{"href":"https:\/\/www.manquepierda.com\/historiarealbetis\/wp-json\/wp\/v2\/types\/post"}],"author":[{"embeddable":true,"href":"https:\/\/www.manquepierda.com\/historiarealbetis\/wp-json\/wp\/v2\/users\/48"}],"replies":[{"embeddable":true,"href":"https:\/\/www.manquepierda.com\/historiarealbetis\/wp-json\/wp\/v2\/comments?post=11793"}],"version-history":[{"count":1,"href":"https:\/\/www.manquepierda.com\/historiarealbetis\/wp-json\/wp\/v2\/posts\/11793\/revisions"}],"predecessor-version":[{"id":98487,"href":"https:\/\/www.manquepierda.com\/historiarealbetis\/wp-json\/wp\/v2\/posts\/11793\/revisions\/98487"}],"wp:attachment":[{"href":"https:\/\/www.manquepierda.com\/historiarealbetis\/wp-json\/wp\/v2\/media?parent=11793"}],"wp:term":[{"taxonomy":"category","embeddable":true,"href":"https:\/\/www.manquepierda.com\/historiarealbetis\/wp-json\/wp\/v2\/categories?post=11793"},{"taxonomy":"post_tag","embeddable":true,"href":"https:\/\/www.manquepierda.com\/historiarealbetis\/wp-json\/wp\/v2\/tags?post=11793"}],"curies":[{"name":"wp","href":"https:\/\/api.w.org\/{rel}","templated":true}]}}