{"id":11810,"date":"2011-06-17T06:19:16","date_gmt":"2011-06-17T05:19:16","guid":{"rendered":"http:\/\/www.manquepierda.com\/historiarealbetis\/?p=11810"},"modified":"2011-06-17T06:33:49","modified_gmt":"2011-06-17T05:33:49","slug":"una-leccion-de-historia-para-el-senor-garcia","status":"publish","type":"post","link":"https:\/\/www.manquepierda.com\/historiarealbetis\/una-leccion-de-historia-para-el-senor-garcia\/","title":{"rendered":"Un poquito de Historia para el se\u00f1or Garc\u00eda"},"content":{"rendered":"<p style=\"text-align: center\">&nbsp;<\/p>\n<p>&nbsp;<\/p>\n<figure id=\"attachment_11843\" aria-describedby=\"caption-attachment-11843\" style=\"width: 948px\" class=\"wp-caption aligncenter\"><a href=\"https:\/\/i0.wp.com\/www.manquepierda.com\/historiarealbetis\/files\/2011\/06\/Un-poquito-de-Historia-para-el-se%C3%B1or-Garc%C3%ADa-1-NMP-As-Color-28-3-19722.jpg?ssl=1\"><img data-recalc-dims=\"1\" loading=\"lazy\" decoding=\"async\" class=\"size-full wp-image-11843\" src=\"https:\/\/i0.wp.com\/www.manquepierda.com\/historiarealbetis\/files\/2011\/06\/Un-poquito-de-Historia-para-el-se%C3%B1or-Garc%C3%ADa-1-NMP-As-Color-28-3-19722.jpg?resize=948%2C402&#038;ssl=1\" alt=\"\" width=\"948\" height=\"402\" srcset=\"https:\/\/i0.wp.com\/www.manquepierda.com\/historiarealbetis\/files\/2011\/06\/Un-poquito-de-Historia-para-el-se%C3%B1or-Garc%C3%ADa-1-NMP-As-Color-28-3-19722.jpg?w=948&amp;ssl=1 948w, https:\/\/i0.wp.com\/www.manquepierda.com\/historiarealbetis\/files\/2011\/06\/Un-poquito-de-Historia-para-el-se%C3%B1or-Garc%C3%ADa-1-NMP-As-Color-28-3-19722.jpg?resize=300%2C127&amp;ssl=1 300w\" sizes=\"auto, (max-width: 948px) 100vw, 948px\" \/><\/a><figcaption id=\"caption-attachment-11843\" class=\"wp-caption-text\">Marzo de 1972: Betis y Sevilla en el Benito Villamar\u00edn<\/figcaption><\/figure>\n<p>A ra\u00edz de unas recientes declaraciones de Marcelino Garc\u00eda, futuro t\u00e9cnico del Sevilla FC, en las que depreciaba el papel a realizar en la pr\u00f3xima campa\u00f1a por el Betis en relaci\u00f3n a su equipo, he le\u00eddo diversos an\u00e1lisis en los que se comparaba el papel de uno y otro equipo, centrados en las dos \u00faltimas ocasiones en las que el Betis subi\u00f3 a Primera Divisi\u00f3n (1994-95 y 2001-02).<\/p>\n<p>&nbsp;<\/p>\n<p>Vamos a ser aqu\u00ed algo m\u00e1s ambiciosos y a analizar las 10 temporadas precedentes en las que ascendi\u00f3 el Betis y su papel en relaci\u00f3n con el m\u00e1ximo rival, teniendo en cuenta que s\u00f3lo podemos realmente comparar 8 temporadas, pues en dos ocasiones en que el Betis subi\u00f3 el Sevilla permaneci\u00f3 en Segunda.<\/p>\n<p>&nbsp;<\/p>\n<p><span style=\"text-decoration: underline\">Temporada 1932-33<br \/>\n<\/span><\/p>\n<p>No hay comparativa, pues el Sevilla a\u00fan estaba en Segunda Divisi\u00f3n.<\/p>\n<figure id=\"attachment_11813\" aria-describedby=\"caption-attachment-11813\" style=\"width: 300px\" class=\"wp-caption aligncenter\"><a href=\"https:\/\/i0.wp.com\/www.manquepierda.com\/historiarealbetis\/files\/2011\/06\/Betis-Deportivo-Ascenso-Liga-1932-NMP-Mundo-Gr%C3%A1fico-13-4-19321.jpg?ssl=1\"><img data-recalc-dims=\"1\" loading=\"lazy\" decoding=\"async\" class=\"size-medium wp-image-11813\" src=\"https:\/\/i0.wp.com\/www.manquepierda.com\/historiarealbetis\/files\/2011\/06\/Betis-Deportivo-Ascenso-Liga-1932-NMP-Mundo-Gr%C3%A1fico-13-4-19321.jpg?resize=300%2C186&#038;ssl=1\" alt=\"\" width=\"300\" height=\"186\" srcset=\"https:\/\/i0.wp.com\/www.manquepierda.com\/historiarealbetis\/files\/2011\/06\/Betis-Deportivo-Ascenso-Liga-1932-NMP-Mundo-Gr%C3%A1fico-13-4-19321.jpg?resize=300%2C186&amp;ssl=1 300w, https:\/\/i0.wp.com\/www.manquepierda.com\/historiarealbetis\/files\/2011\/06\/Betis-Deportivo-Ascenso-Liga-1932-NMP-Mundo-Gr%C3%A1fico-13-4-19321.jpg?resize=1024%2C636&amp;ssl=1 1024w, https:\/\/i0.wp.com\/www.manquepierda.com\/historiarealbetis\/files\/2011\/06\/Betis-Deportivo-Ascenso-Liga-1932-NMP-Mundo-Gr%C3%A1fico-13-4-19321.jpg?w=1384&amp;ssl=1 1384w\" sizes=\"auto, (max-width: 300px) 100vw, 300px\" \/><\/a><figcaption id=\"caption-attachment-11813\" class=\"wp-caption-text\">Abril de 1932: El Betis que ascendi\u00f3 a Primera<\/figcaption><\/figure>\n<p>&nbsp;<\/p>\n<p><span style=\"text-decoration: underline\">Temporada 1942-43<\/span><\/p>\n<p>Sevilla\u00a0 Clasificado 2\u00a0 Entrenador: Patrick O\u00b4Connell<\/p>\n<p>Betis\u00a0 Clasificado 14\u00a0 Entrenador: Ces\u00e1reo Baraga\u00f1o, sustituido por Francisco G\u00f3mez<\/p>\n<p>4 de Octubre de 1942\u00a0 en Heli\u00f3polis\u00a0 Betis 2\u00a0 Sevilla 5<\/p>\n<p>17 de Enero de 1943\u00a0 en Nervi\u00f3n\u00a0 Sevilla 5 Betis 0<\/p>\n<figure id=\"attachment_11814\" aria-describedby=\"caption-attachment-11814\" style=\"width: 300px\" class=\"wp-caption aligncenter\"><a href=\"https:\/\/i0.wp.com\/www.manquepierda.com\/historiarealbetis\/files\/2011\/06\/Alineaci%C3%B3n-Sevilla-Betis-Liga-1943-NMP-Marca-19-1-1943.jpg?ssl=1\"><img data-recalc-dims=\"1\" loading=\"lazy\" decoding=\"async\" class=\"size-medium wp-image-11814\" src=\"https:\/\/i0.wp.com\/www.manquepierda.com\/historiarealbetis\/files\/2011\/06\/Alineaci%C3%B3n-Sevilla-Betis-Liga-1943-NMP-Marca-19-1-1943.jpg?resize=300%2C192&#038;ssl=1\" alt=\"\" width=\"300\" height=\"192\" srcset=\"https:\/\/i0.wp.com\/www.manquepierda.com\/historiarealbetis\/files\/2011\/06\/Alineaci%C3%B3n-Sevilla-Betis-Liga-1943-NMP-Marca-19-1-1943.jpg?resize=300%2C192&amp;ssl=1 300w, https:\/\/i0.wp.com\/www.manquepierda.com\/historiarealbetis\/files\/2011\/06\/Alineaci%C3%B3n-Sevilla-Betis-Liga-1943-NMP-Marca-19-1-1943.jpg?w=350&amp;ssl=1 350w\" sizes=\"auto, (max-width: 300px) 100vw, 300px\" \/><\/a><figcaption id=\"caption-attachment-11814\" class=\"wp-caption-text\">Enero de 1943:  El Betis en Nervi\u00f3n <\/figcaption><\/figure>\n<p>&nbsp;<\/p>\n<p><span style=\"text-decoration: underline\">Temporada 1958-59<\/span><\/p>\n<p>Betis Clasificado 6\u00a0 Entrenador: Antonio Barrios<\/p>\n<p>Sevilla Clasificado 12 \u00a0 Entrenador: Janos Kalmar<\/p>\n<p>21 de Septiembre de 1958\u00a0 en el S\u00e1nchez Pizju\u00e1n\u00a0 Sevilla 2 Betis 4<\/p>\n<p>11 de Enero de 1959\u00a0\u00a0 en Heli\u00f3polis\u00a0 Betis 2 Sevilla 0<\/p>\n<figure id=\"attachment_11816\" aria-describedby=\"caption-attachment-11816\" style=\"width: 300px\" class=\"wp-caption aligncenter\"><a href=\"https:\/\/i0.wp.com\/www.manquepierda.com\/historiarealbetis\/files\/2011\/06\/Alineaci%C3%B3n-Sevilla-Betis-Liga-1958.jpg?ssl=1\"><img data-recalc-dims=\"1\" loading=\"lazy\" decoding=\"async\" class=\"size-medium wp-image-11816\" src=\"https:\/\/i0.wp.com\/www.manquepierda.com\/historiarealbetis\/files\/2011\/06\/Alineaci%C3%B3n-Sevilla-Betis-Liga-1958.jpg?resize=300%2C204&#038;ssl=1\" alt=\"\" width=\"300\" height=\"204\" srcset=\"https:\/\/i0.wp.com\/www.manquepierda.com\/historiarealbetis\/files\/2011\/06\/Alineaci%C3%B3n-Sevilla-Betis-Liga-1958.jpg?resize=300%2C204&amp;ssl=1 300w, https:\/\/i0.wp.com\/www.manquepierda.com\/historiarealbetis\/files\/2011\/06\/Alineaci%C3%B3n-Sevilla-Betis-Liga-1958.jpg?resize=1024%2C697&amp;ssl=1 1024w, https:\/\/i0.wp.com\/www.manquepierda.com\/historiarealbetis\/files\/2011\/06\/Alineaci%C3%B3n-Sevilla-Betis-Liga-1958.jpg?w=1295&amp;ssl=1 1295w\" sizes=\"auto, (max-width: 300px) 100vw, 300px\" \/><\/a><figcaption id=\"caption-attachment-11816\" class=\"wp-caption-text\">Septiembre de 1958: El Betis en el S\u00e1nchez Pizju\u00e1n<\/figcaption><\/figure>\n<p><span style=\"text-decoration: underline\">Temporada 1967-68<\/span><\/p>\n<p>Betis Clasificado 15\u00a0 Entrenador: C\u00e9sar Rodr\u00edguez, sustituido por Sabino Barinaga<\/p>\n<p>Sevilla Clasificado 16\u00a0 Entrenador: Antonio Barrios, sustituido por Juan Arza<\/p>\n<p>26 de Noviembre de 1967\u00a0 en el S\u00e1nchez Pizju\u00e1n\u00a0 Sevilla 2\u00a0 Betis 3<\/p>\n<p>17 de Marzo de 1968\u00a0\u00a0 en el Benito Villamar\u00edn\u00a0 Betis 0 Sevilla 0<\/p>\n<p>&nbsp;<\/p>\n<figure id=\"attachment_11820\" aria-describedby=\"caption-attachment-11820\" style=\"width: 300px\" class=\"wp-caption aligncenter\"><a href=\"https:\/\/i0.wp.com\/www.manquepierda.com\/historiarealbetis\/files\/2011\/06\/Alineaci%C3%B3n-Sevilla-Betis-Liga-1967.jpg?ssl=1\"><img data-recalc-dims=\"1\" loading=\"lazy\" decoding=\"async\" class=\"size-medium wp-image-11820\" src=\"https:\/\/i0.wp.com\/www.manquepierda.com\/historiarealbetis\/files\/2011\/06\/Alineaci%C3%B3n-Sevilla-Betis-Liga-1967.jpg?resize=300%2C267&#038;ssl=1\" alt=\"\" width=\"300\" height=\"267\" srcset=\"https:\/\/i0.wp.com\/www.manquepierda.com\/historiarealbetis\/files\/2011\/06\/Alineaci%C3%B3n-Sevilla-Betis-Liga-1967.jpg?resize=300%2C267&amp;ssl=1 300w, https:\/\/i0.wp.com\/www.manquepierda.com\/historiarealbetis\/files\/2011\/06\/Alineaci%C3%B3n-Sevilla-Betis-Liga-1967.jpg?w=533&amp;ssl=1 533w\" sizes=\"auto, (max-width: 300px) 100vw, 300px\" \/><\/a><figcaption id=\"caption-attachment-11820\" class=\"wp-caption-text\">Noviembre de 1967: El Betis en Nervi\u00f3n<\/figcaption><\/figure>\n<p>&nbsp;<\/p>\n<p><span style=\"text-decoration: underline\">Temporada 1971-72<\/span><\/p>\n<p>Betis Clasificado 13\u00a0 Entrenador: Antonio Barrios, sustituido por Ferenc Szusza<\/p>\n<p>Sevilla\u00a0 Clasificado 16\u00a0 Entrenador: Dan Georgiadis, sustituido por Vic Buckingham<\/p>\n<p>14 de Noviembre de 1971\u00a0 en el S\u00e1nchez Pizju\u00e1n\u00a0 Sevilla 3\u00a0 Betis 1<\/p>\n<p>19 de Marzo de 1972\u00a0\u00a0 en el Benito Villamar\u00edn\u00a0 Betis 1 Sevilla 1<\/p>\n<p>&nbsp;<\/p>\n<figure id=\"attachment_11826\" aria-describedby=\"caption-attachment-11826\" style=\"width: 300px\" class=\"wp-caption aligncenter\"><a href=\"https:\/\/i0.wp.com\/www.manquepierda.com\/historiarealbetis\/files\/2011\/06\/Alineaci%C3%B3n-Sevilla-Betis-Noviembre-1971.jpg?ssl=1\"><img data-recalc-dims=\"1\" loading=\"lazy\" decoding=\"async\" class=\"size-medium wp-image-11826\" src=\"https:\/\/i0.wp.com\/www.manquepierda.com\/historiarealbetis\/files\/2011\/06\/Alineaci%C3%B3n-Sevilla-Betis-Noviembre-1971.jpg?resize=300%2C252&#038;ssl=1\" alt=\"\" width=\"300\" height=\"252\" srcset=\"https:\/\/i0.wp.com\/www.manquepierda.com\/historiarealbetis\/files\/2011\/06\/Alineaci%C3%B3n-Sevilla-Betis-Noviembre-1971.jpg?resize=300%2C252&amp;ssl=1 300w, https:\/\/i0.wp.com\/www.manquepierda.com\/historiarealbetis\/files\/2011\/06\/Alineaci%C3%B3n-Sevilla-Betis-Noviembre-1971.jpg?w=452&amp;ssl=1 452w\" sizes=\"auto, (max-width: 300px) 100vw, 300px\" \/><\/a><figcaption id=\"caption-attachment-11826\" class=\"wp-caption-text\">Noviembre de 1971: El Betis en el S\u00e1nchez Pizju\u00e1n<\/figcaption><\/figure>\n<p>&nbsp;<\/p>\n<p><span style=\"text-decoration: underline\">Temporada 1974-75<\/span><\/p>\n<p>No hay comparativa, pues el Sevilla estaba en Segunda Divisi\u00f3n.<\/p>\n<p>&nbsp;<\/p>\n<figure id=\"attachment_11834\" aria-describedby=\"caption-attachment-11834\" style=\"width: 300px\" class=\"wp-caption aligncenter\"><a href=\"https:\/\/i0.wp.com\/www.manquepierda.com\/historiarealbetis\/files\/2011\/06\/Betis-1973-74.jpg?ssl=1\"><img data-recalc-dims=\"1\" loading=\"lazy\" decoding=\"async\" class=\"size-medium wp-image-11834\" src=\"https:\/\/i0.wp.com\/www.manquepierda.com\/historiarealbetis\/files\/2011\/06\/Betis-1973-74.jpg?resize=300%2C179&#038;ssl=1\" alt=\"\" width=\"300\" height=\"179\" srcset=\"https:\/\/i0.wp.com\/www.manquepierda.com\/historiarealbetis\/files\/2011\/06\/Betis-1973-74.jpg?resize=300%2C179&amp;ssl=1 300w, https:\/\/i0.wp.com\/www.manquepierda.com\/historiarealbetis\/files\/2011\/06\/Betis-1973-74.jpg?w=937&amp;ssl=1 937w\" sizes=\"auto, (max-width: 300px) 100vw, 300px\" \/><\/a><figcaption id=\"caption-attachment-11834\" class=\"wp-caption-text\">Temporada 1973-74: El Betis que ascendi\u00f3 como campe\u00f3n<\/figcaption><\/figure>\n<p>&nbsp;<\/p>\n<p><span style=\"text-decoration: underline\">Temporada 1979-80<\/span><\/p>\n<p>Betis\u00a0 Clasificado 5\u00a0 Entrenador: Le\u00f3n Lasa, sustituido por Luis Carriega<\/p>\n<p>Sevilla Clasificado 8\u00a0 Entrenador: Miguel Mu\u00f1oz<\/p>\n<p>16 de Diciembre de 1979\u00a0\u00a0 en el S\u00e1nchez Pizju\u00e1n\u00a0 Sevilla 2\u00a0 Betis 1<\/p>\n<p>20 de Abril de 1980 \u00a0 en el Benito Villamar\u00edn\u00a0 Betis 4\u00a0 Sevilla 0<\/p>\n<figure id=\"attachment_11817\" aria-describedby=\"caption-attachment-11817\" style=\"width: 300px\" class=\"wp-caption aligncenter\"><a href=\"https:\/\/i0.wp.com\/www.manquepierda.com\/historiarealbetis\/files\/2011\/06\/Marcador-Villamar%C3%ADn-Betis-Sevilla-1980.jpg?ssl=1\"><img data-recalc-dims=\"1\" loading=\"lazy\" decoding=\"async\" class=\"size-medium wp-image-11817\" src=\"https:\/\/i0.wp.com\/www.manquepierda.com\/historiarealbetis\/files\/2011\/06\/Marcador-Villamar%C3%ADn-Betis-Sevilla-1980.jpg?resize=300%2C208&#038;ssl=1\" alt=\"\" width=\"300\" height=\"208\" srcset=\"https:\/\/i0.wp.com\/www.manquepierda.com\/historiarealbetis\/files\/2011\/06\/Marcador-Villamar%C3%ADn-Betis-Sevilla-1980.jpg?resize=300%2C208&amp;ssl=1 300w, https:\/\/i0.wp.com\/www.manquepierda.com\/historiarealbetis\/files\/2011\/06\/Marcador-Villamar%C3%ADn-Betis-Sevilla-1980.jpg?w=975&amp;ssl=1 975w\" sizes=\"auto, (max-width: 300px) 100vw, 300px\" \/><\/a><figcaption id=\"caption-attachment-11817\" class=\"wp-caption-text\">Abril de 1980: Marcador del Benito Villamar\u00edn<\/figcaption><\/figure>\n<p><span style=\"text-decoration: underline\">Temporada 1990-91<\/span><\/p>\n<p>Sevilla Clasificado 8\u00a0 Entrenador: Vicente Cantatore<\/p>\n<p>Betis\u00a0 Clasificado 20\u00a0 Entrenador: Julio Carde\u00f1osa, sustituido por Jos\u00e9 Luis Romero y Jos\u00e9 Ram\u00f3n Esnaola<\/p>\n<p>30 de Septiembre de 1990\u00a0 en el Benito Villamar\u00edn Betis 0 Sevilla 3<\/p>\n<p>2 de Marzo de 1991\u00a0\u00a0 en el S\u00e1nchez Pizju\u00e1n Sevilla 3 Betis 2<\/p>\n<p>&nbsp;<\/p>\n<figure id=\"attachment_11828\" aria-describedby=\"caption-attachment-11828\" style=\"width: 262px\" class=\"wp-caption aligncenter\"><a href=\"https:\/\/i0.wp.com\/www.manquepierda.com\/historiarealbetis\/files\/2011\/06\/Sevilla-Betis-Marzo-1991.jpg?ssl=1\"><img data-recalc-dims=\"1\" loading=\"lazy\" decoding=\"async\" class=\"size-medium wp-image-11828\" src=\"https:\/\/i0.wp.com\/www.manquepierda.com\/historiarealbetis\/files\/2011\/06\/Sevilla-Betis-Marzo-1991.jpg?resize=262%2C300&#038;ssl=1\" alt=\"\" width=\"262\" height=\"300\" srcset=\"https:\/\/i0.wp.com\/www.manquepierda.com\/historiarealbetis\/files\/2011\/06\/Sevilla-Betis-Marzo-1991.jpg?resize=262%2C300&amp;ssl=1 262w, https:\/\/i0.wp.com\/www.manquepierda.com\/historiarealbetis\/files\/2011\/06\/Sevilla-Betis-Marzo-1991.jpg?w=362&amp;ssl=1 362w\" sizes=\"auto, (max-width: 262px) 100vw, 262px\" \/><\/a><figcaption id=\"caption-attachment-11828\" class=\"wp-caption-text\">Marzo de 1991: Gol de Perdomo en el S\u00e1nchez Pizju\u00e1n<\/figcaption><\/figure>\n<p>&nbsp;<\/p>\n<p><span style=\"text-decoration: underline\">Temporada 1994-95<\/span><\/p>\n<p>Betis\u00a0 Clasificado 3\u00a0 Entrenador: Lorenzo Serra<\/p>\n<p>Sevilla\u00a0 Clasificado 5\u00a0 Entrenador: Luis Aragon\u00e9s<\/p>\n<p>22 de Enero de 1994\u00a0\u00a0\u00a0 en el S\u00e1nchez Pizju\u00e1n\u00a0 Sevilla 0\u00a0 Betis 1<\/p>\n<p>11 de Junio de 1995\u00a0\u00a0\u00a0 en el Benito Villamar\u00edn\u00a0 Betis 2 Sevilla 1<\/p>\n<figure id=\"attachment_11818\" aria-describedby=\"caption-attachment-11818\" style=\"width: 300px\" class=\"wp-caption aligncenter\"><a href=\"https:\/\/i0.wp.com\/www.manquepierda.com\/historiarealbetis\/files\/2011\/06\/Alineaci%C3%B3n-Betis-Sevilla-Liga-1995.jpg?ssl=1\"><img data-recalc-dims=\"1\" loading=\"lazy\" decoding=\"async\" class=\"size-medium wp-image-11818\" src=\"https:\/\/i0.wp.com\/www.manquepierda.com\/historiarealbetis\/files\/2011\/06\/Alineaci%C3%B3n-Betis-Sevilla-Liga-1995.jpg?resize=300%2C175&#038;ssl=1\" alt=\"\" width=\"300\" height=\"175\" srcset=\"https:\/\/i0.wp.com\/www.manquepierda.com\/historiarealbetis\/files\/2011\/06\/Alineaci%C3%B3n-Betis-Sevilla-Liga-1995.jpg?resize=300%2C175&amp;ssl=1 300w, https:\/\/i0.wp.com\/www.manquepierda.com\/historiarealbetis\/files\/2011\/06\/Alineaci%C3%B3n-Betis-Sevilla-Liga-1995.jpg?resize=1024%2C599&amp;ssl=1 1024w, https:\/\/i0.wp.com\/www.manquepierda.com\/historiarealbetis\/files\/2011\/06\/Alineaci%C3%B3n-Betis-Sevilla-Liga-1995.jpg?w=1644&amp;ssl=1 1644w\" sizes=\"auto, (max-width: 300px) 100vw, 300px\" \/><\/a><figcaption id=\"caption-attachment-11818\" class=\"wp-caption-text\">Junio de 1995: Alineaci\u00f3n del Betis<\/figcaption><\/figure>\n<p><span style=\"text-decoration: underline\">Temporada 2001-02<\/span><\/p>\n<p>Betis Clasificado 6\u00a0 Entrenador: Juande Ramos<\/p>\n<p>Sevilla\u00a0 Clasificado 8\u00a0 Entrenador: Joaqu\u00edn Caparr\u00f3s<\/p>\n<p>10 de Noviembre de 2001\u00a0\u00a0 en el S\u00e1nchez Pizju\u00e1n Sevilla 0 Betis 0<\/p>\n<p>23 de marzo de 2002\u00a0\u00a0 en el Ruiz de Lopera\u00a0 Betis 0\u00a0 Sevilla 0<\/p>\n<figure id=\"attachment_11832\" aria-describedby=\"caption-attachment-11832\" style=\"width: 300px\" class=\"wp-caption aligncenter\"><a href=\"https:\/\/i0.wp.com\/www.manquepierda.com\/historiarealbetis\/files\/2011\/06\/Sevilla-Betis-Noviembre-2001.jpg?ssl=1\"><img data-recalc-dims=\"1\" loading=\"lazy\" decoding=\"async\" class=\"size-medium wp-image-11832\" src=\"https:\/\/i0.wp.com\/www.manquepierda.com\/historiarealbetis\/files\/2011\/06\/Sevilla-Betis-Noviembre-2001.jpg?resize=300%2C194&#038;ssl=1\" alt=\"\" width=\"300\" height=\"194\" srcset=\"https:\/\/i0.wp.com\/www.manquepierda.com\/historiarealbetis\/files\/2011\/06\/Sevilla-Betis-Noviembre-2001.jpg?resize=300%2C194&amp;ssl=1 300w, https:\/\/i0.wp.com\/www.manquepierda.com\/historiarealbetis\/files\/2011\/06\/Sevilla-Betis-Noviembre-2001.jpg?w=529&amp;ssl=1 529w\" sizes=\"auto, (max-width: 300px) 100vw, 300px\" \/><\/a><figcaption id=\"caption-attachment-11832\" class=\"wp-caption-text\">Noviembre de 2001: Capi en el S\u00e1nchez Pizju\u00e1n<\/figcaption><\/figure>\n<p>El balance hist\u00f3rico de estas 8 temporadas es ampliamente favorable al Betis, pues en 6 temporadas super\u00f3 a su rival, mientras que \u00e9ste s\u00f3lo se impuso en 2.<\/p>\n<p>Ya sabemos que estos an\u00e1lisis hist\u00f3ricos sirven de poco a la hora de afrontar realmente una planificaci\u00f3n deportiva,\u00a0 pero los datos hist\u00f3ricos est\u00e1n ah\u00ed, aunque no tienen porqu\u00e9 repetirse. \u00bf O s\u00ed?<\/p>\n","protected":false},"excerpt":{"rendered":"<p>&nbsp; &nbsp; A ra\u00edz de unas recientes declaraciones de Marcelino Garc\u00eda, futuro t\u00e9cnico del Sevilla FC, en las que depreciaba el papel a realizar en la pr\u00f3xima campa\u00f1a por el Betis en relaci\u00f3n a su equipo, he le\u00eddo diversos an\u00e1lisis en los que se comparaba el papel de uno y otro equipo, centrados en las&#8230;<\/p>\n","protected":false},"author":5,"featured_media":11843,"comment_status":"open","ping_status":"open","sticky":false,"template":"","format":"standard","meta":{"_kad_post_transparent":"","_kad_post_title":"","_kad_post_layout":"","_kad_post_sidebar_id":"","_kad_post_content_style":"","_kad_post_vertical_padding":"","_kad_post_feature":"","_kad_post_feature_position":"","_kad_post_header":false,"_kad_post_footer":false,"_kad_post_classname":"","_jetpack_memberships_contains_paid_content":false,"footnotes":"","jetpack_publicize_message":"","jetpack_publicize_feature_enabled":true,"jetpack_social_post_already_shared":false,"jetpack_social_options":{"image_generator_settings":{"template":"highway","default_image_id":0,"font":"","enabled":false},"version":2}},"categories":[906],"tags":[916],"class_list":["post-11810","post","type-post","status-publish","format-standard","has-post-thumbnail","hentry","category-investigacion-temas","tag-sevilla-fc"],"jetpack_publicize_connections":[],"jetpack_featured_media_url":"https:\/\/i0.wp.com\/www.manquepierda.com\/historiarealbetis\/files\/2011\/06\/Un-poquito-de-Historia-para-el-se%C3%B1or-Garc%C3%ADa-1-NMP-As-Color-28-3-19722.jpg?fit=948%2C402&ssl=1","jetpack_sharing_enabled":true,"jetpack_shortlink":"https:\/\/wp.me\/p1ij08-34u","jetpack-related-posts":[],"_links":{"self":[{"href":"https:\/\/www.manquepierda.com\/historiarealbetis\/wp-json\/wp\/v2\/posts\/11810","targetHints":{"allow":["GET"]}}],"collection":[{"href":"https:\/\/www.manquepierda.com\/historiarealbetis\/wp-json\/wp\/v2\/posts"}],"about":[{"href":"https:\/\/www.manquepierda.com\/historiarealbetis\/wp-json\/wp\/v2\/types\/post"}],"author":[{"embeddable":true,"href":"https:\/\/www.manquepierda.com\/historiarealbetis\/wp-json\/wp\/v2\/users\/5"}],"replies":[{"embeddable":true,"href":"https:\/\/www.manquepierda.com\/historiarealbetis\/wp-json\/wp\/v2\/comments?post=11810"}],"version-history":[{"count":0,"href":"https:\/\/www.manquepierda.com\/historiarealbetis\/wp-json\/wp\/v2\/posts\/11810\/revisions"}],"wp:featuredmedia":[{"embeddable":true,"href":"https:\/\/www.manquepierda.com\/historiarealbetis\/wp-json\/wp\/v2\/media\/11843"}],"wp:attachment":[{"href":"https:\/\/www.manquepierda.com\/historiarealbetis\/wp-json\/wp\/v2\/media?parent=11810"}],"wp:term":[{"taxonomy":"category","embeddable":true,"href":"https:\/\/www.manquepierda.com\/historiarealbetis\/wp-json\/wp\/v2\/categories?post=11810"},{"taxonomy":"post_tag","embeddable":true,"href":"https:\/\/www.manquepierda.com\/historiarealbetis\/wp-json\/wp\/v2\/tags?post=11810"}],"curies":[{"name":"wp","href":"https:\/\/api.w.org\/{rel}","templated":true}]}}