{"id":11879,"date":"2011-06-18T21:13:45","date_gmt":"2011-06-18T20:13:45","guid":{"rendered":"http:\/\/www.manquepierda.com\/historiarealbetis\/?p=11879"},"modified":"2024-09-10T22:54:25","modified_gmt":"2024-09-10T20:54:25","slug":"breve-historial-del-betis-por-j-hermosa","status":"publish","type":"post","link":"https:\/\/www.manquepierda.com\/historiarealbetis\/breve-historial-del-betis-por-j-hermosa\/","title":{"rendered":"\u00abBreve Historial del Betis\u00bb por J. Hermosa"},"content":{"rendered":"<p><strong><em>\u00abAll\u00e1 por 1906 varios j\u00f3venes sevillanos daban puntapi\u00e9s a un bal\u00f3n, siguiendo las simplistas normas que pudieron deducir de una colecci\u00f3n de tarjetas postales que el padre de uno de ellos le hab\u00eda enviado desde Francia.<\/em><\/strong><\/p>\n<p><strong><em>En seguida tomaron nombre, y como ya exist\u00eda, desde el a\u00f1o anterior, el Sevilla F. C., se titul\u00f3 SEVILLA BALOMPI\u00c9.<\/em><\/strong><\/p>\n<p><strong><em>Trasladaron su campo del \u00abTiro de L\u00ednea\u00bb al \u00abPrado de San Sebasti\u00e1n\u00bb, donde ya el Sevilla usutructuaba una parcela.<\/em><\/strong><\/p>\n<p><strong><em>Los nombres de aquellos fundadores, que durante un decenio trabajaron por la novel Sociedad, son a vuela pluma:<\/em><\/strong><\/p>\n<p><strong><em>CASTILLO, MORUG\u00c1N, PUIG, COMPANY, A\u00d1INO, dos hermanos WESOLOUSKI, y tres hermanos HERMOSA.<br \/>\n<\/em><\/strong><\/p>\n<p><strong><em>Estas dos familias deportivas y Enrique A\u00d1INO Ilzarbe de Andueza contin\u00faan al presente influyendo en el actual campe\u00f3n.<\/em><\/strong><\/p>\n<p><strong><em>El Sevilla F. C. era mucho enemigo para el reci\u00e9n nacido BALOMPI\u00c9.<\/em><\/strong><\/p>\n<p><strong><em>El coco de ambos equipos se llamaba Recreativo de Huelva, que descargaba un chaparr\u00f3n de \u00abgoals\u00bb en cada actuaci\u00f3n.<\/em><\/strong><\/p>\n<p><strong><em>Desde el primer d\u00eda el Sevilla y el Balompi\u00e9 fueron enemigos \u00edntegros.<\/em><\/strong><\/p>\n<p><strong><em>Este \u00faltimo, hacia 1910, se fusion\u00f3 con el Betis F. C, y en su equipo qued\u00f3 muy reforzado con GUTI\u00c9RREZ, HENKE y NAVARRO, primer obrero que jug\u00f3 al f\u00fatbol en Andaluc\u00eda.<\/em><\/strong><\/p>\n<p><strong><em>A partir de entonces, los partidos, por la ya casi igualdad de fuerzas, tomaron caracteres de batallas.<\/em><\/strong><\/p>\n<p><strong><em>El BALOMPI\u00c9, nombre por el que hasta hace un trienio se ha denominado en Sevilla a tal equipo, pon\u00eda en la lucha el mismo ardor que hoy le ha llevado a la victoria.<\/em><\/strong><\/p>\n<p><strong><em>No fue sino en 1913 cuando obtuvo su primer triunfo.<\/em><\/strong><\/p>\n<p><strong><em>Poco dur\u00f3 el dulzor, porque en a\u00f1os sucesivos se repitieron las derrotas, y con ello un decaimiento general, que a poco da al traste con todo lo organizado.<\/em><\/strong><\/p>\n<p><strong><em>Un ingl\u00e9s simp\u00e1tico y activo, que lleg\u00f3 a ser m\u00e1s sevillano que Ant\u00fanez, M. F. JONES, reedific\u00f3 sobre las ru\u00ednas y consigui\u00f3 que de nuevo el BALOMPI\u00c9 fuera primera figura entre el Sevilla, el Recreativo y el Espa\u00f1ol de C\u00e1diz, su v\u00edctima m\u00e1s propicia.<\/em><\/strong><\/p>\n<p><strong><em>JONES march\u00f3 a la guerra y no volvi\u00f3, pero su obra qued\u00f3 firme, sobre todo por la rotunda victoria de cinco a cero conseguida sobre el Sevilla FC en Campeonato hacia el a\u00f1o 1917 \u00f3 1918.<\/em><\/strong><\/p>\n<p><strong><em>Poco despu\u00e9s el Recreativo embarcaba de los dos equipos sevillanos todos los \u00abgoals\u00bb que antes hab\u00edan dejado ellos.<\/em><\/strong><\/p>\n<p><strong><em>Desde entonces el t\u00edtulo de campe\u00f3n qued\u00f3 siempre al Sevilla F. C.,&nbsp; pero menos veces en poder del BALOMPI\u00c9.<\/em><\/strong><\/p>\n<p><strong><em>Aqu\u00e9l hab\u00eda incorporado a Kink\u00e9, firme puntal de su once, y a quien tan err\u00f3neamente una cr\u00edtica poco enterada ha hecho creador de una escuela en la que \u00e9l no hizo sino adaptarse.<\/em><\/strong><\/p>\n<p><strong><em>La vida del BETIS&#8211;le llamaremos as\u00ed siguiendo la corriente nacional&#8211;durante los \u00faltimos diez a\u00f1os es bien conocida de la afici\u00f3n.<\/em><\/strong><\/p>\n<p><strong><em>\u00a1\u00a1 Veintinueve temporadas para llegar al t\u00edtulo \u00a1\u00a1<\/em><\/strong><\/p>\n<p><strong><em>He aqu\u00ed un claro ejemplo de constancia, trabajos y disgustos. Pero todo bien empleado al pisar la meta. Ahora, alegr\u00eda y chatos.<\/em><\/strong><\/p>\n<p><strong><em>Un recuerdo emocionado a aquellos queridos compa\u00f1eros que con sus doce y trece a\u00f1os pate\u00e1bamos un bal\u00f3n en el \u00abTiro de L\u00ednea\u00bb.<\/em><\/strong><\/p>\n<p><strong><em>\u00a1\u00a1 Qu\u00e9 d\u00edas aquellos \u00a1\u00a1 \u00bfRecord\u00e1is? Pon\u00edamos los cimientos de todo un Campe\u00f3n de Espa\u00f1a.<\/em><\/strong><\/p>\n<p><strong><em>Ahora no nos queda m\u00e1s que aplaudir a los once muchachos que han llevado el nombre por nosotros creado al primer puesto de honor en la vida deportiva nacional\u00bb.<\/em><\/strong><\/p>\n<p style=\"text-align: center\"><a href=\"https:\/\/i0.wp.com\/www.manquepierda.com\/historiarealbetis\/files\/2011\/06\/JHG.jpg?ssl=1\"><img data-recalc-dims=\"1\" loading=\"lazy\" decoding=\"async\" class=\"aligncenter size-full wp-image-19413\" src=\"https:\/\/i0.wp.com\/www.manquepierda.com\/historiarealbetis\/files\/2011\/06\/JHG.jpg?resize=400%2C400&#038;ssl=1\" alt=\"\" width=\"400\" height=\"400\" srcset=\"https:\/\/i0.wp.com\/www.manquepierda.com\/historiarealbetis\/files\/2011\/06\/JHG.jpg?w=400&amp;ssl=1 400w, https:\/\/i0.wp.com\/www.manquepierda.com\/historiarealbetis\/files\/2011\/06\/JHG.jpg?resize=150%2C150&amp;ssl=1 150w, https:\/\/i0.wp.com\/www.manquepierda.com\/historiarealbetis\/files\/2011\/06\/JHG.jpg?resize=300%2C300&amp;ssl=1 300w, https:\/\/i0.wp.com\/www.manquepierda.com\/historiarealbetis\/files\/2011\/06\/JHG.jpg?resize=50%2C50&amp;ssl=1 50w\" sizes=\"auto, (max-width: 400px) 100vw, 400px\" \/><\/a><strong><em>Jos\u00e9 Hermosa Guti\u00e9rrez.-D. E. P.<\/em><\/strong><\/p>\n<p style=\"text-align: center\"><strong><em>Mi\u00e9rcoles 17 de Abril de 1895.<\/em><\/strong><\/p>\n<p style=\"text-align: center\"><strong><em>Madrid-Cuartel de la Monta\u00f1a-lunes 20 de Julio de 1936.<\/em><\/strong><\/p>\n<p style=\"text-align: left\"><strong><em>Militar formado en la Escuela Central de Educaci\u00f3n F\u00edsica de Toledo, ten\u00eda la graduaci\u00f3n de Capit\u00e1n.<\/em><\/strong><\/p>\n<p style=\"text-align: left\"><strong><em>Octavo Presidente de la Real Federaci\u00f3n Espa\u00f1ola de Atletismo (s\u00e1bado 02-03-1935 \u00e1 lunes 20-07-1936).<br \/>\n<\/em><\/strong><\/p>\n<p>\u00abEl Siglo Futuro\u00bb, Madrid, martes 30-Abril-1935.<strong><em><br \/>\n<\/em><\/strong><\/p>\n","protected":false},"excerpt":{"rendered":"<p>\u00abAll\u00e1 por 1906 varios j\u00f3venes sevillanos daban puntapi\u00e9s a un bal\u00f3n, siguiendo las simplistas normas que pudieron deducir de una colecci\u00f3n de tarjetas postales que el padre de uno de ellos le hab\u00eda enviado desde Francia. En seguida tomaron nombre, y como ya exist\u00eda, desde el a\u00f1o anterior, el Sevilla F. C., se titul\u00f3 SEVILLA&#8230;<\/p>\n","protected":false},"author":48,"featured_media":19413,"comment_status":"open","ping_status":"open","sticky":false,"template":"","format":"standard","meta":{"_kad_post_transparent":"","_kad_post_title":"","_kad_post_layout":"","_kad_post_sidebar_id":"","_kad_post_content_style":"","_kad_post_vertical_padding":"","_kad_post_feature":"","_kad_post_feature_position":"","_kad_post_header":false,"_kad_post_footer":false,"_kad_post_classname":"","_jetpack_memberships_contains_paid_content":false,"footnotes":"","jetpack_publicize_message":"","jetpack_publicize_feature_enabled":true,"jetpack_social_post_already_shared":false,"jetpack_social_options":{"image_generator_settings":{"template":"highway","default_image_id":0,"font":"","enabled":false},"version":2}},"categories":[899,1],"tags":[2427,2054,2434],"class_list":["post-11879","post","type-post","status-publish","format-standard","has-post-thumbnail","hentry","category-1930-1939","category-portada","tag-2427","tag-jose-hermosa-gutierrez","tag-sociedad-sevilla-balompie"],"jetpack_publicize_connections":[],"jetpack_featured_media_url":"https:\/\/i0.wp.com\/www.manquepierda.com\/historiarealbetis\/files\/2011\/06\/JHG.jpg?fit=400%2C400&ssl=1","jetpack_sharing_enabled":true,"jetpack_shortlink":"https:\/\/wp.me\/p1ij08-35B","jetpack-related-posts":[],"_links":{"self":[{"href":"https:\/\/www.manquepierda.com\/historiarealbetis\/wp-json\/wp\/v2\/posts\/11879","targetHints":{"allow":["GET"]}}],"collection":[{"href":"https:\/\/www.manquepierda.com\/historiarealbetis\/wp-json\/wp\/v2\/posts"}],"about":[{"href":"https:\/\/www.manquepierda.com\/historiarealbetis\/wp-json\/wp\/v2\/types\/post"}],"author":[{"embeddable":true,"href":"https:\/\/www.manquepierda.com\/historiarealbetis\/wp-json\/wp\/v2\/users\/48"}],"replies":[{"embeddable":true,"href":"https:\/\/www.manquepierda.com\/historiarealbetis\/wp-json\/wp\/v2\/comments?post=11879"}],"version-history":[{"count":1,"href":"https:\/\/www.manquepierda.com\/historiarealbetis\/wp-json\/wp\/v2\/posts\/11879\/revisions"}],"predecessor-version":[{"id":91380,"href":"https:\/\/www.manquepierda.com\/historiarealbetis\/wp-json\/wp\/v2\/posts\/11879\/revisions\/91380"}],"wp:featuredmedia":[{"embeddable":true,"href":"https:\/\/www.manquepierda.com\/historiarealbetis\/wp-json\/wp\/v2\/media\/19413"}],"wp:attachment":[{"href":"https:\/\/www.manquepierda.com\/historiarealbetis\/wp-json\/wp\/v2\/media?parent=11879"}],"wp:term":[{"taxonomy":"category","embeddable":true,"href":"https:\/\/www.manquepierda.com\/historiarealbetis\/wp-json\/wp\/v2\/categories?post=11879"},{"taxonomy":"post_tag","embeddable":true,"href":"https:\/\/www.manquepierda.com\/historiarealbetis\/wp-json\/wp\/v2\/tags?post=11879"}],"curies":[{"name":"wp","href":"https:\/\/api.w.org\/{rel}","templated":true}]}}