{"id":11998,"date":"2011-06-26T06:58:55","date_gmt":"2011-06-26T05:58:55","guid":{"rendered":"http:\/\/www.manquepierda.com\/historiarealbetis\/?p=11998"},"modified":"2024-08-11T13:12:43","modified_gmt":"2024-08-11T11:12:43","slug":"athletic-aviacion-betis-liga-1939","status":"publish","type":"post","link":"https:\/\/www.manquepierda.com\/historiarealbetis\/athletic-aviacion-betis-liga-1939\/","title":{"rendered":"Athletic Aviaci\u00f3n-Betis Liga 1939"},"content":{"rendered":"<figure id=\"attachment_11999\" aria-describedby=\"caption-attachment-11999\" style=\"width: 558px\" class=\"wp-caption aligncenter\"><a href=\"https:\/\/i0.wp.com\/www.manquepierda.com\/historiarealbetis\/files\/2011\/06\/Ath.Aviaci%C3%B3n-Betis-1939-2.jpg?ssl=1\"><img data-recalc-dims=\"1\" loading=\"lazy\" decoding=\"async\" class=\"size-full wp-image-11999\" src=\"https:\/\/i0.wp.com\/www.manquepierda.com\/historiarealbetis\/files\/2011\/06\/Ath.Aviaci%C3%B3n-Betis-1939-2.jpg?resize=558%2C862&#038;ssl=1\" alt=\"\" width=\"558\" height=\"862\" srcset=\"https:\/\/i0.wp.com\/www.manquepierda.com\/historiarealbetis\/files\/2011\/06\/Ath.Aviaci%C3%B3n-Betis-1939-2.jpg?w=558&amp;ssl=1 558w, https:\/\/i0.wp.com\/www.manquepierda.com\/historiarealbetis\/files\/2011\/06\/Ath.Aviaci%C3%B3n-Betis-1939-2.jpg?resize=194%2C300&amp;ssl=1 194w\" sizes=\"auto, (max-width: 558px) 100vw, 558px\" \/><\/a><figcaption id=\"caption-attachment-11999\" class=\"wp-caption-text\">Fuente: Marca 12 de Diciembre de 1939<\/figcaption><\/figure>\n<p>&nbsp;<\/p>\n<p>&nbsp;<\/p>\n<p>10 de Diciembre de 1939 en Chamart\u00edn\u00a0 Athletic Aviaci\u00f3n 0\u00a0 Betis 0;\u00a0 jornada 2 del Campeonato de Liga de Primera Divisi\u00f3n.<\/p>\n<p>De sorprendente podemos calificar el resultado de este partido, pues el Betis consigui\u00f3 empatar en el campo atl\u00e9tico. El equipo rojiblanco\u00a0 ser\u00eda al final del torneo el campe\u00f3n, mientras que el Betis descendi\u00f3 a Segunda Divisi\u00f3n.<\/p>\n<p>El partido se disputa en Chamart\u00edn, el campo del Madrid, que es donde el Athletic Aviaci\u00f3n disputa la temporada, y como curiosidad se pueden apreciar los grandes letreros de exaltaci\u00f3n a Franco.<\/p>\n<p>&nbsp;<\/p>\n<figure id=\"attachment_12000\" aria-describedby=\"caption-attachment-12000\" style=\"width: 396px\" class=\"wp-caption aligncenter\"><a href=\"https:\/\/i0.wp.com\/www.manquepierda.com\/historiarealbetis\/files\/2011\/06\/Ath.Aviaci%C3%B3n-Betis-1939.jpg?ssl=1\"><img data-recalc-dims=\"1\" loading=\"lazy\" decoding=\"async\" class=\"size-full wp-image-12000\" src=\"https:\/\/i0.wp.com\/www.manquepierda.com\/historiarealbetis\/files\/2011\/06\/Ath.Aviaci%C3%B3n-Betis-1939.jpg?resize=396%2C228&#038;ssl=1\" alt=\"\" width=\"396\" height=\"228\" srcset=\"https:\/\/i0.wp.com\/www.manquepierda.com\/historiarealbetis\/files\/2011\/06\/Ath.Aviaci%C3%B3n-Betis-1939.jpg?w=396&amp;ssl=1 396w, https:\/\/i0.wp.com\/www.manquepierda.com\/historiarealbetis\/files\/2011\/06\/Ath.Aviaci%C3%B3n-Betis-1939.jpg?resize=300%2C172&amp;ssl=1 300w\" sizes=\"auto, (max-width: 396px) 100vw, 396px\" \/><\/a><figcaption id=\"caption-attachment-12000\" class=\"wp-caption-text\">Fuente: Marca 12 de Diciembre de 1939<\/figcaption><\/figure>\n<p>Una jugada de peligro ante la porter\u00eda b\u00e9tica. El portero b\u00e9tico es Su\u00e1rez, en el suelo Telech\u00eda y al fondo Peral.<\/p>\n<p>Ricardo Zamora entrenaba al Athletic Aviaci\u00f3n y Andr\u00e9s Aranda al Betis.<\/p>\n<p>&nbsp;<\/p>\n<p>&nbsp;<\/p>\n","protected":false},"excerpt":{"rendered":"<p>&nbsp; &nbsp; 10 de Diciembre de 1939 en Chamart\u00edn\u00a0 Athletic Aviaci\u00f3n 0\u00a0 Betis 0;\u00a0 jornada 2 del Campeonato de Liga de Primera Divisi\u00f3n. De sorprendente podemos calificar el resultado de este partido, pues el Betis consigui\u00f3 empatar en el campo atl\u00e9tico. El equipo rojiblanco\u00a0 ser\u00eda al final del torneo el campe\u00f3n, mientras que el Betis&#8230;<\/p>\n","protected":false},"author":5,"featured_media":11999,"comment_status":"open","ping_status":"open","sticky":false,"template":"","format":"standard","meta":{"_kad_post_transparent":"","_kad_post_title":"","_kad_post_layout":"","_kad_post_sidebar_id":"","_kad_post_content_style":"","_kad_post_vertical_padding":"","_kad_post_feature":"","_kad_post_feature_position":"","_kad_post_header":false,"_kad_post_footer":false,"_kad_post_classname":"","_jetpack_memberships_contains_paid_content":false,"footnotes":"","jetpack_publicize_message":"","jetpack_publicize_feature_enabled":true,"jetpack_social_post_already_shared":false,"jetpack_social_options":{"image_generator_settings":{"template":"highway","default_image_id":0,"font":"","enabled":false},"version":2}},"categories":[899,1],"tags":[47,2476,1527,914,1295,13849,1528,17867],"class_list":["post-11998","post","type-post","status-publish","format-standard","has-post-thumbnail","hentry","category-1930-1939","category-portada","tag-47","tag-1939-40","tag-antonio-telechia","tag-atletico-aviacion","tag-chamartin","tag-club-atletico-de-madrid","tag-francisco-suarez","tag-liga-primera-1939-40"],"jetpack_publicize_connections":[],"jetpack_featured_media_url":"https:\/\/i0.wp.com\/www.manquepierda.com\/historiarealbetis\/files\/2011\/06\/Ath.Aviaci%C3%B3n-Betis-1939-2.jpg?fit=558%2C862&ssl=1","jetpack_sharing_enabled":true,"jetpack_shortlink":"https:\/\/wp.me\/p1ij08-37w","jetpack-related-posts":[],"_links":{"self":[{"href":"https:\/\/www.manquepierda.com\/historiarealbetis\/wp-json\/wp\/v2\/posts\/11998","targetHints":{"allow":["GET"]}}],"collection":[{"href":"https:\/\/www.manquepierda.com\/historiarealbetis\/wp-json\/wp\/v2\/posts"}],"about":[{"href":"https:\/\/www.manquepierda.com\/historiarealbetis\/wp-json\/wp\/v2\/types\/post"}],"author":[{"embeddable":true,"href":"https:\/\/www.manquepierda.com\/historiarealbetis\/wp-json\/wp\/v2\/users\/5"}],"replies":[{"embeddable":true,"href":"https:\/\/www.manquepierda.com\/historiarealbetis\/wp-json\/wp\/v2\/comments?post=11998"}],"version-history":[{"count":1,"href":"https:\/\/www.manquepierda.com\/historiarealbetis\/wp-json\/wp\/v2\/posts\/11998\/revisions"}],"predecessor-version":[{"id":96097,"href":"https:\/\/www.manquepierda.com\/historiarealbetis\/wp-json\/wp\/v2\/posts\/11998\/revisions\/96097"}],"wp:featuredmedia":[{"embeddable":true,"href":"https:\/\/www.manquepierda.com\/historiarealbetis\/wp-json\/wp\/v2\/media\/11999"}],"wp:attachment":[{"href":"https:\/\/www.manquepierda.com\/historiarealbetis\/wp-json\/wp\/v2\/media?parent=11998"}],"wp:term":[{"taxonomy":"category","embeddable":true,"href":"https:\/\/www.manquepierda.com\/historiarealbetis\/wp-json\/wp\/v2\/categories?post=11998"},{"taxonomy":"post_tag","embeddable":true,"href":"https:\/\/www.manquepierda.com\/historiarealbetis\/wp-json\/wp\/v2\/tags?post=11998"}],"curies":[{"name":"wp","href":"https:\/\/api.w.org\/{rel}","templated":true}]}}